{"id":31872,"date":"2021-03-16T22:43:00","date_gmt":"2021-03-16T22:43:00","guid":{"rendered":"http:\/\/patrocinados.estadao.com.br\/medialab\/agenciacomunicacao\/prnewswire\/prnewsinternacional\/pr-newswire-internacional-sabesp-fato-relevante-prorrogacao-da-suspensao-de-cortes-e-renegociacao-de-dividas\/"},"modified":"2021-03-16T22:43:00","modified_gmt":"2021-03-16T22:43:00","slug":"pr-newswire-internacional-sabesp-fato-relevante-prorrogacao-da-suspensao-de-cortes-e-renegociacao-de-dividas","status":"publish","type":"post","link":"https:\/\/bluestudio.estadao.com.br\/agencia-de-comunicacao\/prnewswire\/prnewsinternacional\/pr-newswire-internacional-sabesp-fato-relevante-prorrogacao-da-suspensao-de-cortes-e-renegociacao-de-dividas\/","title":{"rendered":"PR NEWSWIRE &#8211; INTERNACIONAL :: Sabesp &#8211; Fato Relevante: Prorroga\u00e7\u00e3o da Suspens\u00e3o de Cortes e Renegocia\u00e7\u00e3o de Dividas"},"content":{"rendered":"<div class=\"xn-newslines\">\n<h1 class=\"xn-hedline\">Sabesp &#8211; Fato Relevante: Prorroga\u00e7\u00e3o da Suspens\u00e3o de Cortes e Renegocia\u00e7\u00e3o de Dividas<\/h1>\n<p class=\"xn-distributor\">PR Newswire<\/p>\n<p class=\"xn-dateline\">S\u00c3O PAULO, 16 de mar\u00e7o de 2021<\/p>\n<\/div>\n<div class=\"xn-content\">\nS\u00c3O PAULO, 16 de mar\u00e7o de 2021 \/PRNewswire\/ &#8212;\u00a0A Companhia de Saneamento B\u00e1sico do Estado de S\u00e3o Paulo ? Sabesp (&#8220;Companhia&#8221; ou &#8220;Sabesp&#8221;), em atendimento ao disposto no artigo 157, \u00a74\u00ba da Lei n\u00ba 6.404\/76 e \u00e0s disposi\u00e7\u00f5es da Instru\u00e7\u00e3o CVM n\u00ba 358\/02, em continuidade ao Fato Relevante de 03 de fevereiro de 2021, informa aos seus acionistas e ao mercado em geral que hoje, a Diretoria Colegiada prorrogou, de 31 de mar\u00e7o para 30 de abril de 2021, as medidas para minimiza\u00e7\u00e3o dos impactos econ\u00f4micos da pandemia em estabelecimentos comerciais e de servi\u00e7os, conforme segue:<\/p>\n<p id=\"indentid\" class=\"prnml40\">i)\u00a0 Suspender cortes e renegociar d\u00e9bitos de clientes comerciais e de servi\u00e7os dos <br \/>\u00a0\u00a0\u00a0 munic\u00edpios operados que estejam nas fases laranja e vermelha do Plano S\u00e3o <br \/>\u00a0\u00a0\u00a0 Paulo\/Covid-19;<\/p>\n<p id=\"indentid\" class=\"prnml40\">ii)\u00a0 O per\u00edodo de vig\u00eancia ser\u00e1? at\u00e9 o final de abril de 2021; <\/p>\n<p id=\"indentid\" class=\"prnml40\">iii)\u00a0Os d\u00e9bitos existentes, incluindo os acordos firmados durante o per\u00edodo da pandemia, <br \/>\u00a0\u00a0\u00a0\u00a0 ser\u00e3o renegociados sem aplica\u00e7\u00e3o de multa e juros, apenas corre\u00e7\u00e3o monet\u00e1ria <br \/>\u00a0\u00a0\u00a0\u00a0 conforme pol\u00edtica e procedimento da Companhia; <\/p>\n<p id=\"indentid\" class=\"prnml40\">iv)\u00a0O prazo para parcelamento ser\u00e1? de 12 meses, a partir da repactua\u00e7\u00e3o dos saldos em\u00a0<br \/>\u00a0\u00a0\u00a0\u00a0\u00a0aberto; <\/p>\n<p id=\"indentid\" class=\"prnml40\">v)\u00a0\u00a0N\u00e3o haver\u00e1 nenhuma a\u00e7\u00e3o de negativa\u00e7\u00e3o por d\u00e9bitos at\u00e9 o final de abril\/2021; e<\/p>\n<p id=\"indentid\" class=\"prnml40\">vi)\u00a0Os estabelecimentos que eventualmente tenham sido negativados durante a pandemia <br \/>\u00a0\u00a0\u00a0\u00a0 ter\u00e3o os efeitos suspensos imediatamente ap\u00f3s a repactua\u00e7\u00e3o dos d\u00e9bitos com a <br \/>\u00a0\u00a0\u00a0\u00a0 Sabesp. <\/p>\n<p>A Companhia manter\u00e1 o mercado informado a respeito de quaisquer desdobramentos do assunto objeto deste Fato Relevante.<\/p>\n<p>Contatos de RI: <br \/><span class=\"xn-person\">Mario Arruda Sampaio<\/span> ? (55 11) 3388-8664 (<a target=\"_blank\" href=\"mailto:maasampaio@sabesp.com.br\" rel=\"noopener\">maasampaio@sabesp.com.br<\/a>) <br \/><span class=\"xn-person\">Angela Beatriz Airoldi<\/span> ? (55 11) 3388-8793 (<a target=\"_blank\" href=\"mailto:abairoldi@sabesp.com.br\" rel=\"noopener\">abairoldi@sabesp.com.br<\/a>) <\/p>\n<p>FONTE  Sabesp<\/p>\n<\/div>\n<p><img decoding=\"async\" alt=\"\" src=\"https:\/\/rt.prnewswire.com\/rt.gif?NewsItemId=PT12395&amp;Transmission_Id=202103162137PR_NEWS_LATAM____PT12395&amp;DateId=20210316\" \/><\/p>\n<p>PR NEWSWIRE<\/p>\n","protected":false},"excerpt":{"rendered":"Sabesp &#8211; Fato Relevante: Prorroga\u00e7\u00e3o da Suspens\u00e3o de Cortes e Renegocia\u00e7\u00e3o de Dividas PR Newswire S\u00c3O PAULO, 16 de mar\u00e7o de 2021 S\u00c3O PAULO, 16 de mar\u00e7o de 2021 \/PRNewswire\/ &#8212;\u00a0A","protected":false},"author":1,"featured_media":31873,"comment_status":"closed","ping_status":"closed","sticky":false,"template":"","format":"standard","meta":{"_acf_changed":false,"inline_featured_image":false,"_monsterinsights_skip_tracking":false,"_monsterinsights_sitenote_active":false,"_monsterinsights_sitenote_note":"","_monsterinsights_sitenote_category":0,"footnotes":""},"categories":[31],"tags":[],"class_list":["post-31872","post","type-post","status-publish","format-standard","has-post-thumbnail","hentry","category-prnewsinternacional"],"acf":[],"_links":{"self":[{"href":"https:\/\/bluestudio.estadao.com.br\/agencia-de-comunicacao\/wp-json\/wp\/v2\/posts\/31872","targetHints":{"allow":["GET"]}}],"collection":[{"href":"https:\/\/bluestudio.estadao.com.br\/agencia-de-comunicacao\/wp-json\/wp\/v2\/posts"}],"about":[{"href":"https:\/\/bluestudio.estadao.com.br\/agencia-de-comunicacao\/wp-json\/wp\/v2\/types\/post"}],"author":[{"embeddable":true,"href":"https:\/\/bluestudio.estadao.com.br\/agencia-de-comunicacao\/wp-json\/wp\/v2\/users\/1"}],"replies":[{"embeddable":true,"href":"https:\/\/bluestudio.estadao.com.br\/agencia-de-comunicacao\/wp-json\/wp\/v2\/comments?post=31872"}],"version-history":[{"count":0,"href":"https:\/\/bluestudio.estadao.com.br\/agencia-de-comunicacao\/wp-json\/wp\/v2\/posts\/31872\/revisions"}],"wp:featuredmedia":[{"embeddable":true,"href":"https:\/\/bluestudio.estadao.com.br\/agencia-de-comunicacao\/wp-json\/"}],"wp:attachment":[{"href":"https:\/\/bluestudio.estadao.com.br\/agencia-de-comunicacao\/wp-json\/wp\/v2\/media?parent=31872"}],"wp:term":[{"taxonomy":"category","embeddable":true,"href":"https:\/\/bluestudio.estadao.com.br\/agencia-de-comunicacao\/wp-json\/wp\/v2\/categories?post=31872"},{"taxonomy":"post_tag","embeddable":true,"href":"https:\/\/bluestudio.estadao.com.br\/agencia-de-comunicacao\/wp-json\/wp\/v2\/tags?post=31872"}],"curies":[{"name":"wp","href":"https:\/\/api.w.org\/{rel}","templated":true}]}}