{"id":31803,"date":"2021-03-16T10:58:00","date_gmt":"2021-03-16T10:58:00","guid":{"rendered":"http:\/\/patrocinados.estadao.com.br\/medialab\/agenciacomunicacao\/prnewswire\/prnewsinternacional\/pr-newswire-internacional-ibm-expande-presenca-em-nuvem-para-ajudar-empresas-brasileiras-a-acelerar-sua-jornada-na-nuvem-hibrida\/"},"modified":"2021-03-16T10:58:00","modified_gmt":"2021-03-16T10:58:00","slug":"pr-newswire-internacional-ibm-expande-presenca-em-nuvem-para-ajudar-empresas-brasileiras-a-acelerar-sua-jornada-na-nuvem-hibrida","status":"publish","type":"post","link":"https:\/\/bluestudio.estadao.com.br\/agencia-de-comunicacao\/prnewswire\/prnewsinternacional\/pr-newswire-internacional-ibm-expande-presenca-em-nuvem-para-ajudar-empresas-brasileiras-a-acelerar-sua-jornada-na-nuvem-hibrida\/","title":{"rendered":"PR NEWSWIRE &#8211; INTERNACIONAL :: IBM expande presen\u00e7a em nuvem para ajudar empresas brasileiras a acelerar sua jornada na nuvem h\u00edbrida"},"content":{"rendered":"<div class=\"xn-newslines\">\n<h1 class=\"xn-hedline\">IBM expande presen\u00e7a em nuvem para ajudar empresas brasileiras a acelerar sua jornada na nuvem h\u00edbrida<\/h1>\n<p class=\"xn-distributor\">PR Newswire<\/p>\n<p class=\"xn-dateline\">S\u00c3O PAULO, 16 de mar\u00e7o de 2021<\/p>\n<\/div>\n<div class=\"xn-content\">\n<i>Companhia triplica localidades de data center de IBM Cloud no Brasil e expande a presen\u00e7a global de computa\u00e7\u00e3o em nuvem<\/i><\/p>\n<p><i>Clientes como Arezzo&amp;Co, Stone e Digisystem est\u00e3o utilizando as capacidades de IBM Cloud para liderar em suas ind\u00fastrias<\/i><\/p>\n<p>S\u00c3O PAULO, 16 de mar\u00e7o de 2021 \/PRNewswire\/ &#8212;<b>\u00a0<\/b>A IBM (<a target=\"_blank\" href=\"https:\/\/c212.net\/c\/link\/?t=0&amp;l=pt&amp;o=3098648-1&amp;h=1220183265&amp;u=https%3A%2F%2Furldefense.com%2Fv3%2F__https%3A%2Fwww.ibm.com%2Finvestor__%3B!!N96JrnIq8IfO5w!wuxVGNhwMQ0fmoYyc88Pdy9fPaQF_RbiZUNilUjEvHmkelou5jZV6YIgKqlxDloPQzLY%24&amp;a=NYSE%3A+IBM\" rel=\"noopener\">NYSE: IBM<\/a>) anunciou hoje o in\u00edcio das opera\u00e7\u00f5es de sua primeira IBM Cloud Multizone Region (MZR) na Am\u00e9rica Latina, uma importante expans\u00e3o da presen\u00e7a global de computa\u00e7\u00e3o em nuvem da companhia. Constru\u00edda a partir do data center existente no Brasil, a Multizone Region \u00e9 resultado do investimento cont\u00ednuo da IBM para apoiar a ado\u00e7\u00e3o de nuvem h\u00edbrida e ajudar a promover o crescimento dos neg\u00f3cios na regi\u00e3o, \u00e0 medida que empresas de todos os setores aceleram seus planos de transforma\u00e7\u00e3o digital em resposta \u00e0 pandemia da COVID-19. O rec\u00e9m-inaugurado complexo de data centers no Brasil marca o compromisso de longa data da IBM em ajudar os clientes da regi\u00e3o a implementar, com seguran\u00e7a, cargas de trabalho de miss\u00e3o cr\u00edtica com altos n\u00edveis de resili\u00eancia em ambientes de nuvem h\u00edbrida.\u00a0<\/p>\n<div id=\"prni_dvprnejpgf79cleft\"><img decoding=\"async\" alt=\"IBM Corporation logo.\" src=\"https:\/\/mma.prnewswire.com\/media\/95470\/ibm_logo.jpg\" \/><\/div>\n<p><b>Gerenciando cargas de trabalho de miss\u00e3o cr\u00edtica com alta seguran\u00e7a e resili\u00eancia\u00a0<br \/><\/b>A rede de\u00a0<a target=\"_blank\" href=\"https:\/\/c212.net\/c\/link\/?t=0&amp;l=pt&amp;o=3098648-1&amp;h=2145339404&amp;u=https%3A%2F%2Furldefense.com%2Fv3%2F__https%3A%2Fwww.ibm.com%2Fbr-pt%2Fcloud__%3B!!N96JrnIq8IfO5w!wuxVGNhwMQ0fmoYyc88Pdy9fPaQF_RbiZUNilUjEvHmkelou5jZV6YIgKqlxDgI83kSj%24&amp;a=IBM+Cloud%C2%A0\" rel=\"noopener\">IBM Cloud\u00a0<\/a>\u00e9 projetada para oferecer baixa lat\u00eancia e alta seguran\u00e7a, ao mesmo tempo em que ajuda os clientes a atender aos requisitos de soberania e conformidade de dados &#8211; o que \u00e9 especialmente importante para organiza\u00e7\u00f5es em setores regulados, como\u00a0<a target=\"_blank\" href=\"https:\/\/c212.net\/c\/link\/?t=0&amp;l=pt&amp;o=3098648-1&amp;h=1126955193&amp;u=https%3A%2F%2Furldefense.com%2Fv3%2F__https%3A%2Fnewsroom.ibm.com%2F2020-07-22-IBM-and-Bank-of-America-Advance-IBM-Cloud-for-Financial-Services-BNP-Paribas-Joins-as-Anchor-Client-in-Europe__%3B!!N96JrnIq8IfO5w!wuxVGNhwMQ0fmoYyc88Pdy9fPaQF_RbiZUNilUjEvHmkelou5jZV6YIgKqlxDiTNcTJi%24&amp;a=servi%C3%A7os+financeiros\" rel=\"noopener\">servi\u00e7os financeiros<\/a>, governo e\u00a0<a target=\"_blank\" href=\"https:\/\/c212.net\/c\/link\/?t=0&amp;l=pt&amp;o=3098648-1&amp;h=1529184347&amp;u=https%3A%2F%2Furldefense.com%2Fv3%2F__https%3A%2Fnewsroom.ibm.com%2FIntroducing-IBM-Cloud-for-Telecommunications-with-35-Partners-Committed-to-Join-IBMs-Ecosystem-and-Help-Drive-Business-Transformation__%3B!!N96JrnIq8IfO5w!wuxVGNhwMQ0fmoYyc88Pdy9fPaQF_RbiZUNilUjEvHmkelou5jZV6YIgKqlxDlYRTqQ9%24&amp;a=telecomunica%C3%A7%C3%B5es\" rel=\"noopener\">telecomunica\u00e7\u00f5es<\/a>, entre outros. Ao hospedar cargas de trabalho em IBM Cloud &#8211; a nuvem p\u00fablica mais segura e aberta do mercado para neg\u00f3cios &#8211; os clientes tamb\u00e9m poder\u00e3o usar recursos, entregues com IBM Hyper Protect Crypto Services e apoiados pelo mais alto n\u00edvel de certifica\u00e7\u00e3o de seguran\u00e7a dispon\u00edvel comercialmente. Isso permite que as empresas mantenham o controle de suas pr\u00f3prias chaves de criptografia, ou seja, os clientes s\u00e3o os \u00fanicos que podem controlar o acesso aos seus dados &#8211; nem mesmo a IBM pode acess\u00e1-los.\u00a0<\/p>\n<p>Embora as empresas tenham enfrentado desafios \u00fanicos durante a pandemia, a continuidade dos neg\u00f3cios nunca foi t\u00e3o importante. Ao conectar tr\u00eas zonas de disponibilidade remota &#8211; todas independentes umas das outras &#8211; os clientes que hospedam cargas de trabalho em IBM Cloud podem ter certeza de que quaisquer eventos de falha em potencial afetam apenas uma \u00fanica zona, o que significa que eles podem executar cargas de trabalho de miss\u00e3o cr\u00edtica continuamente em ambientes de nuvem h\u00edbrida e manter os neg\u00f3cios em funcionamento.\u00a0<\/p>\n<p>&#8220;Em um momento de transforma\u00e7\u00e3o dos neg\u00f3cios, especialmente nos processos operacionais e de relacionamento, a IBM investe em infraestrutura e servi\u00e7os em nuvem para apoiar nossos clientes e a sociedade na acelera\u00e7\u00e3o de sua jornada digital&#8221;, diz <span class=\"xn-person\">Katia Vaskys<\/span>, Gerente Geral da IBM Brasil. &#8220;Com orgulho expandimos nossos investimentos e presen\u00e7a no Brasil oferecendo altos n\u00edveis de confiabilidade, seguran\u00e7a e controle para criar novos modelos de neg\u00f3cio baseados em uso massivo de dados e intelig\u00eancia artificial, e apoiados em nuvem h\u00edbrida.&#8221;<\/p>\n<p>&#8220;A IDC espera que at\u00e9 2022, cerca de 40% do PIB latino-americano seja digital, gerando <span class=\"xn-money\">US$ 460<\/span> bilh\u00f5es em gastos com TI at\u00e9 2023. Os investimentos em tecnologia de nuvem devem ser um fator chave para este crescimento, com 35% dos gastos com TI relacionados a computa\u00e7\u00e3o em nuvem&#8221;, disse <span class=\"xn-person\">Alejandro Florean<\/span>, vice-presidente de consultoria da IDC Am\u00e9rica Latina. &#8220;A abertura da multizone region de IBM Cloud no Brasil \u00e9 importante, uma vez que as empresas est\u00e3o demonstrando um interesse maior em nuvem e isso pode ajudar as empresas latino-americanas a experimentar os benef\u00edcios de uma abordagem de nuvem h\u00edbrida e se diferenciar em seus setores.&#8221;\u00a0<\/p>\n<p>Nesta primeira fase, estar\u00e1 dispon\u00edvel um conjunto de solu\u00e7\u00f5es de infraestrutura como servi\u00e7os e de armazenamento, que ajudam a fornecer seguran\u00e7a e controle do tr\u00e1fego da rede, prote\u00e7\u00e3o de dados sens\u00edveis, sistemas de backup e recupera\u00e7\u00e3o. Ao longo de 2021, o cat\u00e1logo de IBM Cloud continuar\u00e1 a ser lan\u00e7ado, oferecendo op\u00e7\u00f5es de servi\u00e7os de plataforma para ajudar os clientes a implementar rapidamente arquitetura e aplica\u00e7\u00f5es de miss\u00e3o cr\u00edtica em ambientes de nuvem h\u00edbrida e capacidades de intelig\u00eancia artificial com IBM Watson, blockchain, IoT e analytics.\u00a0<\/p>\n<p><b>Acelerando a ado\u00e7\u00e3o de nuvem h\u00edbrida em diferentes setores\u00a0<br \/><\/b>A abordagem de nuvem h\u00edbrida tem ajudado companhias de diferentes ind\u00fastrias em todo o mundo a enfrentar os desafios do r\u00e1pido crescimento nas demandas de produtos e servi\u00e7os. As empresas brasileiras est\u00e3o cada vez mais recorrendo \u00e0 IBM Cloud devido aos seus recursos de seguran\u00e7a l\u00edderes de mercado:\u00a0<\/p>\n<ul>\n<li><a target=\"_blank\" href=\"https:\/\/c212.net\/c\/link\/?t=0&amp;l=pt&amp;o=3098648-1&amp;h=4220673272&amp;u=https%3A%2F%2Furldefense.com%2Fv3%2F__https%3A%2Fwww.ibm.com%2Fblogs%2Fibm-comunica%2Farezzo-ibm-cloud%2F__%3B!!N96JrnIq8IfO5w!wuxVGNhwMQ0fmoYyc88Pdy9fPaQF_RbiZUNilUjEvHmkelou5jZV6YIgKqlxDtjOIPQP%24&amp;a=A+\" rel=\"noopener\">A <\/a><b><a target=\"_blank\" href=\"https:\/\/c212.net\/c\/link\/?t=0&amp;l=pt&amp;o=3098648-1&amp;h=188460912&amp;u=https%3A%2F%2Furldefense.com%2Fv3%2F__https%3A%2Fwww.ibm.com%2Fblogs%2Fibm-comunica%2Farezzo-ibm-cloud%2F__%3B!!N96JrnIq8IfO5w!wuxVGNhwMQ0fmoYyc88Pdy9fPaQF_RbiZUNilUjEvHmkelou5jZV6YIgKqlxDtjOIPQP%24&amp;a=Arezzo%26Co\" rel=\"noopener\">Arezzo&amp;Co<\/a><\/b>, l\u00edder no segmento de cal\u00e7ados, bolsas e acess\u00f3rios femininos na Am\u00e9rica Latina, escolheu IBM Cloud para ajudar a oferecer uma experi\u00eancia de compra mais r\u00e1pida e segura em qualquer canal de vendas para seus quase 10 milh\u00f5es de clientes. Ao trabalhar com a IBM para adotar uma abordagem de nuvem h\u00edbrida e migrar aplica\u00e7\u00f5es de miss\u00e3o cr\u00edtica para IBM Cloud, a Arezzo&amp;Co conseguiu modernizar suas principais cargas de trabalho, incluindo processos de vendas e de controle de estoque. Como resultado, a empresa criou uma estrat\u00e9gia omnichannel mais \u00e1gil e flex\u00edvel, ao mesmo tempo em que priorizou a seguran\u00e7a para executar cargas de trabalho complexas e oferecer experi\u00eancias aprimoradas ao cliente. <\/li>\n<li>A <b>Stone<\/b>, uma fintech brasileira que oferece solu\u00e7\u00f5es financeiras para mais de 650 mil pequenos e m\u00e9dios empreendedores, firmou parceria com a IBM Cloud para mover parte de suas cargas de trabalho para a nuvem. Atuando no mercado local desde 2012, a Stone optou recentemente pela nuvem da IBM pela flexibilidade e seguran\u00e7a. <\/li>\n<li>A <b>Digisystem<\/b>, companhia brasileira com mais de 30 anos de experi\u00eancia em prover solu\u00e7\u00f5es que ajudam as empresas em sua jornada de transforma\u00e7\u00e3o digital, migrou diversas de suas solu\u00e7\u00f5es para IBM Cloud. Adotando uma abordagem de nuvem h\u00edbrida, a Digisystem ganhou mais performance, maior redund\u00e2ncia e flexibilidade nos sistemas operacionais e no tamanho dos servidores. Al\u00e9m disso, a migra\u00e7\u00e3o gerou uma redu\u00e7\u00e3o de custos de cerca de <span class=\"xn-money\">R$ 600 mil<\/span> reais por ano. A nova infraestrutura h\u00edbrida proporcionou \u00e0 equipe de TI mais autonomia e controle sobre os ambientes.<\/li>\n<\/ul>\n<p><b>Construindo um futuro sustent\u00e1vel para minimizar a pegada de carbono dos data centers<\/b><\/p>\n<p>Enquanto a IBM continua ajudando as empresas brasileiras a escalar seus neg\u00f3cios com uma abordagem de nuvem h\u00edbrida, ela tamb\u00e9m as ajuda a se preparar para um futuro sustent\u00e1vel. Com base em seu trabalho para enfrentar a crise clim\u00e1tica global, a IBM anunciou recentemente o seu compromisso de atingir zero emiss\u00f5es l\u00edquidas de gases de efeito estufa at\u00e9 2030. Utilizando uma combina\u00e7\u00e3o de intelig\u00eancia artificial, recursos de nuvem h\u00edbrida e computa\u00e7\u00e3o qu\u00e2ntica, os pesquisadores da IBM est\u00e3o trabalhando com clientes e parceiros para abordar quest\u00f5es complexas relacionadas ao clima, como a crescente pegada de carbono global de cargas de trabalho em nuvem e data centers. Isso \u00e9 importante para o meio ambiente e ajudar\u00e1 os clientes da IBM no pa\u00eds em suas pr\u00f3prias iniciativas de sustentabilidade, visto que muitas empresas em todo o mundo procuram reduzir suas emiss\u00f5es de carbono.\u00a0<\/p>\n<p>Para mais informa\u00e7\u00f5es, imagens e recursos da primeira IBM Cloud Multizone Region (MZR) na Am\u00e9rica Latina, acesse\u00a0<a target=\"_blank\" href=\"https:\/\/c212.net\/c\/link\/?t=0&amp;l=pt&amp;o=3098648-1&amp;h=894968907&amp;u=https%3A%2F%2Furldefense.com%2Fv3%2F__https%3A%2Fwww.ibm.com%2Fblogs%2Fibm-comunica%2Fcloud-mzr%2F__%3B!!N96JrnIq8IfO5w!wuxVGNhwMQ0fmoYyc88Pdy9fPaQF_RbiZUNilUjEvHmkelou5jZV6YIgKqlxDjROq6dl%24&amp;a=aqui\" rel=\"noopener\">aqui<\/a><\/p>\n<p><b>Sobre a IBM\u00a0<\/b><br \/>Para mais informa\u00e7\u00f5es sobre a IBM, visite<b>\u00a0<\/b><a target=\"_blank\" href=\"https:\/\/c212.net\/c\/link\/?t=0&amp;l=pt&amp;o=3098648-1&amp;h=2342240420&amp;u=https%3A%2F%2Fwww.ibm.com%2Fbr&amp;a=https%3A%2F%2Fwww.ibm.com%2Fbr\" rel=\"noopener\">https:\/\/www.ibm.com\/br<\/a> <br \/>No Twitter:\u00a0<a target=\"_blank\" href=\"https:\/\/c212.net\/c\/link\/?t=0&amp;l=pt&amp;o=3098648-1&amp;h=4108456503&amp;u=https%3A%2F%2Ftwitter.com%2Fibmbrasil&amp;a=https%3A%2F%2Ftwitter.com%2Fibmbrasil\" rel=\"noopener\">https:\/\/twitter.com\/ibmbrasil<\/a> \u00a0<br \/>No Facebook:\u00a0<a target=\"_blank\" href=\"https:\/\/c212.net\/c\/link\/?t=0&amp;l=pt&amp;o=3098648-1&amp;h=3993906954&amp;u=https%3A%2F%2Fwww.facebook.com%2FIBMBrasil&amp;a=https%3A%2F%2Fwww.facebook.com%2FIBMBrasil\" rel=\"noopener\">https:\/\/www.facebook.com\/IBMBrasil<\/a> <br \/>Acompanhe o IBM Comunica\u00a0<a target=\"_blank\" href=\"https:\/\/c212.net\/c\/link\/?t=0&amp;l=pt&amp;o=3098648-1&amp;h=3233893831&amp;u=https%3A%2F%2Fwww.ibm.com%2Fblogs%2Fibm-comunica&amp;a=https%3A%2F%2Fwww.ibm.com%2Fblogs%2Fibm-comunica\" rel=\"noopener\">https:\/\/www.ibm.com\/blogs\/ibm-comunica<\/a> <\/p>\n<p><b>IBM<\/b>\u00a0<br \/>Camila Perrud\u00a0<br \/>E-mail:\u00a0<a target=\"_blank\" href=\"mailto:cperrud@br.ibm.com\" rel=\"noopener\">cperrud@br.ibm.com<\/a> <\/p>\n<p><b>Assessoria de imprensa IBM\u00a0<\/b><br \/>Weber Shandwick<b>\u00a0<\/b><br \/>E-mail:\u00a0<a target=\"_blank\" href=\"mailto:ibmbrasil@webershandwick.com\" rel=\"noopener\">ibmbrasil@webershandwick.com<\/a> <\/p>\n<p>Logo &#8211; <a target=\"_blank\" href=\"https:\/\/c212.net\/c\/link\/?t=0&amp;l=pt&amp;o=3098648-1&amp;h=966168856&amp;u=https%3A%2F%2Fmma.prnewswire.com%2Fmedia%2F95470%2Fibm_logo.jpg&amp;a=https%3A%2F%2Fmma.prnewswire.com%2Fmedia%2F95470%2Fibm_logo.jpg\" rel=\"noopener\">https:\/\/mma.prnewswire.com\/media\/95470\/ibm_logo.jpg<\/a> <\/p>\n<p>FONTE  IBM<\/p>\n<\/div>\n<p><img decoding=\"async\" alt=\"\" src=\"https:\/\/rt.prnewswire.com\/rt.gif?NewsItemId=PT11330&amp;Transmission_Id=202103160947PR_NEWS_LATAM____PT11330&amp;DateId=20210316\" \/><\/p>\n<p>PR NEWSWIRE<\/p>\n","protected":false},"excerpt":{"rendered":"IBM expande presen\u00e7a em nuvem para ajudar empresas brasileiras a acelerar sua jornada na nuvem h\u00edbrida PR Newswire S\u00c3O PAULO, 16 de mar\u00e7o de 2021 Companhia triplica localidades de data center de","protected":false},"author":1,"featured_media":31804,"comment_status":"closed","ping_status":"closed","sticky":false,"template":"","format":"standard","meta":{"_acf_changed":false,"inline_featured_image":false,"_monsterinsights_skip_tracking":false,"_monsterinsights_sitenote_active":false,"_monsterinsights_sitenote_note":"","_monsterinsights_sitenote_category":0,"footnotes":""},"categories":[31],"tags":[],"class_list":["post-31803","post","type-post","status-publish","format-standard","has-post-thumbnail","hentry","category-prnewsinternacional"],"acf":[],"_links":{"self":[{"href":"https:\/\/bluestudio.estadao.com.br\/agencia-de-comunicacao\/wp-json\/wp\/v2\/posts\/31803","targetHints":{"allow":["GET"]}}],"collection":[{"href":"https:\/\/bluestudio.estadao.com.br\/agencia-de-comunicacao\/wp-json\/wp\/v2\/posts"}],"about":[{"href":"https:\/\/bluestudio.estadao.com.br\/agencia-de-comunicacao\/wp-json\/wp\/v2\/types\/post"}],"author":[{"embeddable":true,"href":"https:\/\/bluestudio.estadao.com.br\/agencia-de-comunicacao\/wp-json\/wp\/v2\/users\/1"}],"replies":[{"embeddable":true,"href":"https:\/\/bluestudio.estadao.com.br\/agencia-de-comunicacao\/wp-json\/wp\/v2\/comments?post=31803"}],"version-history":[{"count":0,"href":"https:\/\/bluestudio.estadao.com.br\/agencia-de-comunicacao\/wp-json\/wp\/v2\/posts\/31803\/revisions"}],"wp:featuredmedia":[{"embeddable":true,"href":"https:\/\/bluestudio.estadao.com.br\/agencia-de-comunicacao\/wp-json\/"}],"wp:attachment":[{"href":"https:\/\/bluestudio.estadao.com.br\/agencia-de-comunicacao\/wp-json\/wp\/v2\/media?parent=31803"}],"wp:term":[{"taxonomy":"category","embeddable":true,"href":"https:\/\/bluestudio.estadao.com.br\/agencia-de-comunicacao\/wp-json\/wp\/v2\/categories?post=31803"},{"taxonomy":"post_tag","embeddable":true,"href":"https:\/\/bluestudio.estadao.com.br\/agencia-de-comunicacao\/wp-json\/wp\/v2\/tags?post=31803"}],"curies":[{"name":"wp","href":"https:\/\/api.w.org\/{rel}","templated":true}]}}