{"id":31689,"date":"2021-03-15T10:57:00","date_gmt":"2021-03-15T10:57:00","guid":{"rendered":"http:\/\/patrocinados.estadao.com.br\/medialab\/agenciacomunicacao\/prnewswire\/prnewsinternacional\/pr-newswire-internacional-astrazeneca-a-importancia-de-manter-a-funcao-do-orgao\/"},"modified":"2021-03-15T10:57:00","modified_gmt":"2021-03-15T10:57:00","slug":"pr-newswire-internacional-astrazeneca-a-importancia-de-manter-a-funcao-do-orgao","status":"publish","type":"post","link":"https:\/\/bluestudio.estadao.com.br\/agencia-de-comunicacao\/prnewswire\/prnewsinternacional\/pr-newswire-internacional-astrazeneca-a-importancia-de-manter-a-funcao-do-orgao\/","title":{"rendered":"PR NEWSWIRE &#8211; INTERNACIONAL :: AstraZeneca: A import\u00e2ncia de manter a fun\u00e7\u00e3o do \u00f3rg\u00e3o"},"content":{"rendered":"<div class=\"xn-newslines\">\n<h1 class=\"xn-hedline\">AstraZeneca: A import\u00e2ncia de manter a fun\u00e7\u00e3o do \u00f3rg\u00e3o<\/h1>\n<h2 class=\"xn-hedline\">Doen\u00e7a renal cr\u00f4nica tem como fatores de risco comuns diabetes, obesidade e press\u00e3o alta, mas pode afetar pacientes com l\u00fapus e COVID-19<\/h2>\n<p class=\"xn-distributor\">PR Newswire<\/p>\n<p class=\"xn-dateline\">S\u00c3O PAULO, 15 de Mar\u00e7o de 2021<\/p>\n<\/div>\n<div class=\"xn-content\">\nS\u00c3O PAULO, 15 de Mar\u00e7o de 2021 \/PRNewswire\/ &#8212; Mar\u00e7o \u00e9 o m\u00eas do cuidado com a sa\u00fade dos rins. Comemorada este ano no dia 11 de mar\u00e7o, a data tem como objetivo conscientizar a sociedade sobre a import\u00e2ncia desse \u00f3rg\u00e3o vital, desde a preven\u00e7\u00e3o das doen\u00e7as renais at\u00e9 a participa\u00e7\u00e3o ativa no tratamento.<\/p>\n<p class=\"prntaj\">Receber um diagn\u00f3stico de doen\u00e7a renal pode representar um grande desafio na vida dos pacientes e das pessoas \u00e0 sua volta, ainda mais diante de um momento t\u00e3o delicado da sa\u00fade como o que enfrentamos com a pandemia da covid-19. Por isso, \u00e9 de extrema import\u00e2ncia relembrar constantemente a popula\u00e7\u00e3o sobre a necessidade do diagn\u00f3stico precoce, que se fortalece pelo rastreio com base nos fatores de risco.<\/p>\n<p class=\"prntaj\">Outro fator de risco importante, rec\u00e9m descoberto, \u00e9 a COVID-19. Segundo a Sociedade Brasileira de Nefrologia<sup>1<\/sup>, nos pacientes que tiveram complica\u00e7\u00f5es renais causadas pelo coronav\u00edrus e que sobreviveram \u00e0 doen\u00e7a, a taxa de recupera\u00e7\u00e3o da fun\u00e7\u00e3o renal estimada foi: entre 50% e 70% para 31,8% dos pacientes; entre 25% e 50% para 22,7% dos pacientes; e inferior a 25% para 27,3% dos pacientes. Esses casos ainda n\u00e3o t\u00eam confirma\u00e7\u00e3o para evolu\u00e7\u00e3o da doen\u00e7a renal cr\u00f4nica, mas pode ser um fator de risco importante.<\/p>\n<p class=\"prntaj\">Outras doen\u00e7as cr\u00f4nicas podem ser causadoras, como \u00e9 o caso do diabetes e da press\u00e3o alta. Segundo o dr. <span class=\"xn-person\">Eduardo Rocha<\/span>, Professor de Nefrologia da Faculdade de Medicina da UFRJ, os pacientes diab\u00e9ticos e com hipertens\u00e3o devem se manter atentos aos n\u00edveis de creatinina no sangue. &#8220;Os fatores de risco podem ser extraordin\u00e1rios como o l\u00fapus e a COVID-19, ou corriqueiros como o diabetes e a hipertens\u00e3o arterial.Por isso, \u00e9 importante que olhemos para o paciente de forma integral&#8221;.<\/p>\n<p class=\"prntaj\">&#8220;Outro ponto importante s\u00e3o as complica\u00e7\u00f5es relacionadas \u00e0 doen\u00e7a renal cr\u00f4nica, como o aumento do pot\u00e1ssio e a anemia. Sem falar, \u00e9 claro, dos tratamentos substitutivos, como a di\u00e1lise, que impactam de forma substancial a qualidade de vida do paciente e que, diante do cen\u00e1rio preocupante da pandemia, podem acabar sendo adiados ao m\u00e1ximo gra\u00e7as aos avan\u00e7os da ci\u00eancia&#8221;, explica o especialista.<\/p>\n<p class=\"prntaj\">Para levar informa\u00e7\u00e3o sobre as doen\u00e7as renais, pesquisa realizada pela Abril Intelig\u00eancia resultou em uma grande compreens\u00e3o acerca de como os brasileiros cuidam dos rins. &#8220;A pesquisa comprova que h\u00e1 um longo caminho de conscientiza\u00e7\u00e3o do brasileiro sobre a sa\u00fade de seus rins. Um dado de impacto \u00e9 que apenas 8% dos entrevistados j\u00e1 se consultaram com o nefrologista, o m\u00e9dico especialista em rins&#8221;, diz Eduardo.<\/p>\n<p class=\"prntaj\">Dentre os principais resultados est\u00e1 a falta conhecimento sobre os danos que o diabetes e a hipertens\u00e3o podem causar nos rins. Ambas n\u00e3o s\u00e3o consideradas graves por pelo menos 1\/3 dos entrevistados. Al\u00e9m disso, comprovou que o diagn\u00f3stico das doen\u00e7as renais acontece de forma tardia e que cerca 1\/3 dos pacientes entrevistados n\u00e3o consideram a doen\u00e7a controlada e o \u00edndice de interna\u00e7\u00f5es relacionadas ainda \u00e9 alto<sup>2<\/sup>.<\/p>\n<p class=\"prntaj\">Outro ponto importante destacado \u00e9 que quase metade dos pacientes sofre ou sofreu de anemia, refor\u00e7ando a import\u00e2ncia de investigar e tratar o quadro e, quando falamos de doen\u00e7as como a hiperpotassemia, apenas 31% dos entrevistados com doen\u00e7as renais dizem se tratar com medicamentos e 12% alega ter epis\u00f3dios da doen\u00e7a ao menos uma vez por m\u00eas\u00b2.<\/p>\n<p class=\"prntaj\">Os rins s\u00e3o \u00f3rg\u00e3os que desempenham um papel vital para o pleno funcionamento do organismo. Sua principal e mais conhecida fun\u00e7\u00e3o, \u00e9 a filtragem de subst\u00e2ncias t\u00f3xicas do corpo, por\u00e9m o \u00f3rg\u00e3o faz muito mais do que isso. Gra\u00e7as a ele, \u00e9 poss\u00edvel manter o equil\u00edbrio entre os minerais do organismo (como s\u00f3dio e pot\u00e1ssio), regular o pH do sangue, equilibrar o volume l\u00edquido do corpo e produzir horm\u00f4nios e subst\u00e2ncias ben\u00e9ficas para o organismo, como a vitamina D. <\/p>\n<p class=\"prntaj\">Apesar das m\u00faltiplas fun\u00e7\u00f5es e de sua import\u00e2ncia, a popula\u00e7\u00e3o brasileira n\u00e3o dedica aos rins o cuidado necess\u00e1rio para prevenir enfermidades graves. Isso implica em uma alta de doen\u00e7as importantes, como a insufici\u00eancia renal cr\u00f4nica, quadro em que a atividade do \u00f3rg\u00e3o deixa de existir, sendo necess\u00e1ria a substitui\u00e7\u00e3o via transplante ou di\u00e1lise. De acordo com a Sociedade Brasileira de Nefrologia (SBN), mais de 133 mil pacientes renais cr\u00f4nicos dependem da filtragem artificial do sangue, sendo que 108 mil destes t\u00eam o tratamento financiado \u00fanica e exclusivamente pelo SUS, por meio de uma rede de 770 cl\u00ednicas privadas credenciadas<sup>3<\/sup>.<\/p>\n<p class=\"prntaj\">Portanto, a orienta\u00e7\u00e3o para manter os rins saud\u00e1veis \u00e9, anualmente, realizar exames laboratoriais simples, como o a creatinina s\u00e9rica e urina ? no qual ser\u00e1 detectada se h\u00e1 presen\u00e7a de prote\u00ednas ? manter a press\u00e3o arterial em dia, controlar o diabetes, n\u00e3o fumar e evitar o consumo de \u00e1lcool, al\u00e9m de fortalecer cuidados com a alimenta\u00e7\u00e3o e realizar a pr\u00e1tica de atividades f\u00edsicas.<\/p>\n<p><b>AstraZeneca<\/b><\/p>\n<p class=\"prntaj\">A AstraZeneca \u00e9 uma empresa biofarmac\u00eautica global com foco na descoberta, desenvolvimento e comercializa\u00e7\u00e3o de medicamentos prescritos, principalmente para o tratamento de doen\u00e7as nas seguintes \u00e1reas terap\u00eauticas. S\u00e3o elas: Oncologia; Cardiovascular, Renal e Metab\u00f3lica; e Respirat\u00f3ria &amp; Imunologia. Com sede em Cambridge, Reino Unido, a AstraZeneca opera em mais de 100 pa\u00edses e seus medicamentos inovadores s\u00e3o usados por milh\u00f5es de pacientes em todo o mundo. Visite astrazeneca.com.br e siga a Empresa no Instagram @astrazenecabr.<\/p>\n<p class=\"prntaj\"><sup>1<\/sup>\u00a0<a target=\"_blank\" href=\"https:\/\/www.sbn.org.br\/fileadmin\/user_upload\/Noticias\/SBN_Informa_completo.pdf\" rel=\"noopener\">https:\/\/www.sbn.org.br\/fileadmin\/user_upload\/Noticias\/SBN_Informa_completo.pdf<\/a><\/p>\n<p><sup>2<\/sup>\u00a0Pesquisa &#8220;Como o Brasileiro Cuida do Rim&#8221; realizada pela Abril Intelig\u00eancia em 2020, sob patroc\u00ednio da AstraZeneca, Baxter e Bristol Myers-Squibb.<\/p>\n<p><sup>3<\/sup>\u00a0<a target=\"_blank\" href=\"https:\/\/www.anahp.com.br\/noticias\/noticias-do-mercado\/ministerio-da-saude-congela-tabela-do-sus-para-dialise\/#:~:text=O%20valor%20da%20sess%C3%A3o%20de,reajuste%20de%208%2C47%25\" rel=\"noopener\">https:\/\/www.anahp.com.br\/noticias\/noticias-do-mercado\/ministerio-da-saude-congela-tabela-do-sus-para-dialise\/#:~:text=O%20valor%20da%20sess%C3%A3o%20de,reajuste%20de%208%2C47%25<\/a>.<\/p>\n<p>FONTE  AstraZeneca Brasil<\/p>\n<\/div>\n<p><img decoding=\"async\" alt=\"\" src=\"https:\/\/rt.prnewswire.com\/rt.gif?NewsItemId=PT07516&amp;Transmission_Id=202103150942PR_NEWS_LATAM____PT07516&amp;DateId=20210315\" \/><\/p>\n<p>PR NEWSWIRE<\/p>\n","protected":false},"excerpt":{"rendered":"AstraZeneca: A import\u00e2ncia de manter a fun\u00e7\u00e3o do \u00f3rg\u00e3o Doen\u00e7a renal cr\u00f4nica tem como fatores de risco comuns diabetes, obesidade e press\u00e3o alta, mas pode afetar pacientes com l\u00fapus e COVID-19","protected":false},"author":1,"featured_media":31690,"comment_status":"closed","ping_status":"closed","sticky":false,"template":"","format":"standard","meta":{"_acf_changed":false,"inline_featured_image":false,"_monsterinsights_skip_tracking":false,"_monsterinsights_sitenote_active":false,"_monsterinsights_sitenote_note":"","_monsterinsights_sitenote_category":0,"footnotes":""},"categories":[31],"tags":[],"class_list":["post-31689","post","type-post","status-publish","format-standard","has-post-thumbnail","hentry","category-prnewsinternacional"],"acf":[],"_links":{"self":[{"href":"https:\/\/bluestudio.estadao.com.br\/agencia-de-comunicacao\/wp-json\/wp\/v2\/posts\/31689","targetHints":{"allow":["GET"]}}],"collection":[{"href":"https:\/\/bluestudio.estadao.com.br\/agencia-de-comunicacao\/wp-json\/wp\/v2\/posts"}],"about":[{"href":"https:\/\/bluestudio.estadao.com.br\/agencia-de-comunicacao\/wp-json\/wp\/v2\/types\/post"}],"author":[{"embeddable":true,"href":"https:\/\/bluestudio.estadao.com.br\/agencia-de-comunicacao\/wp-json\/wp\/v2\/users\/1"}],"replies":[{"embeddable":true,"href":"https:\/\/bluestudio.estadao.com.br\/agencia-de-comunicacao\/wp-json\/wp\/v2\/comments?post=31689"}],"version-history":[{"count":0,"href":"https:\/\/bluestudio.estadao.com.br\/agencia-de-comunicacao\/wp-json\/wp\/v2\/posts\/31689\/revisions"}],"wp:featuredmedia":[{"embeddable":true,"href":"https:\/\/bluestudio.estadao.com.br\/agencia-de-comunicacao\/wp-json\/"}],"wp:attachment":[{"href":"https:\/\/bluestudio.estadao.com.br\/agencia-de-comunicacao\/wp-json\/wp\/v2\/media?parent=31689"}],"wp:term":[{"taxonomy":"category","embeddable":true,"href":"https:\/\/bluestudio.estadao.com.br\/agencia-de-comunicacao\/wp-json\/wp\/v2\/categories?post=31689"},{"taxonomy":"post_tag","embeddable":true,"href":"https:\/\/bluestudio.estadao.com.br\/agencia-de-comunicacao\/wp-json\/wp\/v2\/tags?post=31689"}],"curies":[{"name":"wp","href":"https:\/\/api.w.org\/{rel}","templated":true}]}}