{"id":31342,"date":"2021-03-10T13:43:00","date_gmt":"2021-03-10T13:43:00","guid":{"rendered":"http:\/\/patrocinados.estadao.com.br\/medialab\/agenciacomunicacao\/prnewswire\/prnewsinternacional\/pr-newswire-internacional-chegou-no-brasil-a-primeira-agencia-de-noticias-voltada-para-o-terceiro-setor-por-ricardo-lastoria\/"},"modified":"2021-03-10T13:43:00","modified_gmt":"2021-03-10T13:43:00","slug":"pr-newswire-internacional-chegou-no-brasil-a-primeira-agencia-de-noticias-voltada-para-o-terceiro-setor-por-ricardo-lastoria","status":"publish","type":"post","link":"https:\/\/bluestudio.estadao.com.br\/agencia-de-comunicacao\/prnewswire\/prnewsinternacional\/pr-newswire-internacional-chegou-no-brasil-a-primeira-agencia-de-noticias-voltada-para-o-terceiro-setor-por-ricardo-lastoria\/","title":{"rendered":"PR NEWSWIRE &#8211; INTERNACIONAL :: Chegou no Brasil, a primeira ag\u00eancia de not\u00edcias voltada para o terceiro setor, por Ricardo Lastoria"},"content":{"rendered":"<div class=\"xn-newslines\">\n<h1 class=\"xn-hedline\">Chegou no Brasil, a primeira ag\u00eancia de not\u00edcias voltada para o terceiro setor, por Ricardo Lastoria<\/h1>\n<p class=\"xn-distributor\">PR Newswire<\/p>\n<p class=\"xn-dateline\">FLORIAN\u00d3POLIS, Brasil, 10 de mar\u00e7o de 2021<\/p>\n<\/div>\n<div class=\"xn-content\">\nFLORIAN\u00d3POLIS, <span class=\"xn-location\">Brasil<\/span>, 10 de mar\u00e7o de 2021 \/PRNewswire\/ &#8212; Um site de orienta\u00e7\u00e3o, informa\u00e7\u00e3o e intera\u00e7\u00e3o do Terceiro Setor, bem como um espa\u00e7o virtual e democr\u00e1tico tanto para aquelas entidades que querem divulgar suas a\u00e7\u00f5es quanto para conhecer as realiza\u00e7\u00f5es de outras institui\u00e7\u00f5es do <span class=\"xn-location\">Brasil<\/span> e do exterior.<\/p>\n<p>Prop\u00f3sito do primeiro site de not\u00edcias voltado ao Terceiro Setor ? a ANTS Ag\u00eancia de Not\u00edcias do Terceiro Setor. Um site de orienta\u00e7\u00e3o, informa\u00e7\u00e3o e intera\u00e7\u00e3o do Terceiro Setor, bem como um espa\u00e7o virtual e democr\u00e1tico tanto para aquelas entidades que querem divulgar suas a\u00e7\u00f5es quanto para conhecer as realiza\u00e7\u00f5es de outras institui\u00e7\u00f5es do <span class=\"xn-location\">Brasil<\/span> e do exterior.<\/p>\n<p>Um portal que busca estreitar as rela\u00e7\u00f5es para a promo\u00e7\u00e3o de parcerias que visem \u00e0 promo\u00e7\u00e3o do bem-estar social, desenvolvimento de pol\u00edticas p\u00fablicas, redu\u00e7\u00e3o das desigualdades sociais, gera\u00e7\u00e3o de emprego e renda, enfim a melhoria da qualidade de vida. Uma troca de conhecimentos e intera\u00e7\u00f5es entre organiza\u00e7\u00f5es n\u00e3o governamentais, volunt\u00e1rios e doadores de todo o mundo.<\/p>\n<p>Nossa ag\u00eancia de not\u00edcias traz informa\u00e7\u00f5es atualizadas sobre os produtos, servi\u00e7os e demais instrumentos que norteiam as atividades e o mercado do Terceiro Setor, as campanhas realizadas pelas entidades, empreendedorismo social, voluntariado, capta\u00e7\u00e3o de recursos e a agenda das principais atividades do Terceiro Setor.<\/p>\n<p>Uma forma r\u00e1pida e segura de se informar sobre tudo o que ocorre no Terceiro Setor no Pa\u00eds e mundo afora, com rapidez e pertin\u00eancia na sele\u00e7\u00e3o das not\u00edcias mais relevantes.<\/p>\n<p>\u00c9 um importante instrumento para todas as entidades sem fins lucrativos de dar visibilidade ao Terceiro Setor, compartilhando seu trabalho com outras ONGs e Oscips e, principalmente, com a sociedade civil a fim de provocar uma atua\u00e7\u00e3o consciente e respons\u00e1vel no mundo.<\/p>\n<p><b>ANTS \/ Ag\u00eancia de not\u00edcias do Terceiro Setor<br \/><a target=\"_blank\" href=\"http:\/\/www.ants.net.br\/\" rel=\"noopener\">http:\/\/www.ants.net.br<\/a><\/b><\/p>\n<p>Foto &#8211; <a target=\"_blank\" href=\"https:\/\/mma.prnewswire.com\/media\/1453806\/WhatsApp_Image_2021_02_03_at_22_27_40.jpg\" rel=\"noopener\">https:\/\/mma.prnewswire.com\/media\/1453806\/WhatsApp_Image_2021_02_03_at_22_27_40.jpg<\/a><\/p>\n<p>\u00a0<\/p>\n<div class=\"PRN_ImbeddedAssetReference\" id=\"DivAssetPlaceHolder0\"><\/div>\n<p>FONTE  Edmar Ricardo Lastoria<\/p>\n<\/div>\n<p><img decoding=\"async\" alt=\"\" src=\"https:\/\/rt.prnewswire.com\/rt.gif?NewsItemId=PT05397&amp;Transmission_Id=202103101127PR_NEWS_LATAM____PT05397&amp;DateId=20210310\" \/><\/p>\n<p>PR NEWSWIRE<\/p>\n","protected":false},"excerpt":{"rendered":"Chegou no Brasil, a primeira ag\u00eancia de not\u00edcias voltada para o terceiro setor, por Ricardo Lastoria PR Newswire FLORIAN\u00d3POLIS, Brasil, 10 de mar\u00e7o de 2021 FLORIAN\u00d3POLIS, Brasil, 10 de mar\u00e7o de","protected":false},"author":1,"featured_media":31343,"comment_status":"closed","ping_status":"closed","sticky":false,"template":"","format":"standard","meta":{"_acf_changed":false,"inline_featured_image":false,"_monsterinsights_skip_tracking":false,"_monsterinsights_sitenote_active":false,"_monsterinsights_sitenote_note":"","_monsterinsights_sitenote_category":0,"footnotes":""},"categories":[31],"tags":[],"class_list":["post-31342","post","type-post","status-publish","format-standard","has-post-thumbnail","hentry","category-prnewsinternacional"],"acf":[],"_links":{"self":[{"href":"https:\/\/bluestudio.estadao.com.br\/agencia-de-comunicacao\/wp-json\/wp\/v2\/posts\/31342","targetHints":{"allow":["GET"]}}],"collection":[{"href":"https:\/\/bluestudio.estadao.com.br\/agencia-de-comunicacao\/wp-json\/wp\/v2\/posts"}],"about":[{"href":"https:\/\/bluestudio.estadao.com.br\/agencia-de-comunicacao\/wp-json\/wp\/v2\/types\/post"}],"author":[{"embeddable":true,"href":"https:\/\/bluestudio.estadao.com.br\/agencia-de-comunicacao\/wp-json\/wp\/v2\/users\/1"}],"replies":[{"embeddable":true,"href":"https:\/\/bluestudio.estadao.com.br\/agencia-de-comunicacao\/wp-json\/wp\/v2\/comments?post=31342"}],"version-history":[{"count":0,"href":"https:\/\/bluestudio.estadao.com.br\/agencia-de-comunicacao\/wp-json\/wp\/v2\/posts\/31342\/revisions"}],"wp:featuredmedia":[{"embeddable":true,"href":"https:\/\/bluestudio.estadao.com.br\/agencia-de-comunicacao\/wp-json\/"}],"wp:attachment":[{"href":"https:\/\/bluestudio.estadao.com.br\/agencia-de-comunicacao\/wp-json\/wp\/v2\/media?parent=31342"}],"wp:term":[{"taxonomy":"category","embeddable":true,"href":"https:\/\/bluestudio.estadao.com.br\/agencia-de-comunicacao\/wp-json\/wp\/v2\/categories?post=31342"},{"taxonomy":"post_tag","embeddable":true,"href":"https:\/\/bluestudio.estadao.com.br\/agencia-de-comunicacao\/wp-json\/wp\/v2\/tags?post=31342"}],"curies":[{"name":"wp","href":"https:\/\/api.w.org\/{rel}","templated":true}]}}