{"id":31328,"date":"2021-03-10T10:42:00","date_gmt":"2021-03-10T10:42:00","guid":{"rendered":"http:\/\/patrocinados.estadao.com.br\/medialab\/agenciacomunicacao\/prnewswire\/prnewsinternacional\/pr-newswire-internacional-ha-40-anos-chegavam-os-primeiros-caminhoes-volkswagen\/"},"modified":"2021-03-10T10:42:00","modified_gmt":"2021-03-10T10:42:00","slug":"pr-newswire-internacional-ha-40-anos-chegavam-os-primeiros-caminhoes-volkswagen","status":"publish","type":"post","link":"https:\/\/bluestudio.estadao.com.br\/agencia-de-comunicacao\/prnewswire\/prnewsinternacional\/pr-newswire-internacional-ha-40-anos-chegavam-os-primeiros-caminhoes-volkswagen\/","title":{"rendered":"PR NEWSWIRE &#8211; INTERNACIONAL :: H\u00e1 40 anos, chegavam os primeiros caminh\u00f5es Volkswagen"},"content":{"rendered":"<div class=\"xn-newslines\">\n<h1 class=\"xn-hedline\">H\u00e1 40 anos, chegavam os primeiros caminh\u00f5es Volkswagen<\/h1>\n<p class=\"xn-distributor\">PR Newswire<\/p>\n<p class=\"xn-dateline\">S\u00c3O PAULO, 10 de mar\u00e7o de 2021<\/p>\n<\/div>\n<div class=\"xn-content\">\n<ul>\n<li><i>Desenvolvidos no <span class=\"xn-location\">Brasil<\/span> e por engenheiros brasileiros em tempo recorde.<\/i> <\/li>\n<li><i>Do come\u00e7o em 1981 com apenas dois modelos, cerca de 65 produtos VWCO s\u00e3o oferecidos hoje a 30 pa\u00edses.<\/i><\/li>\n<\/ul>\n<p><span>S\u00c3O PAULO<\/span>, 10 de mar\u00e7o de 2021 \/PRNewswire\/ &#8212; H\u00e1 exatos 40 anos, no dia 10 de mar\u00e7o, deixaram a f\u00e1brica 4 de S\u00e3o Bernardo do Campo (SP), rumo \u00e0 rec\u00e9m-criada rede de concession\u00e1rios autorizados Volkswagen Caminh\u00f5es, os primeiros modelos da marca desenvolvidos e fabricados no <span class=\"xn-location\">Brasil<\/span>. O VW 11.130 e o VW 13.130, com cabine de tecnologia vinda da Europa, foram concebidos em apenas dois anos por um time brasileiro de engenheiros e t\u00e9cnicos, ganhando rapidamente as ruas e estradas do pa\u00eds.<\/p>\n<div class=\"PRN_ImbeddedAssetReference\" id=\"DivAssetPlaceHolder7568\">\n<a href=\"https:\/\/mma.prnewswire.com\/media\/1453675\/VW81.html\" target=\"_blank\" rel=\"noopener\"><img decoding=\"async\" src=\"https:\/\/mma.prnewswire.com\/media\/1453675\/VW81.jpg\" alt=\"\" \/><\/a><\/p>\n<\/div>\n<p>Os produtos traziam ao <span class=\"xn-location\">Brasil<\/span> uma grande inova\u00e7\u00e3o para a \u00e9poca: a cabine avan\u00e7ada, conhecida popularmente como &#8220;cara chata&#8221;, num mercado dominado por ve\u00edculos dotados de frente convencional, com o motor posicionado \u00e0 frente do motorista. A estreia da Volkswagen, enfrentando marcas j\u00e1 consagradas no pa\u00eds, tamb\u00e9m representou um marco para a ind\u00fastria de ve\u00edculos comerciais. Na sequ\u00eancia, os primeiros modelos leves, de seis toneladas, foram lan\u00e7ados j\u00e1 em 1982.<\/p>\n<p>A Volkswagen Caminh\u00f5es foi criada em fevereiro de 1981, e originou-se da filial nacional da Chrysler, adquirida em julho de 1979 pelo Grupo Volkswagen. Logo ap\u00f3s o an\u00fancio da mudan\u00e7a de sua raz\u00e3o social, a montadora come\u00e7ou a testar os primeiros prot\u00f3tipos de caminh\u00f5es em S\u00e3o Bernardo do Campo, com acompanhamento da matriz do Grupo em Wolfsburg, na Alemanha. <\/p>\n<p><b>Simples e robustos<br \/><\/b>As novidades brasileiras Volkswagen eram simples e robustas: no VW 11.130, motor diesel MWM, caixa de cinco marchas, eixo traseiro com uma ou duas velocidades, chassi tipo escada, suspens\u00e3o por molas semiel\u00edpticas e amortecedores, freios hidr\u00e1ulicos com aux\u00edlio a v\u00e1cuo e dire\u00e7\u00e3o mec\u00e2nica. J\u00e1 o VW 13.130, al\u00e9m do chassi e embreagem refor\u00e7ados e de novas rela\u00e7\u00f5es na transmiss\u00e3o, trazia rodas estampadas (mais tarde as raiadas tomariam o seu lugar), freios a ar e dire\u00e7\u00e3o hidr\u00e1ulica. Os dois modelos foram apresentados com tr\u00eas op\u00e7\u00f5es de dist\u00e2ncias entre eixos. As cores de cabine oferecidas nos modelos de 1981 eram o amarelo, o vermelho, o azul e o bege. <\/p>\n<p><b>Lan\u00e7amento<br \/><\/b>O lan\u00e7amento dos primeiros caminh\u00f5es Volkswagen aconteceu em dois eventos p\u00fablicos, um em Bras\u00edlia (DF) e outro exclusivo para a imprensa em <span class=\"xn-location\">Salvador<\/span> (BA) tamb\u00e9m em mar\u00e7o de 1981, Uma curiosidade: os engenheiros e t\u00e9cnicos envolvidos no projeto celebraram o \u00eaxito do projeto na mesma garagem onde desenvolveram os caminh\u00f5es, numa festa singela com direito a bolo, cachorro quente e salgadinhos. <\/p>\n<p>Hoje, celebrando os 40 anos da marca, a Volkswagen Caminh\u00f5es e \u00d4nibus oferece cerca de 65 produtos, incluindo \u00f4nibus, e j\u00e1 produziu mais de 1 milh\u00e3o deles. Al\u00e9m disso, conquistou mercados no <span class=\"xn-location\">Brasil<\/span> e em mais 30 pa\u00edses da Am\u00e9rica Latina, \u00c1frica e Oriente M\u00e9dio. Sempre entregando o melhor para seus clientes com o slogan &#8220;Menos, voc\u00ea n\u00e3o quer; mais, voc\u00ea n\u00e3o precisa&#8221;.<\/p>\n<p class=\"prntac\"><b>Um membro do GRUPO TRATON<\/b><\/p>\n<p><b>Sobre a VW Caminh\u00f5es e \u00d4nibus<br \/><\/b>Fabricante dos ve\u00edculos comerciais Volkswagen e MAN, a VW Caminh\u00f5es e \u00d4nibus \u00e9 uma das maiores montadoras de caminh\u00f5es e \u00f4nibus da Am\u00e9rica Latina. Desde 1981, quando iniciou suas opera\u00e7\u00f5es, chegar ao topo do mercado, respeitando e satisfazendo as necessidades dos clientes, sempre foi o foco da montadora. E \u00e9 exatamente isso que oferece a seus clientes: produtos sob medida e um excelente servi\u00e7o de p\u00f3s-vendas. A empresa tamb\u00e9m \u00e9 refer\u00eancia em inova\u00e7\u00f5es tecnol\u00f3gicas. A empresa busca sempre solu\u00e7\u00f5es que reduzam o impacto ambiental e ajudem a preservar o meio ambiente. H\u00e1 mais de 35 anos, a fabricante mant\u00e9m seu compromisso de desenvolver ve\u00edculos que superem as exig\u00eancias dos clientes ? onde quer que eles rodem, seja pelas estradas brasileiras, latino-americanas ou africanas.<\/p>\n<p><b>Sobre o GRUPO TRATON<br \/><\/b>A TRATON SE \u00e9 subsidi\u00e1ria da Volkswagen AG e um dos principais fabricantes mundiais de ve\u00edculos comerciais com as marcas MAN, Scania, Volkswagen Caminh\u00f5es e \u00d4nibus e RIO. Em 2019, as marcas do GRUPO TRATON venderam um total de cerca de 242.000 ve\u00edculos. Seus produtos incluem ve\u00edculos comerciais leves, caminh\u00f5es e \u00f4nibus fabricados em 29 locais de produ\u00e7\u00e3o e montagem em 17 pa\u00edses. A empresa tinha uma for\u00e7a de trabalho de cerca de 82.700 colaboradores em todo o mundo em suas marcas de ve\u00edculos comerciais, em 31 de dezembro de 2019. O objetivo do grupo \u00e9 transformar o sistema de transporte atrav\u00e9s de produtos, servi\u00e7os e da parceria com seus clientes.\u00a0<\/p>\n<p><b>Volkswagen Caminh\u00f5es e \u00d4nibus<\/b><br \/><b>Comunica\u00e7\u00e3o\u00a0<\/b><br \/>(11) 5582-5335 \/ (24) 3381-1063<br \/><a target=\"_blank\" href=\"mailto:comunicacao@volkswagen.com.br\" rel=\"noopener\">comunicacao@volkswagen.com.br<\/a><\/p>\n<p>Foto &#8211; <a target=\"_blank\" href=\"https:\/\/mma.prnewswire.com\/media\/1453675\/VW81.jpg\" rel=\"noopener\">https:\/\/mma.prnewswire.com\/media\/1453675\/VW81.jpg<\/a><\/p>\n<p>\u00a0<\/p>\n<div class=\"PRN_ImbeddedAssetReference\" id=\"DivAssetPlaceHolder0\"><\/div>\n<p>FONTE  Volkswagen Caminh\u00f5es e \u00d4nibus<\/p>\n<\/div>\n<p><img decoding=\"async\" alt=\"\" src=\"https:\/\/rt.prnewswire.com\/rt.gif?NewsItemId=PT05187&amp;Transmission_Id=202103100837PR_NEWS_LATAM____PT05187&amp;DateId=20210310\" \/><\/p>\n<p>PR NEWSWIRE<\/p>\n","protected":false},"excerpt":{"rendered":"H\u00e1 40 anos, chegavam os primeiros caminh\u00f5es Volkswagen PR Newswire S\u00c3O PAULO, 10 de mar\u00e7o de 2021 Desenvolvidos no Brasil e por engenheiros brasileiros em tempo recorde. Do come\u00e7o em 1981 com","protected":false},"author":1,"featured_media":31329,"comment_status":"closed","ping_status":"closed","sticky":false,"template":"","format":"standard","meta":{"_acf_changed":false,"inline_featured_image":false,"_monsterinsights_skip_tracking":false,"_monsterinsights_sitenote_active":false,"_monsterinsights_sitenote_note":"","_monsterinsights_sitenote_category":0,"footnotes":""},"categories":[31],"tags":[],"class_list":["post-31328","post","type-post","status-publish","format-standard","has-post-thumbnail","hentry","category-prnewsinternacional"],"acf":[],"_links":{"self":[{"href":"https:\/\/bluestudio.estadao.com.br\/agencia-de-comunicacao\/wp-json\/wp\/v2\/posts\/31328","targetHints":{"allow":["GET"]}}],"collection":[{"href":"https:\/\/bluestudio.estadao.com.br\/agencia-de-comunicacao\/wp-json\/wp\/v2\/posts"}],"about":[{"href":"https:\/\/bluestudio.estadao.com.br\/agencia-de-comunicacao\/wp-json\/wp\/v2\/types\/post"}],"author":[{"embeddable":true,"href":"https:\/\/bluestudio.estadao.com.br\/agencia-de-comunicacao\/wp-json\/wp\/v2\/users\/1"}],"replies":[{"embeddable":true,"href":"https:\/\/bluestudio.estadao.com.br\/agencia-de-comunicacao\/wp-json\/wp\/v2\/comments?post=31328"}],"version-history":[{"count":0,"href":"https:\/\/bluestudio.estadao.com.br\/agencia-de-comunicacao\/wp-json\/wp\/v2\/posts\/31328\/revisions"}],"wp:featuredmedia":[{"embeddable":true,"href":"https:\/\/bluestudio.estadao.com.br\/agencia-de-comunicacao\/wp-json\/"}],"wp:attachment":[{"href":"https:\/\/bluestudio.estadao.com.br\/agencia-de-comunicacao\/wp-json\/wp\/v2\/media?parent=31328"}],"wp:term":[{"taxonomy":"category","embeddable":true,"href":"https:\/\/bluestudio.estadao.com.br\/agencia-de-comunicacao\/wp-json\/wp\/v2\/categories?post=31328"},{"taxonomy":"post_tag","embeddable":true,"href":"https:\/\/bluestudio.estadao.com.br\/agencia-de-comunicacao\/wp-json\/wp\/v2\/tags?post=31328"}],"curies":[{"name":"wp","href":"https:\/\/api.w.org\/{rel}","templated":true}]}}