{"id":30647,"date":"2021-03-03T06:27:00","date_gmt":"2021-03-03T06:27:00","guid":{"rendered":"http:\/\/patrocinados.estadao.com.br\/medialab\/agenciacomunicacao\/prnewswire\/prnewsinternacional\/pr-newswire-internacional-a-empresa-familiar-cremer-oleo-sediada-em-hamburgo-abre-a-sua-sede-na-america-latina\/"},"modified":"2021-03-03T06:27:00","modified_gmt":"2021-03-03T06:27:00","slug":"pr-newswire-internacional-a-empresa-familiar-cremer-oleo-sediada-em-hamburgo-abre-a-sua-sede-na-america-latina","status":"publish","type":"post","link":"https:\/\/bluestudio.estadao.com.br\/agencia-de-comunicacao\/prnewswire\/prnewsinternacional\/pr-newswire-internacional-a-empresa-familiar-cremer-oleo-sediada-em-hamburgo-abre-a-sua-sede-na-america-latina\/","title":{"rendered":"PR NEWSWIRE &#8211; INTERNACIONAL :: A empresa familiar CREMER OLEO, sediada em Hamburgo, abre a sua sede na Am\u00e9rica Latina"},"content":{"rendered":"<div class=\"xn-newslines\">\n<h1 class=\"xn-hedline\">A empresa familiar CREMER OLEO, sediada em Hamburgo, abre a sua sede na Am\u00e9rica Latina<\/h1>\n<p class=\"xn-distributor\">PR Newswire<\/p>\n<p class=\"xn-dateline\">HAMBURGO, Alemanha, 3 de mar\u00e7o de 2021<\/p>\n<\/div>\n<div class=\"xn-content\">\nHAMBURGO, Alemanha, 3 de mar\u00e7o de 2021 \/PRNewswire\/ &#8212; A CREMER OLEO, subsidi\u00e1ria do grupo CREMER com presen\u00e7a mundial e sede em Hamburgo, est\u00e1 a expandir a sua presen\u00e7a na Am\u00e9rica Latina. A partir da capital colombiana Bogot\u00e1, coordenar\u00e1 todas as atividades de produ\u00e7\u00e3o, comercializa\u00e7\u00e3o e log\u00edstica da empresa no continente. A gama de produtos CREMER OLEO inclui mat\u00e9rias-primas de origem vegetal para cosm\u00e9ticos, alimentos e ra\u00e7\u00f5es animais, produtos farmac\u00eauticos, combust\u00edveis e aplica\u00e7\u00f5es t\u00e9cnicas. <\/p>\n<p>A dire\u00e7\u00e3o da sede da CREMER OLEO na Am\u00e9rica Latina ser\u00e1 assumida por Roberto Echeverr\u00eda. Nascido na Col\u00f4mbia, trabalha para a empresa desde 2014 e, mais recentemente, dirigiu a bem-sucedida divis\u00e3o de glicerina. \u00abAo estabelecer a nossa sede para a Am\u00e9rica Latina, estamos a enviar um sinal claro nesta regi\u00e3o emergente. Estabelecemos a nossa unidade brasileira da Oleo em 2019; um ano depois foi o exportador de glicerina com maior sucesso do pa\u00eds\u00bb, afirma Echeverr\u00eda. \u00abEstamos atualmente envolvidos em v\u00e1rias ind\u00fastrias no continente e seguir-se-\u00e3o mais projetos\u00bb. O diretor da Unidade de Neg\u00f3cios, <span class=\"xn-person\">Christian Falck<\/span>, explica: \u00abA unidade regional permite-nos impulsionar ainda mais eficazmente o rumo de crescimento que tom\u00e1mos. Roberto Echeverr\u00eda e a sua equipa dedicada ir\u00e3o expandir ainda mais a rede CREMER\u00bb. <\/p>\n<p>O CEO da CREMER, Dr. <span class=\"xn-person\">Ullrich Wegner<\/span> afirma: \u00abA CREMER sempre investiu nos mercados emergentes em torno dos nossos produtos e servi\u00e7os. A nova sede da Oleo complementa na perfei\u00e7\u00e3o os neg\u00f3cios das outras empresas CREMER na regi\u00e3o\u00bb. <\/p>\n<p>Sobre a CREMER:<\/p>\n<p>Fundada em 1946 por <span class=\"xn-person\">Peter Cremer<\/span>, a CREMER \u00e9 uma empresa comercial, log\u00edstica e industrial de sucesso a n\u00edvel mundial que vai na sua terceira gera\u00e7\u00e3o de propriedade familiar. Com mais de 2000 funcion\u00e1rios, a CREMER est\u00e1 ativa no mundo inteiro. Em 2005, a CREMER fundou a CREMER OLEO GmbH &amp; Co. KG, devido \u00e0 crescente procura de produtos oleoqu\u00edmicos.<\/p>\n<p>Contacto de imprensa:<\/p>\n<p>CREMER OLEO GmbH &amp; Co. KG<br \/><a target=\"_blank\" href=\"http:\/\/www.cremeroleo.de\/\" rel=\"noopener\">www.cremeroleo.de<\/a> | <a target=\"_blank\" href=\"http:\/\/www.cremer.de\/\" rel=\"noopener\">globaloleo@cremer.de<\/a>\u00a0<br \/><span class=\"xn-person\">Simone Weisgerber<\/span><br \/><a target=\"_blank\" href=\"mailto:s.weisgerber@cremer.de\" rel=\"noopener\">s.weisgerber@cremer.de<\/a> | +49 4032011-0<\/p>\n<p>\u00a0<\/p>\n<p>FONTE  CREMER OLEO GmbH &amp; Co. KG<\/p>\n<\/div>\n<p><img decoding=\"async\" alt=\"\" src=\"https:\/\/rt.prnewswire.com\/rt.gif?NewsItemId=PT92640&amp;Transmission_Id=202103030420PR_NEWS_LATAM____PT92640&amp;DateId=20210303\" \/><\/p>\n<p>PR NEWSWIRE<\/p>\n","protected":false},"excerpt":{"rendered":"A empresa familiar CREMER OLEO, sediada em Hamburgo, abre a sua sede na Am\u00e9rica Latina PR Newswire HAMBURGO, Alemanha, 3 de mar\u00e7o de 2021 HAMBURGO, Alemanha, 3 de mar\u00e7o de 2021 \/PRNewswire\/ &#8212;","protected":false},"author":1,"featured_media":30648,"comment_status":"closed","ping_status":"closed","sticky":false,"template":"","format":"standard","meta":{"_acf_changed":false,"inline_featured_image":false,"_monsterinsights_skip_tracking":false,"_monsterinsights_sitenote_active":false,"_monsterinsights_sitenote_note":"","_monsterinsights_sitenote_category":0,"footnotes":""},"categories":[31],"tags":[],"class_list":["post-30647","post","type-post","status-publish","format-standard","has-post-thumbnail","hentry","category-prnewsinternacional"],"acf":[],"_links":{"self":[{"href":"https:\/\/bluestudio.estadao.com.br\/agencia-de-comunicacao\/wp-json\/wp\/v2\/posts\/30647","targetHints":{"allow":["GET"]}}],"collection":[{"href":"https:\/\/bluestudio.estadao.com.br\/agencia-de-comunicacao\/wp-json\/wp\/v2\/posts"}],"about":[{"href":"https:\/\/bluestudio.estadao.com.br\/agencia-de-comunicacao\/wp-json\/wp\/v2\/types\/post"}],"author":[{"embeddable":true,"href":"https:\/\/bluestudio.estadao.com.br\/agencia-de-comunicacao\/wp-json\/wp\/v2\/users\/1"}],"replies":[{"embeddable":true,"href":"https:\/\/bluestudio.estadao.com.br\/agencia-de-comunicacao\/wp-json\/wp\/v2\/comments?post=30647"}],"version-history":[{"count":0,"href":"https:\/\/bluestudio.estadao.com.br\/agencia-de-comunicacao\/wp-json\/wp\/v2\/posts\/30647\/revisions"}],"wp:featuredmedia":[{"embeddable":true,"href":"https:\/\/bluestudio.estadao.com.br\/agencia-de-comunicacao\/wp-json\/"}],"wp:attachment":[{"href":"https:\/\/bluestudio.estadao.com.br\/agencia-de-comunicacao\/wp-json\/wp\/v2\/media?parent=30647"}],"wp:term":[{"taxonomy":"category","embeddable":true,"href":"https:\/\/bluestudio.estadao.com.br\/agencia-de-comunicacao\/wp-json\/wp\/v2\/categories?post=30647"},{"taxonomy":"post_tag","embeddable":true,"href":"https:\/\/bluestudio.estadao.com.br\/agencia-de-comunicacao\/wp-json\/wp\/v2\/tags?post=30647"}],"curies":[{"name":"wp","href":"https:\/\/api.w.org\/{rel}","templated":true}]}}