{"id":30567,"date":"2021-03-02T11:58:00","date_gmt":"2021-03-02T11:58:00","guid":{"rendered":"http:\/\/patrocinados.estadao.com.br\/medialab\/agenciacomunicacao\/prnewswire\/prnewsinternacional\/pr-newswire-internacional-solvi-renova-frota-da-limpeza-com-caminhoes-volkswagen-no-peru\/"},"modified":"2021-03-02T11:58:00","modified_gmt":"2021-03-02T11:58:00","slug":"pr-newswire-internacional-solvi-renova-frota-da-limpeza-com-caminhoes-volkswagen-no-peru","status":"publish","type":"post","link":"https:\/\/bluestudio.estadao.com.br\/agencia-de-comunicacao\/prnewswire\/prnewsinternacional\/pr-newswire-internacional-solvi-renova-frota-da-limpeza-com-caminhoes-volkswagen-no-peru\/","title":{"rendered":"PR NEWSWIRE &#8211; INTERNACIONAL :: Solv\u00ed renova frota da limpeza com caminh\u00f5es Volkswagen no Peru"},"content":{"rendered":"<div class=\"xn-newslines\">\n<h1 class=\"xn-hedline\">Solv\u00ed renova frota da limpeza com caminh\u00f5es Volkswagen no Peru<\/h1>\n<h2 class=\"xn-hedline\">Dez unidades do Constellation 17.260 Compactor j\u00e1 operam em Lima<\/h2>\n<p class=\"xn-distributor\">PR Newswire<\/p>\n<p class=\"xn-dateline\">SAO PAULO, 2 de mar\u00e7o de 2021<\/p>\n<\/div>\n<div class=\"xn-content\">\n<span class=\"xn-location\">SAO PAULO<\/span>, 2 de mar\u00e7o de 2021 \/PRNewswire\/ &#8212; A Solv\u00ed, empresa de limpeza urbana com sede no Brasil e atua\u00e7\u00e3o em outros pa\u00edses da Am\u00e9rica Latina, renovou a frota com dez novos caminh\u00f5es Constellation 17.260 Compactor. Os ve\u00edculos j\u00e1 entraram em opera\u00e7\u00e3o em <span class=\"xn-location\">Lima<\/span>, capital do <span class=\"xn-location\">Peru<\/span>.<\/p>\n<div class=\"PRN_ImbeddedAssetReference\" id=\"DivAssetPlaceHolder4455\">\n<a href=\"https:\/\/mma.prnewswire.com\/media\/1447822\/CAMIONES_NUEVOS_1.html\" target=\"_blank\" rel=\"noopener\"><img decoding=\"async\" src=\"https:\/\/mma.prnewswire.com\/media\/1447822\/CAMIONES_NUEVOS_1.jpg\" alt=\"\" \/><\/a><\/p>\n<\/div>\n<p>Os caminh\u00f5es Volkswagen j\u00e1 atuam naquele pa\u00eds h\u00e1 mais de quinze anos e comprovaram sua robustez para a opera\u00e7\u00e3o. &#8220;Os ve\u00edculos traduzem o melhor custo benef\u00edcio em todos os aspectos, al\u00e9m de todo o apoio e p\u00f3s-vendas que temos tanto no Brasil quanto no representante local, que \u00e9 a EuroMotors, comenta <span class=\"xn-person\">Luiz Lopes<\/span>, Superintendente de Primariza\u00e7\u00e3o e Manuten\u00e7\u00e3o de Equipamentos da Solv\u00ed. <\/p>\n<p>&#8220;Robustez, seguran\u00e7a , dirigibilidade, durabilidade e produtividade, al\u00e9m do custo de manuten\u00e7\u00e3o adequado \u00e0s nossas necessidades, fazem toda a diferen\u00e7a. A linha VW \u00e9 imbat\u00edvel, com baixo consumo e o fato de n\u00e3o ter de usar Arla, se traduz em grande economia ao longo dos anos&#8221;, complementa Lopes.<\/p>\n<p>Os caminh\u00f5es vocacionais VW tornaram-se um case internacional na \u00e1rea de coleta de res\u00edduos s\u00f3lidos urbanos, gra\u00e7as ao desenvolvimento de modelos sob medida para essa finalidade, com o acompanhamento pr\u00f3ximo da VW atendendo a todas as especificidades com aprimoramento constante.<\/p>\n<p>A fam\u00edlia Compactor, a mais completa linha de coleta de res\u00edduos do mercado, sai na frente no conforto \u00e0 opera\u00e7\u00e3o com o lan\u00e7amento do caminh\u00e3o preparado para a suspens\u00e3o pneum\u00e1tica nos eixos traseiros KLL para o modelo Constellation 17.260, podendo ser aplicado na vers\u00e3o 6&#215;2 ou 8&#215;2.<\/p>\n<p>Al\u00e9m do avan\u00e7o no conforto do motorista e passageiros, o modelo traz redu\u00e7\u00e3o de custos operacionais gra\u00e7as ao aumento da durabilidade do sistema de suspens\u00e3o traseira no acidentado asfalto das grandes cidades, menor custo de manuten\u00e7\u00e3o; mais controle e melhor distribui\u00e7\u00e3o de carga e disponibilidade de pesagem online. O sistema de suspens\u00e3o pneum\u00e1tica permite controlar a distribui\u00e7\u00e3o de carga nos eixos e fazer a aferi\u00e7\u00e3o da coleta, al\u00e9m de melhorar a dirigibilidade do ve\u00edculo e seu conforto. Isso por meio da tecnologia ELC, Electronic Leveling Control, ou Controle de Nivelamento Eletr\u00f4nico, na tradu\u00e7\u00e3o livre. <\/p>\n<p>A tecnologia faz a parametriza\u00e7\u00e3o da suspens\u00e3o e permite monitorar a carga nos coletores, distribuir essa carga nos eixos e controlar seu peso via computador de bordo. Com isso, \u00e9 poss\u00edvel ampliar a durabilidade do sistema de suspens\u00e3o e pneus, realizar controles precisos de sobrecarga ou subcarga, tornando a frota mais produtiva. <\/p>\n<p>Tudo isso com as caracter\u00edsticas j\u00e1 consagradas no mercado: banco para tr\u00eas passageiros, agora com encosto de cabe\u00e7a, transmiss\u00e3o autom\u00e1tica, eixo dianteiro com pontas e suspens\u00e3o refor\u00e7adas, eixo traseiro refor\u00e7ado com rela\u00e7\u00e3o simples, escapamento vertical, entre outras.<\/p>\n<p class=\"prntac\"><b>Um membro do GRUPO TRATON<\/b><\/p>\n<p><b>Sobre a VW Caminh\u00f5es e \u00d4nibus<\/b><\/p>\n<p>Fabricante dos ve\u00edculos comerciais Volkswagen e MAN, a VW Caminh\u00f5es e \u00d4nibus \u00e9 uma das maiores montadoras de caminh\u00f5es e \u00f4nibus da Am\u00e9rica Latina. Desde 1981, quando iniciou suas opera\u00e7\u00f5es, chegar ao topo do mercado, respeitando e satisfazendo as necessidades dos clientes, sempre foi o foco da montadora. E \u00e9 exatamente isso que oferece a seus clientes: produtos sob medida e um excelente servi\u00e7o de p\u00f3s-vendas. A empresa tamb\u00e9m \u00e9 refer\u00eancia em inova\u00e7\u00f5es tecnol\u00f3gicas. A empresa busca sempre solu\u00e7\u00f5es que reduzam o impacto ambiental e ajudem a preservar o meio ambiente. H\u00e1 mais de 35 anos, a fabricante mant\u00e9m seu compromisso de desenvolver ve\u00edculos que superem as exig\u00eancias dos clientes ? onde quer que eles rodem, seja pelas estradas brasileiras, latino-americanas ou africanas.<\/p>\n<p><b>Sobre o GRUPO TRATON<\/b><\/p>\n<p>A TRATON SE \u00e9 subsidi\u00e1ria da Volkswagen AG e um dos principais fabricantes mundiais de ve\u00edculos comerciais com as marcas MAN, Scania, Volkswagen Caminh\u00f5es e \u00d4nibus e RIO. Em 2019, as marcas do GRUPO TRATON venderam um total de cerca de 242.000 ve\u00edculos. Seus produtos incluem ve\u00edculos comerciais leves, caminh\u00f5es e \u00f4nibus fabricados em 29 locais de produ\u00e7\u00e3o e montagem em 17 pa\u00edses. A empresa tinha uma for\u00e7a de trabalho de cerca de 82.700 colaboradores em todo o mundo em suas marcas de ve\u00edculos comerciais, em 31 de dezembro de 2019. O objetivo do grupo \u00e9 transformar o sistema de transporte atrav\u00e9s de produtos, servi\u00e7os e da parceria com seus clientes.<\/p>\n<p><b>Volkswagen Caminh\u00f5es e \u00d4nibus<\/b><br \/><b>Comunica\u00e7\u00e3o\u00a0<\/b><br \/>(11) 5582-5335 \/ (24) 3381-1063<br \/><a target=\"_blank\" href=\"mailto:comunicacao@volkswagen.com.br\" rel=\"noopener\">comunicacao@volkswagen.com.br<\/a><\/p>\n<p>Foto &#8211; <a target=\"_blank\" href=\"https:\/\/mma.prnewswire.com\/media\/1447822\/CAMIONES_NUEVOS_1.jpg\" rel=\"noopener\">https:\/\/mma.prnewswire.com\/media\/1447822\/CAMIONES_NUEVOS_1.jpg<\/a><\/p>\n<div class=\"PRN_ImbeddedAssetReference\" id=\"DivAssetPlaceHolder0\"><\/div>\n<p>FONTE  Volkswagen Caminh\u00f5es e \u00d4nibus<\/p>\n<\/div>\n<p><img decoding=\"async\" alt=\"\" src=\"https:\/\/rt.prnewswire.com\/rt.gif?NewsItemId=PT96102&amp;Transmission_Id=202103020953PR_NEWS_LATAM____PT96102&amp;DateId=20210302\" \/><\/p>\n<p>PR NEWSWIRE<\/p>\n","protected":false},"excerpt":{"rendered":"Solv\u00ed renova frota da limpeza com caminh\u00f5es Volkswagen no Peru Dez unidades do Constellation 17.260 Compactor j\u00e1 operam em Lima PR Newswire SAO PAULO, 2 de mar\u00e7o de 2021 SAO PAULO, 2 de mar\u00e7o de","protected":false},"author":1,"featured_media":30568,"comment_status":"closed","ping_status":"closed","sticky":false,"template":"","format":"standard","meta":{"_acf_changed":false,"inline_featured_image":false,"_monsterinsights_skip_tracking":false,"_monsterinsights_sitenote_active":false,"_monsterinsights_sitenote_note":"","_monsterinsights_sitenote_category":0,"footnotes":""},"categories":[31],"tags":[],"class_list":["post-30567","post","type-post","status-publish","format-standard","has-post-thumbnail","hentry","category-prnewsinternacional"],"acf":[],"_links":{"self":[{"href":"https:\/\/bluestudio.estadao.com.br\/agencia-de-comunicacao\/wp-json\/wp\/v2\/posts\/30567","targetHints":{"allow":["GET"]}}],"collection":[{"href":"https:\/\/bluestudio.estadao.com.br\/agencia-de-comunicacao\/wp-json\/wp\/v2\/posts"}],"about":[{"href":"https:\/\/bluestudio.estadao.com.br\/agencia-de-comunicacao\/wp-json\/wp\/v2\/types\/post"}],"author":[{"embeddable":true,"href":"https:\/\/bluestudio.estadao.com.br\/agencia-de-comunicacao\/wp-json\/wp\/v2\/users\/1"}],"replies":[{"embeddable":true,"href":"https:\/\/bluestudio.estadao.com.br\/agencia-de-comunicacao\/wp-json\/wp\/v2\/comments?post=30567"}],"version-history":[{"count":0,"href":"https:\/\/bluestudio.estadao.com.br\/agencia-de-comunicacao\/wp-json\/wp\/v2\/posts\/30567\/revisions"}],"wp:featuredmedia":[{"embeddable":true,"href":"https:\/\/bluestudio.estadao.com.br\/agencia-de-comunicacao\/wp-json\/"}],"wp:attachment":[{"href":"https:\/\/bluestudio.estadao.com.br\/agencia-de-comunicacao\/wp-json\/wp\/v2\/media?parent=30567"}],"wp:term":[{"taxonomy":"category","embeddable":true,"href":"https:\/\/bluestudio.estadao.com.br\/agencia-de-comunicacao\/wp-json\/wp\/v2\/categories?post=30567"},{"taxonomy":"post_tag","embeddable":true,"href":"https:\/\/bluestudio.estadao.com.br\/agencia-de-comunicacao\/wp-json\/wp\/v2\/tags?post=30567"}],"curies":[{"name":"wp","href":"https:\/\/api.w.org\/{rel}","templated":true}]}}