{"id":30051,"date":"2021-02-24T20:13:00","date_gmt":"2021-02-24T20:13:00","guid":{"rendered":""},"modified":"2021-02-24T20:13:00","modified_gmt":"2021-02-24T20:13:00","slug":"pr-newswire-internacional-nova-pesquisa-global-da-federacao-dentaria-internacional-fdi-revela-que-dois-tercos-dos-paises-nao-estao-permitindo-que-dentistas-administrem-vacinas-contra-a-covid-19","status":"publish","type":"post","link":"https:\/\/bluestudio.estadao.com.br\/agencia-de-comunicacao\/prnewswire\/prnewsinternacional\/pr-newswire-internacional-nova-pesquisa-global-da-federacao-dentaria-internacional-fdi-revela-que-dois-tercos-dos-paises-nao-estao-permitindo-que-dentistas-administrem-vacinas-contra-a-covid-19\/","title":{"rendered":"PR NEWSWIRE &#8211; INTERNACIONAL :: Nova pesquisa global da Federa\u00e7\u00e3o Dent\u00e1ria Internacional (FDI) revela que dois ter\u00e7os dos pa\u00edses n\u00e3o est\u00e3o permitindo que dentistas administrem vacinas contra a COVID-19"},"content":{"rendered":"<div class=\"xn-newslines\">\n<h1 class=\"xn-hedline\">Nova pesquisa global da Federa\u00e7\u00e3o Dent\u00e1ria Internacional (FDI) revela que dois ter\u00e7os dos pa\u00edses n\u00e3o est\u00e3o permitindo que dentistas administrem vacinas contra a COVID-19<\/h1>\n<h2 class=\"xn-hedline\">A pesquisa tamb\u00e9m mostra que metade dos pa\u00edses que responderam a pesquisa concordou em incluir dentistas em seus grupos de vacina\u00e7\u00e3o priorit\u00e1rios<\/h2>\n<p class=\"xn-distributor\">PR Newswire<\/p>\n<p class=\"xn-dateline\">GENEBRA, 24 de fevereiro de 2021<\/p>\n<\/div>\n<div class=\"xn-content\">\nGENEBRA, 24 de fevereiro de 2021 \/PRNewswire\/ &#8212;\u00a0<a target=\"_blank\" href=\"http:\/\/www.fdiworlddental.org\/vaccines\" rel=\"noopener\">A Federa\u00e7\u00e3o Dent\u00e1ria\u00a0Internacional (FDI)<\/a>\u00a0pediu hoje que mais pa\u00edses permitam que dentistas administrem vacinas contra a COVID-19, depois que uma pesquisa com seus membros revelou o pequeno n\u00famero de pa\u00edses que atualmente o permitem. A pesquisa foi viabilizada pela for\u00e7a-tarefa COVID-19 da FDI.<\/p>\n<p>Cinquenta e sete associa\u00e7\u00f5es odontol\u00f3gicas nacionais, provenientes do mundo todo, revelaram que quase dois ter\u00e7os dos pa\u00edses n\u00e3o deram permiss\u00e3o aos dentistas de administrar vacinas contra a COVID-19 como parte das medidas nacionais. Na Europa, entre os pa\u00edses onde os dentistas n\u00e3o t\u00eam permiss\u00e3o de administrar a vacina est\u00e3o Su\u00ed\u00e7a, <span class=\"xn-location\">Portugal<\/span>, \u00c1ustria, Dinamarca, Eslov\u00e1quia e R\u00fassia (ver tabela 1). <\/p>\n<p>Na Fran\u00e7a, a Ordem Nacional dos Cirurgi\u00f5es Dentistas pediu ao governo para que desse permiss\u00e3o aos profissionais, mas at\u00e9 o momento n\u00e3o foi dada nenhuma autoriza\u00e7\u00e3o. As discuss\u00f5es tamb\u00e9m est\u00e3o em andamento na Espanha, Su\u00e9cia, Irlanda, Austr\u00e1lia, Qu\u00eania, <span class=\"xn-location\">Hong Kong<\/span> e Alemanha. <\/p>\n<p>&#8220;A sa\u00fade bucal \u00e9 um componente fundamental da sa\u00fade e do bem-estar, e o tratamento dent\u00e1rio \u00e9 um servi\u00e7o p\u00fablico essencial&#8221;, disse o <b>\u00a0Dr. Gerhard\u00a0Konrad Seeberger, <\/b>presidente da FDI\u00a0, Federa\u00e7\u00e3o Dent\u00e1ria Internacional .<\/p>\n<p>&#8220;Devem ser realizados esfor\u00e7os para permitir que os dentistas administrem vacinas contra a COVID-19 quando poss\u00edvel dentro da legisla\u00e7\u00e3o e regulamenta\u00e7\u00f5es nacionais, e com m\u00ednima interrup\u00e7\u00e3o nos servi\u00e7os de sa\u00fade bucal.&#8221;<\/p>\n<p><b>Pa\u00edses que permitem que dentistas administrem vacinas contra a COVID-19<\/b>\u00a0<\/p>\n<p>Das 57 respostas \u00e0 pesquisa, os pa\u00edses que autorizaram os profissionais a administrar vacinas incluem: Camboja, Col\u00f4mbia, Egito, \u00cdndia, Indon\u00e9sia, L\u00edbano, Nig\u00e9ria, S\u00e9rvia, Eslov\u00eania e Reino Unido (17%) (ver tabela 2). Significativamente, entre esses pa\u00edses est\u00e3o aqueles onde os dentistas n\u00e3o foram autorizados previamente a administrar vacinas, ou pelo menos a vacina contra a influenza.<\/p>\n<p>Nos <a target=\"_blank\" href=\"https:\/\/success.ada.org\/en\/practice-management\/patients\/covid-19-vaccine-regulations-for-dentists-map\" rel=\"noopener\">Estados Unidos<\/a>, cerca de 20 estados est\u00e3o permitindo atualmente que dentistas administrem vacinas contra a COVID-19. <\/p>\n<p><b>Inclus\u00e3o de dentistas em grupos de vacina\u00e7\u00e3o priorit\u00e1rios<\/b>\u00a0<\/p>\n<p>A pesquisa tamb\u00e9m examinou a prioriza\u00e7\u00e3o de dentistas em programas de implementa\u00e7\u00e3o da vacina contra a COVID-19.<\/p>\n<p>Um total de 53% dos pa\u00edses que responderam a pesquisa disse que os dentistas seriam inclu\u00eddos em grupos de vacina\u00e7\u00e3o priorit\u00e1rios (ver tabela 2), 12% disseram que n\u00e3o seriam, e 18% responderam que o programa de vacina\u00e7\u00e3o e os grupos priorit\u00e1rios ainda estavam sendo planejados. Entre esses pa\u00edses que N\u00c3O incluem dentistas como grupo priorit\u00e1rio est\u00e3o Camboja, Col\u00f4mbia, Cazaquist\u00e3o, Rom\u00eania, Ar\u00e1bia Saudita, Coreia do Sul e Tail\u00e2ndia (ver tabela 1).<\/p>\n<p>Antes do Dia Mundial da Sa\u00fade Oral em 20 de mar\u00e7o, a FDI lan\u00e7ar\u00e1 um novo conjunto de dados em torno do n\u00famero de casos de infec\u00e7\u00e3o pela COVID-19 entre dentistas do mundo todo.<\/p>\n<p><b>Para mais informa\u00e7\u00f5es:<\/b>\u00a0<\/p>\n<p><span class=\"xn-person\">Michael Kessler<\/span> <br \/>Rela\u00e7\u00f5es com a imprensa da FDI\u00a0 <br \/>Cel.: +34 655 792 699\u00a0 <br \/>E-mail: <a target=\"_blank\" href=\"mailto:michael.kessler@intoon-media.com\" rel=\"noopener\">michael.kessler@intoon-media.com<\/a>\u00a0 <br \/>Twitter:@ mickessler <\/p>\n<p><b>Sobre a Federa\u00e7\u00e3o Dent\u00e1ria Internacional (FDI):<\/b>\u00a0A FDI \u00e9 o principal \u00f3rg\u00e3o representativo de mais de um milh\u00e3o de dentistas em todo o mundo, com uma vis\u00e3o de levar o mundo \u00e0 sa\u00fade bucal ideal. Seus membros incluem cerca de 200 associa\u00e7\u00f5es nacionais e grupos de especialistas em mais de 130 pa\u00edses. <a target=\"_blank\" href=\"http:\/\/www.fdiworlddental.org\/\" rel=\"noopener\">www.fdiworlddental.org<\/a>\u00a0<\/p>\n<p><b><u>Notas aos editores:<\/u><\/b><b>\u00a0<\/b><\/p>\n<p><b><i>Tabela 1<\/i><\/b><b>\u00a0<\/b><\/p>\n<div>\n<table cellspacing=\"0\" cellpadding=\"0\" border=\"0\" class=\"prngen1\">\n<tr>\n<td class=\"prngen2\">\n<p class=\"prnews_p\"><span class=\"prnews_span\"><b>Pa\u00edses onde dentistas n\u00e3o ter\u00e3o permiss\u00e3o para administrar a vacina contra a COVID-19<\/b>\u00a0<\/span><\/p>\n<\/td>\n<td class=\"prngen3\">\n<p class=\"prnews_p\"><span class=\"prnews_span\"><b>Pa\u00edses onde dentistas n\u00e3o ser\u00e3o inclu\u00eddos em grupos de vacina\u00e7\u00e3o priorit\u00e1rios<\/b>\u00a0<\/span><\/p>\n<\/td>\n<\/tr>\n<tr>\n<td nowrap=\"nowrap\" class=\"prngen4\">\n<p class=\"prnews_p\"><span class=\"prnews_span\">Andorra <\/span><\/p>\n<\/td>\n<td class=\"prngen5\">\n<p class=\"prnews_p\"><span class=\"prnews_span\">Camboja <\/span><\/p>\n<\/td>\n<\/tr>\n<tr>\n<td nowrap=\"nowrap\" class=\"prngen4\">\n<p class=\"prnews_p\"><span class=\"prnews_span\">\u00c1ustria <\/span><\/p>\n<\/td>\n<td class=\"prngen5\">\n<p class=\"prnews_p\"><span class=\"prnews_span\">Col\u00f4mbia <\/span><\/p>\n<\/td>\n<\/tr>\n<tr>\n<td nowrap=\"nowrap\" class=\"prngen4\">\n<p class=\"prnews_p\"><span class=\"prnews_span\">Burkina Faso <\/span><\/p>\n<\/td>\n<td class=\"prngen5\">\n<p class=\"prnews_p\"><span class=\"prnews_span\">Cazaquist\u00e3o <\/span><\/p>\n<\/td>\n<\/tr>\n<tr>\n<td nowrap=\"nowrap\" class=\"prngen4\">\n<p class=\"prnews_p\"><span class=\"prnews_span\">Dinamarca <\/span><\/p>\n<\/td>\n<td class=\"prngen5\">\n<p class=\"prnews_p\"><span class=\"prnews_span\">Rom\u00eania <\/span><\/p>\n<\/td>\n<\/tr>\n<tr>\n<td nowrap=\"nowrap\" class=\"prngen4\">\n<p class=\"prnews_p\"><span class=\"prnews_span\">Guam <\/span><\/p>\n<\/td>\n<td class=\"prngen5\">\n<p class=\"prnews_p\"><span class=\"prnews_span\">Ar\u00e1bia Saudita <\/span><\/p>\n<\/td>\n<\/tr>\n<tr>\n<td nowrap=\"nowrap\" class=\"prngen4\">\n<p class=\"prnews_p\"><span class=\"prnews_span\">Honduras <\/span><\/p>\n<\/td>\n<td class=\"prngen5\">\n<p class=\"prnews_p\"><span class=\"prnews_span\">Coreia do Sul <\/span><\/p>\n<\/td>\n<\/tr>\n<tr>\n<td nowrap=\"nowrap\" class=\"prngen4\">\n<p class=\"prnews_p\"><span class=\"prnews_span\">Israel <\/span><\/p>\n<\/td>\n<td class=\"prngen5\">\n<p class=\"prnews_p\"><span class=\"prnews_span\">Tail\u00e2ndia <\/span><\/p>\n<\/td>\n<\/tr>\n<tr>\n<td nowrap=\"nowrap\" class=\"prngen4\">\n<p class=\"prnews_p\"><span class=\"prnews_span\">Jap\u00e3o <\/span><\/p>\n<\/td>\n<td class=\"prngen5\"><\/td>\n<\/tr>\n<tr>\n<td nowrap=\"nowrap\" class=\"prngen4\">\n<p class=\"prnews_p\"><span class=\"prnews_span\">Mianmar <\/span><\/p>\n<\/td>\n<td class=\"prngen6\"><\/td>\n<\/tr>\n<tr>\n<td nowrap=\"nowrap\" class=\"prngen4\">\n<p class=\"prnews_p\"><span class=\"prnews_span\">Holanda <\/span><\/p>\n<\/td>\n<td class=\"prngen6\"><\/td>\n<\/tr>\n<tr>\n<td nowrap=\"nowrap\" class=\"prngen4\">\n<p class=\"prnews_p\"><span class=\"prnews_span\">Portugal <\/span><\/p>\n<\/td>\n<td class=\"prngen6\"><\/td>\n<\/tr>\n<tr>\n<td nowrap=\"nowrap\" class=\"prngen4\">\n<p class=\"prnews_p\"><span class=\"prnews_span\">Rom\u00eania <\/span><\/p>\n<\/td>\n<td class=\"prngen6\"><\/td>\n<\/tr>\n<tr>\n<td nowrap=\"nowrap\" class=\"prngen4\">\n<p class=\"prnews_p\"><span class=\"prnews_span\">R\u00fassia <\/span><\/p>\n<\/td>\n<td class=\"prngen6\"><\/td>\n<\/tr>\n<tr>\n<td nowrap=\"nowrap\" class=\"prngen4\">\n<p class=\"prnews_p\"><span class=\"prnews_span\">Ar\u00e1bia Saudita <\/span><\/p>\n<\/td>\n<td class=\"prngen6\"><\/td>\n<\/tr>\n<tr>\n<td nowrap=\"nowrap\" class=\"prngen4\">\n<p class=\"prnews_p\"><span class=\"prnews_span\">Seychelles <\/span><\/p>\n<\/td>\n<td class=\"prngen6\"><\/td>\n<\/tr>\n<tr>\n<td nowrap=\"nowrap\" class=\"prngen4\">\n<p class=\"prnews_p\"><span class=\"prnews_span\">Eslov\u00e1quia <\/span><\/p>\n<\/td>\n<td class=\"prngen6\"><\/td>\n<\/tr>\n<tr>\n<td nowrap=\"nowrap\" class=\"prngen4\">\n<p class=\"prnews_p\"><span class=\"prnews_span\">Su\u00ed\u00e7a <\/span><\/p>\n<\/td>\n<td class=\"prngen6\"><\/td>\n<\/tr>\n<tr>\n<td nowrap=\"nowrap\" class=\"prngen4\">\n<p class=\"prnews_p\"><span class=\"prnews_span\">Tail\u00e2ndia <\/span><\/p>\n<\/td>\n<td class=\"prngen6\"><\/td>\n<\/tr>\n<tr>\n<td nowrap=\"nowrap\" class=\"prngen4\">\n<p class=\"prnews_p\"><span class=\"prnews_span\">Turquia <\/span><\/p>\n<\/td>\n<td class=\"prngen6\"><\/td>\n<\/tr>\n<\/table>\n<\/div>\n<p><b>\u00a0<i>Tabela 2<\/i><\/b>\u00a0<\/p>\n<div>\n<table cellspacing=\"0\" cellpadding=\"0\" border=\"0\" class=\"prngen1\">\n<tr>\n<td class=\"prngen2\">\n<p class=\"prnews_p\"><span class=\"prnews_span\"><b>Pa\u00edses onde dentistas t\u00eam permiss\u00e3o para administrar a vacina<\/b>\u00a0<\/span><\/p>\n<\/td>\n<td class=\"prngen3\">\n<p class=\"prnews_p\"><span class=\"prnews_span\"><b>Pa\u00edses onde se confirmou que dentistas n\u00e3o ser\u00e3o inclu\u00eddos em grupos de vacina\u00e7\u00e3o priorit\u00e1rios<\/b>\u00a0<\/span><\/p>\n<\/td>\n<\/tr>\n<tr>\n<td nowrap=\"nowrap\" class=\"prngen4\">\n<p class=\"prnews_p\"><span class=\"prnews_span\">Camboja <\/span><\/p>\n<\/td>\n<td class=\"prngen5\">\n<p class=\"prnews_p\"><span class=\"prnews_span\">Austr\u00e1lia <\/span><\/p>\n<\/td>\n<\/tr>\n<tr>\n<td nowrap=\"nowrap\" class=\"prngen4\">\n<p class=\"prnews_p\"><span class=\"prnews_span\">Col\u00f4mbia <\/span><\/p>\n<\/td>\n<td class=\"prngen5\">\n<p class=\"prnews_p\"><span class=\"prnews_span\">\u00c1ustria <\/span><\/p>\n<\/td>\n<\/tr>\n<tr>\n<td nowrap=\"nowrap\" class=\"prngen4\">\n<p class=\"prnews_p\"><span class=\"prnews_span\">Egito <\/span><\/p>\n<\/td>\n<td class=\"prngen5\">\n<p class=\"prnews_p\"><span class=\"prnews_span\">Canad\u00e1 <\/span><\/p>\n<\/td>\n<\/tr>\n<tr>\n<td nowrap=\"nowrap\" class=\"prngen4\">\n<p class=\"prnews_p\"><span class=\"prnews_span\">\u00cdndia <\/span><\/p>\n<\/td>\n<td class=\"prngen5\">\n<p class=\"prnews_p\"><span class=\"prnews_span\">Chile <\/span><\/p>\n<\/td>\n<\/tr>\n<tr>\n<td nowrap=\"nowrap\" class=\"prngen4\">\n<p class=\"prnews_p\"><span class=\"prnews_span\">Indon\u00e9sia <\/span><\/p>\n<\/td>\n<td class=\"prngen5\">\n<p class=\"prnews_p\"><span class=\"prnews_span\">Dinamarca <\/span><\/p>\n<\/td>\n<\/tr>\n<tr>\n<td nowrap=\"nowrap\" class=\"prngen4\">\n<p class=\"prnews_p\"><span class=\"prnews_span\">L\u00edbano <\/span><\/p>\n<\/td>\n<td class=\"prngen5\">\n<p class=\"prnews_p\"><span class=\"prnews_span\">Egito <\/span><\/p>\n<\/td>\n<\/tr>\n<tr>\n<td nowrap=\"nowrap\" class=\"prngen4\">\n<p class=\"prnews_p\"><span class=\"prnews_span\">Nig\u00e9ria <\/span><\/p>\n<\/td>\n<td class=\"prngen5\">\n<p class=\"prnews_p\"><span class=\"prnews_span\">Ge\u00f3rgia <\/span><\/p>\n<\/td>\n<\/tr>\n<tr>\n<td nowrap=\"nowrap\" class=\"prngen4\">\n<p class=\"prnews_p\"><span class=\"prnews_span\">S\u00e9rvia <\/span><\/p>\n<\/td>\n<td class=\"prngen5\">\n<p class=\"prnews_p\"><span class=\"prnews_span\">Alemanha <\/span><\/p>\n<\/td>\n<\/tr>\n<tr>\n<td nowrap=\"nowrap\" class=\"prngen4\">\n<p class=\"prnews_p\"><span class=\"prnews_span\">Eslov\u00eania <\/span><\/p>\n<\/td>\n<td class=\"prngen5\">\n<p class=\"prnews_p\"><span class=\"prnews_span\">Gr\u00e9cia <\/span><\/p>\n<\/td>\n<\/tr>\n<tr>\n<td nowrap=\"nowrap\" class=\"prngen4\">\n<p class=\"prnews_p\"><span class=\"prnews_span\">Reino Unido <\/span><\/p>\n<\/td>\n<td class=\"prngen5\">\n<p class=\"prnews_p\"><span class=\"prnews_span\">Guam <\/span><\/p>\n<\/td>\n<\/tr>\n<tr>\n<td class=\"prngen4\">\n<p class=\"prnews_p\"><span class=\"prnews_span\">Estados Unidos <\/span><\/p>\n<\/td>\n<td class=\"prngen5\">\n<p class=\"prnews_p\"><span class=\"prnews_span\">Honduras <\/span><\/p>\n<\/td>\n<\/tr>\n<tr>\n<td class=\"prngen4\"><\/td>\n<td class=\"prngen5\">\n<p class=\"prnews_p\"><span class=\"prnews_span\">\u00cdndia <\/span><\/p>\n<\/td>\n<\/tr>\n<tr>\n<td class=\"prngen4\"><\/td>\n<td class=\"prngen5\">\n<p class=\"prnews_p\"><span class=\"prnews_span\">Indon\u00e9sia <\/span><\/p>\n<\/td>\n<\/tr>\n<tr>\n<td class=\"prngen4\"><\/td>\n<td class=\"prngen5\">\n<p class=\"prnews_p\"><span class=\"prnews_span\">Israel <\/span><\/p>\n<\/td>\n<\/tr>\n<tr>\n<td class=\"prngen4\"><\/td>\n<td class=\"prngen5\">\n<p class=\"prnews_p\"><span class=\"prnews_span\">Jap\u00e3o <\/span><\/p>\n<\/td>\n<\/tr>\n<tr>\n<td class=\"prngen4\"><\/td>\n<td class=\"prngen5\">\n<p class=\"prnews_p\"><span class=\"prnews_span\">L\u00edbano <\/span><\/p>\n<\/td>\n<\/tr>\n<tr>\n<td class=\"prngen4\"><\/td>\n<td class=\"prngen5\">\n<p class=\"prnews_p\"><span class=\"prnews_span\">Mianmar <\/span><\/p>\n<\/td>\n<\/tr>\n<tr>\n<td class=\"prngen4\"><\/td>\n<td class=\"prngen5\">\n<p class=\"prnews_p\"><span class=\"prnews_span\">Holanda <\/span><\/p>\n<\/td>\n<\/tr>\n<tr>\n<td class=\"prngen4\"><\/td>\n<td class=\"prngen5\">\n<p class=\"prnews_p\"><span class=\"prnews_span\">Panam\u00e1 <\/span><\/p>\n<\/td>\n<\/tr>\n<tr>\n<td class=\"prngen4\"><\/td>\n<td class=\"prngen5\">\n<p class=\"prnews_p\"><span class=\"prnews_span\">Portugal <\/span><\/p>\n<\/td>\n<\/tr>\n<tr>\n<td class=\"prngen4\"><\/td>\n<td class=\"prngen5\">\n<p class=\"prnews_p\"><span class=\"prnews_span\">R\u00fassia <\/span><\/p>\n<\/td>\n<\/tr>\n<tr>\n<td class=\"prngen4\"><\/td>\n<td class=\"prngen5\">\n<p class=\"prnews_p\"><span class=\"prnews_span\">S\u00e9rvia <\/span><\/p>\n<\/td>\n<\/tr>\n<tr>\n<td class=\"prngen4\"><\/td>\n<td class=\"prngen5\">\n<p class=\"prnews_p\"><span class=\"prnews_span\">Seychelles <\/span><\/p>\n<\/td>\n<\/tr>\n<tr>\n<td class=\"prngen4\"><\/td>\n<td class=\"prngen5\">\n<p class=\"prnews_p\"><span class=\"prnews_span\">Eslov\u00e1quia <\/span><\/p>\n<\/td>\n<\/tr>\n<tr>\n<td class=\"prngen4\"><\/td>\n<td class=\"prngen5\">\n<p class=\"prnews_p\"><span class=\"prnews_span\">Eslov\u00eania <\/span><\/p>\n<\/td>\n<\/tr>\n<tr>\n<td class=\"prngen4\"><\/td>\n<td class=\"prngen5\">\n<p class=\"prnews_p\"><span class=\"prnews_span\">Espanha <\/span><\/p>\n<\/td>\n<\/tr>\n<tr>\n<td class=\"prngen4\"><\/td>\n<td class=\"prngen5\">\n<p class=\"prnews_p\"><span class=\"prnews_span\">Sri Lanka <\/span><\/p>\n<\/td>\n<\/tr>\n<tr>\n<td class=\"prngen4\"><\/td>\n<td class=\"prngen5\">\n<p class=\"prnews_p\"><span class=\"prnews_span\">Turquia <\/span><\/p>\n<\/td>\n<\/tr>\n<tr>\n<td class=\"prngen4\"><\/td>\n<td class=\"prngen5\">\n<p class=\"prnews_p\"><span class=\"prnews_span\">Ucr\u00e2nia <\/span><\/p>\n<\/td>\n<\/tr>\n<tr>\n<td class=\"prngen4\"><\/td>\n<td class=\"prngen5\">\n<p class=\"prnews_p\"><span class=\"prnews_span\">Reino Unido <\/span><\/p>\n<\/td>\n<\/tr>\n<\/table>\n<\/div>\n<p><i>Fonte: Pesquisa com membros da FDI de novembro de 2020 a janeiro de 2021. A pesquisa foi enviada a 113 pa\u00edses.<\/i>\u00a0<\/p>\n<p>\u00a0<\/p>\n<p>FONTE  FDI World Dental Federation<\/p>\n<\/div>\n<p><img decoding=\"async\" alt=\"\" src=\"https:\/\/rt.prnewswire.com\/rt.gif?NewsItemId=PT86887&amp;Transmission_Id=202102241801PR_NEWS_LATAM____PT86887&amp;DateId=20210224\" \/><\/p>\n<p>PR NEWSWIRE<\/p>\n","protected":false},"excerpt":{"rendered":"Nova pesquisa global da Federa\u00e7\u00e3o Dent\u00e1ria Internacional (FDI) revela que dois ter\u00e7os dos pa\u00edses n\u00e3o est\u00e3o permitindo que dentistas administrem vacinas contra a COVID-19 A pesquisa tamb\u00e9m","protected":false},"author":1,"featured_media":30052,"comment_status":"closed","ping_status":"closed","sticky":false,"template":"","format":"standard","meta":{"_acf_changed":false,"inline_featured_image":false,"_monsterinsights_skip_tracking":false,"_monsterinsights_sitenote_active":false,"_monsterinsights_sitenote_note":"","_monsterinsights_sitenote_category":0,"footnotes":""},"categories":[31],"tags":[],"class_list":["post-30051","post","type-post","status-publish","format-standard","has-post-thumbnail","hentry","category-prnewsinternacional"],"acf":[],"_links":{"self":[{"href":"https:\/\/bluestudio.estadao.com.br\/agencia-de-comunicacao\/wp-json\/wp\/v2\/posts\/30051","targetHints":{"allow":["GET"]}}],"collection":[{"href":"https:\/\/bluestudio.estadao.com.br\/agencia-de-comunicacao\/wp-json\/wp\/v2\/posts"}],"about":[{"href":"https:\/\/bluestudio.estadao.com.br\/agencia-de-comunicacao\/wp-json\/wp\/v2\/types\/post"}],"author":[{"embeddable":true,"href":"https:\/\/bluestudio.estadao.com.br\/agencia-de-comunicacao\/wp-json\/wp\/v2\/users\/1"}],"replies":[{"embeddable":true,"href":"https:\/\/bluestudio.estadao.com.br\/agencia-de-comunicacao\/wp-json\/wp\/v2\/comments?post=30051"}],"version-history":[{"count":0,"href":"https:\/\/bluestudio.estadao.com.br\/agencia-de-comunicacao\/wp-json\/wp\/v2\/posts\/30051\/revisions"}],"wp:featuredmedia":[{"embeddable":true,"href":"https:\/\/bluestudio.estadao.com.br\/agencia-de-comunicacao\/wp-json\/"}],"wp:attachment":[{"href":"https:\/\/bluestudio.estadao.com.br\/agencia-de-comunicacao\/wp-json\/wp\/v2\/media?parent=30051"}],"wp:term":[{"taxonomy":"category","embeddable":true,"href":"https:\/\/bluestudio.estadao.com.br\/agencia-de-comunicacao\/wp-json\/wp\/v2\/categories?post=30051"},{"taxonomy":"post_tag","embeddable":true,"href":"https:\/\/bluestudio.estadao.com.br\/agencia-de-comunicacao\/wp-json\/wp\/v2\/tags?post=30051"}],"curies":[{"name":"wp","href":"https:\/\/api.w.org\/{rel}","templated":true}]}}