{"id":28665,"date":"2021-02-18T06:42:00","date_gmt":"2021-02-18T06:42:00","guid":{"rendered":"http:\/\/patrocinados.estadao.com.br\/medialab\/agenciacomunicacao\/prnewswire\/prnewsinternacional\/pr-newswire-internacional-croplife-brasil-safra-do-milho-deve-ter-queda-de-pelo-menos-8-na-regiao-sul\/"},"modified":"2021-02-18T06:42:00","modified_gmt":"2021-02-18T06:42:00","slug":"pr-newswire-internacional-croplife-brasil-safra-do-milho-deve-ter-queda-de-pelo-menos-8-na-regiao-sul","status":"publish","type":"post","link":"https:\/\/bluestudio.estadao.com.br\/agencia-de-comunicacao\/prnewswire\/prnewsinternacional\/pr-newswire-internacional-croplife-brasil-safra-do-milho-deve-ter-queda-de-pelo-menos-8-na-regiao-sul\/","title":{"rendered":"PR NEWSWIRE &#8211; INTERNACIONAL :: CropLife Brasil*: Safra do milho deve ter queda de pelo menos 8% na regi\u00e3o Sul"},"content":{"rendered":"<div class=\"xn-newslines\">\n<h1 class=\"xn-hedline\">CropLife Brasil*: Safra do milho deve ter queda de pelo menos 8% na regi\u00e3o Sul<\/h1>\n<h2 class=\"xn-hedline\">Conjun\u00e7\u00e3o de fatores como clima, doen\u00e7as e ataques da cigarrinha-do-milho est\u00e3o estre as causas apontadas por pesquisadores<\/h2>\n<p class=\"xn-distributor\">PR Newswire<\/p>\n<p class=\"xn-dateline\">S\u00c3O PAULO, 18 de fevereiro de 2021<\/p>\n<\/div>\n<div class=\"xn-content\">\nS\u00c3O PAULO, 18 de fevereiro de 2021 \/PRNewswire\/ &#8212; Clima, cigarrinha,\u00a0doen\u00e7as e pr\u00e1ticas culturais. Tudo isso afetou o milho de 1\u00aa safra no\u00a0Sul do Brasil.\u00a0De acordo com\u00a0estimativas\u00a0da Companhia Nacional de Abastecimento (CONAB), a produ\u00e7\u00e3o na regi\u00e3o deve apresentar uma queda de\u00a0ao menos\u00a08%. Na safra 2019\/20, os tr\u00eas estados do Sul colheram 10.249 milh\u00f5es de toneladas. Este ano, n\u00e3o devem passar de 9.408 milh\u00f5es de toneladas.\u00a0<\/p>\n<div class=\"PRN_ImbeddedAssetReference\" id=\"DivAssetPlaceHolder4456\">\n<a href=\"https:\/\/mma.prnewswire.com\/media\/1440182\/CropLife_Mario_Castello.html\" target=\"_blank\" rel=\"noopener\"><img decoding=\"async\" src=\"https:\/\/mma.prnewswire.com\/media\/1440182\/CropLife_Mario_Castello.jpg\" alt=\"Cr\u00e9dito M\u00e1rio Castello\" \/><\/a><\/p>\n<\/div>\n<p>Os levantamentos realizados nas regi\u00f5es mais afetadas detectaram m\u00e1 forma\u00e7\u00e3o das espigas, multi-espigamento, empalhamento anormal,\u00a0necroses na base e ao longo das espigas, morte prematura das espigas e menor peso de gr\u00e3os. Muitas \u00e1reas apresentaram\u00a0tamb\u00e9m\u00a0tombamento e morte prematura de plantas.\u00a0\u00a0<\/p>\n<p>Por conta desse cen\u00e1rio, os produtores da regi\u00e3o temem n\u00e3o conseguir honrar os contratos com as tradings e\u00a0cooperativas pelo simples fato de n\u00e3o haver milho dispon\u00edvel para ser entregue.\u00a0O pre\u00e7o internacional da commodity estimulou o aumento da \u00e1rea plantada do gr\u00e3o e grande parte da produ\u00e7\u00e3o de 2021 foi vendida antecipadamente em raz\u00e3o do c\u00e2mbio favor\u00e1vel.\u00a0Internamente, o pa\u00eds vive um desabastecimento em fun\u00e7\u00e3o do enorme volume exportado no ano passado.\u00a0<\/p>\n<p>Entre os especialistas, h\u00e1 um consenso de que os problemas decorreram de uma conjun\u00e7\u00e3o de fatores.\u00a0Em rela\u00e7\u00e3o ao clima, estiagem no inverno, geadas tardias e excesso de chuva no ver\u00e3o provocaram perdas e favoreceram a dissemina\u00e7\u00e3o de pragas e doen\u00e7as, especialmente\u00a0no sudoeste do Paran\u00e1, oeste de <span class=\"xn-person\">Santa Catarina<\/span> e, tamb\u00e9m, em boa parte do Rio Grande do Sul.<\/p>\n<p><b>Influ\u00eancia do La\u00a0<\/b><b>Ni\u00f1a<\/b>\u00a0<\/p>\n<p>&#8220;Em 2020, o Brasil esteve sob a influ\u00eancia do fen\u00f4meno clim\u00e1tico La\u00a0Ni\u00f1a, que resfria a \u00e1gua do\u00a0Oceano\u00a0Pac\u00edfico e, entre outras consequ\u00eancias, interfere no regime de chuvas&#8221;, explica\u00a0Desir\u00e9e\u00a0Brandt, meteorologista da Somar Meteorologia. &#8220;Esse fen\u00f4meno costuma provocar estiagem no Sul. Entre agosto e novembro de 2020, nos tr\u00eas estados da regi\u00e3o, as chuvas ficaram 50% abaixo da m\u00e9dia para o per\u00edodo&#8221;, diz\u00a0Desir\u00e9e.\u00a0<\/p>\n<p>A estiagem atrasou a semeadura e estendeu a janela de plantio em algumas regi\u00f5es. A falta de chuva tamb\u00e9m causou eleva\u00e7\u00e3o das temperaturas favorecendo a multiplica\u00e7\u00e3o de pragas, como a cigarrinha-do-milho, vetor de tr\u00eas doen\u00e7as prejudiciais para a lavoura do milho: risca do milho (virose rayado fino), enfezamento p\u00e1lido e enfezamento vermelho. Os dois \u00faltimos s\u00e3o causados por micro-organismos chamados molicutes.<\/p>\n<p>A manifesta\u00e7\u00e3o dos sintomas do complexo de enfezamento se deu em diferentes intensidades. Foi mais severa em algumas \u00e1reas de <span class=\"xn-person\">Santa Catarina<\/span> (Oeste, Meio Oeste e Planalto Norte) e no Paran\u00e1 e mais branda no Rio Grande do Sul.\u00a0<\/p>\n<p>&#8220;Como as cigarrinhas t\u00eam prefer\u00eancia por plantas jovens, assim que o milho germina j\u00e1 \u00e9 atacado pela praga que, se for portadora do v\u00edrus ou dos\u00a0molicutes, vai transmitir as doen\u00e7as&#8221;,\u00a0diz o fitopatologista Ricardo\u00a0Trezzi\u00a0Casa, professor da Universidade do Estado de <span class=\"xn-person\">Santa Catarina<\/span> (UDESC).\u00a0\u00a0<\/p>\n<p>Em dezembro, a chuva caiu com intensidade no Sul do pa\u00eds, principalmente nas partes centrais do Rio Grande do Sul e de <span class=\"xn-person\">Santa Catarina<\/span>. O clima quente e \u00famido trouxe mais problemas para o milho. &#8220;A incid\u00eancia\u00a0de fungos e bact\u00e9rias aumentou&#8221;, explica\u00a0Casa. Fusariose, antracnose e mancha\u00a0diplodia\u00a0foram algumas das doen\u00e7as que surgiram. Como consequ\u00eancia, tamb\u00e9m houve aumento nos casos\u00a0de podrid\u00e3o do colmo, de raiz e da espiga.\u00a0\u00a0<\/p>\n<p><b>Controle com boas pr\u00e1ticas<\/b>\u00a0<\/p>\n<p>Os pesquisadores alertam para a necessidade de ado\u00e7\u00e3o de boas pr\u00e1ticas e monitoramento, especialmente quando se intensifica a produ\u00e7\u00e3o.\u00a0Medidas como tratamento de sementes, rota\u00e7\u00e3o de culturas\u00a0e a escolha de materiais adequados facilita o controle de pragas indesejadas.\u00a0<\/p>\n<p>Para evitar quebras nas pr\u00f3ximas safras as seguintes a\u00e7\u00f5es s\u00e3o recomend\u00e1veis:\u00a0\u00a0\u00a0<\/p>\n<ul>\n<li>Tratamento de sementes; <\/li>\n<li>Rota\u00e7\u00e3o de culturas; <\/li>\n<li>Elimina\u00e7\u00e3o e controle de plantas tigueras e invasoras que podem abrigar pragas e doen\u00e7as; <\/li>\n<li>Monitoramento de pragas e doen\u00e7as, que permitem o controle sempre que necess\u00e1rio e no momento certo; <\/li>\n<li><span class=\"xn-person\">Uso de<\/span> defensivos agr\u00edcolas registrados para a cultura, a praga e\/ou doen\u00e7a e nas doses indicadas para cada alvo, de acordo com as orienta\u00e7\u00f5es contidas nas bulas; <\/li>\n<li>Escolha de cultivares adequadas \u00e0 cada regi\u00e3o, considerando a maior ou menor suscetibilidade \u00e0s pragas e doen\u00e7as existentes naquele local; <\/li>\n<li>Utiliza\u00e7\u00e3o de densidades de plantio adequadas; <\/li>\n<li>Defini\u00e7\u00e3o da janela de semeadura levando em considera\u00e7\u00e3o o Zoneamento Agr\u00edcola de Risco Clim\u00e1tico; <\/li>\n<li>Manejo nutricional equilibrado. <\/li>\n<li>Cria\u00e7\u00e3o de sistemas de monitoramento regionais de pragas e doen\u00e7as;<\/li>\n<\/ul>\n<p>&#8220;Precisamos de estrat\u00e9gias para equilibrar e produzir com mais sustentabilidade&#8221;, diz <span class=\"xn-person\">Ivan Cruz<\/span>, pesquisador da Embrapa Milho e Sorgo e doutor em manejo integrado de pragas. &#8220;\u00c9 preciso planejar e pensar os sistemas de forma integrada, considerando todas as culturas plantadas ao longo do ano&#8221;, completa.<\/p>\n<p>*<b>CropLife Brasil (CLB)<\/b> \u00e9 uma associa\u00e7\u00e3o que re\u00fane especialistas, institui\u00e7\u00f5es e empresas que atuam na pesquisa e desenvolvimento de tecnologias em quatro \u00e1reas essenciais para a produ\u00e7\u00e3o agr\u00edcola sustent\u00e1vel: germoplasma (mudas e sementes), biotecnologia, defensivos qu\u00edmicos e produtos biol\u00f3gicos.<\/p>\n<p>Foto &#8211; <a target=\"_blank\" href=\"https:\/\/mma.prnewswire.com\/media\/1440182\/CropLife_Mario_Castello.jpg\" rel=\"noopener\">https:\/\/mma.prnewswire.com\/media\/1440182\/CropLife_Mario_Castello.jpg<\/a> <\/p>\n<div class=\"PRN_ImbeddedAssetReference\" id=\"DivAssetPlaceHolder0\"><\/div>\n<p>FONTE  CropLife<\/p>\n<\/div>\n<p><img decoding=\"async\" alt=\"\" src=\"https:\/\/rt.prnewswire.com\/rt.gif?NewsItemId=PT83123&amp;Transmission_Id=202102180430PR_NEWS_LATAM____PT83123&amp;DateId=20210218\" \/><\/p>\n<p>PR NEWSWIRE<\/p>\n","protected":false},"excerpt":{"rendered":"CropLife Brasil*: Safra do milho deve ter queda de pelo menos 8% na regi\u00e3o Sul Conjun\u00e7\u00e3o de fatores como clima, doen\u00e7as e ataques da cigarrinha-do-milho est\u00e3o estre as causas apontadas por","protected":false},"author":1,"featured_media":28666,"comment_status":"closed","ping_status":"closed","sticky":false,"template":"","format":"standard","meta":{"_acf_changed":false,"inline_featured_image":false,"_monsterinsights_skip_tracking":false,"_monsterinsights_sitenote_active":false,"_monsterinsights_sitenote_note":"","_monsterinsights_sitenote_category":0,"footnotes":""},"categories":[31],"tags":[],"class_list":["post-28665","post","type-post","status-publish","format-standard","has-post-thumbnail","hentry","category-prnewsinternacional"],"acf":[],"_links":{"self":[{"href":"https:\/\/bluestudio.estadao.com.br\/agencia-de-comunicacao\/wp-json\/wp\/v2\/posts\/28665","targetHints":{"allow":["GET"]}}],"collection":[{"href":"https:\/\/bluestudio.estadao.com.br\/agencia-de-comunicacao\/wp-json\/wp\/v2\/posts"}],"about":[{"href":"https:\/\/bluestudio.estadao.com.br\/agencia-de-comunicacao\/wp-json\/wp\/v2\/types\/post"}],"author":[{"embeddable":true,"href":"https:\/\/bluestudio.estadao.com.br\/agencia-de-comunicacao\/wp-json\/wp\/v2\/users\/1"}],"replies":[{"embeddable":true,"href":"https:\/\/bluestudio.estadao.com.br\/agencia-de-comunicacao\/wp-json\/wp\/v2\/comments?post=28665"}],"version-history":[{"count":0,"href":"https:\/\/bluestudio.estadao.com.br\/agencia-de-comunicacao\/wp-json\/wp\/v2\/posts\/28665\/revisions"}],"wp:featuredmedia":[{"embeddable":true,"href":"https:\/\/bluestudio.estadao.com.br\/agencia-de-comunicacao\/wp-json\/"}],"wp:attachment":[{"href":"https:\/\/bluestudio.estadao.com.br\/agencia-de-comunicacao\/wp-json\/wp\/v2\/media?parent=28665"}],"wp:term":[{"taxonomy":"category","embeddable":true,"href":"https:\/\/bluestudio.estadao.com.br\/agencia-de-comunicacao\/wp-json\/wp\/v2\/categories?post=28665"},{"taxonomy":"post_tag","embeddable":true,"href":"https:\/\/bluestudio.estadao.com.br\/agencia-de-comunicacao\/wp-json\/wp\/v2\/tags?post=28665"}],"curies":[{"name":"wp","href":"https:\/\/api.w.org\/{rel}","templated":true}]}}