{"id":28577,"date":"2021-02-16T09:12:00","date_gmt":"2021-02-16T09:12:00","guid":{"rendered":"http:\/\/patrocinados.estadao.com.br\/medialab\/agenciacomunicacao\/prnewswire\/prnewsinternacional\/pr-newswire-internacional-crise-medica-do-noma-lendas-do-futebol-africano-fazem-apelo-por-doacoes-para-salvar-criancas-sem-rosto\/"},"modified":"2021-02-16T09:12:00","modified_gmt":"2021-02-16T09:12:00","slug":"pr-newswire-internacional-crise-medica-do-noma-lendas-do-futebol-africano-fazem-apelo-por-doacoes-para-salvar-criancas-sem-rosto","status":"publish","type":"post","link":"https:\/\/bluestudio.estadao.com.br\/agencia-de-comunicacao\/prnewswire\/prnewsinternacional\/pr-newswire-internacional-crise-medica-do-noma-lendas-do-futebol-africano-fazem-apelo-por-doacoes-para-salvar-criancas-sem-rosto\/","title":{"rendered":"PR NEWSWIRE &#8211; INTERNACIONAL :: Crise m\u00e9dica do noma: lendas do futebol africano fazem apelo por doa\u00e7\u00f5es para salvar &#8220;crian\u00e7as sem rosto&#8221;"},"content":{"rendered":"<div class=\"xn-newslines\">\n<h1 class=\"xn-hedline\">Crise m\u00e9dica do noma: lendas do futebol africano fazem apelo por doa\u00e7\u00f5es para salvar &#8220;crian\u00e7as sem rosto&#8221;<\/h1>\n<p class=\"xn-distributor\">PR Newswire<\/p>\n<p class=\"xn-dateline\">PARIS, 16 de fevereiro de 2021<\/p>\n<\/div>\n<div class=\"xn-content\">\n<span class=\"xn-location\">PARIS<\/span>, 16 de fevereiro de 2021 \/PRNewswire\/ &#8212;\u00a0<b>Embora afete mais de 140 mil crian\u00e7as a cada ano, o noma continua sendo uma doen\u00e7a pouco conhecida entre o p\u00fablico em geral. Derivada da palavra grega &#8220;nomein&#8221;, que significa &#8220;devorar&#8221;, a doen\u00e7a destr\u00f3i o rosto, resultando na morte da crian\u00e7a em 90% dos casos. Para combater este flagelo, em 2019, o ex-jogador de futebol <span class=\"xn-person\">Roger Milla<\/span> criou a associa\u00e7\u00e3o Noma Fund. Ao lado de ex-jogadores internacionais como <span class=\"xn-person\">Joseph-Antoine Bell<\/span>, Fran\u00e7ois Omam-Biyik, <span class=\"xn-person\">Patrick Mboma<\/span>, <span class=\"xn-person\">Rigobert Song<\/span> e <span class=\"xn-person\">Jacques Songo<\/span>&#8216;o, ele lan\u00e7a hoje um apelo global por doa\u00e7\u00f5es para salvar a vida das chamadas &#8220;crian\u00e7as sem rosto&#8221;.<\/b><\/p>\n<p>Para ver o comunicado de imprensa multim\u00eddia, acesse: <a target=\"_blank\" href=\"https:\/\/www.multivu.com\/players\/uk\/8850051-noma-medical-crisis-african-football-legends-launch-appeal\/\" rel=\"noopener\">https:\/\/www.multivu.com\/players\/uk\/8850051-noma-medical-crisis-african-football-legends-launch-appeal\/<\/a>.<\/p>\n<p><b>Erradica\u00e7\u00e3o do noma at\u00e9 2030<\/b> <\/p>\n<p>Como parte do projeto &#8220;Acting Against Noma 2021-2030&#8221;, que foi lan\u00e7ado oficialmente em 20 de novembro, <span class=\"xn-person\">Roger Milla<\/span> est\u00e1 convocando pessoas em todo o mundo para participar de uma grande campanha de arrecada\u00e7\u00e3o de fundos. O objetivo \u00e9 financiar um plano de a\u00e7\u00e3o que visa erradicar completamente o noma at\u00e9 2030, implementando uma pol\u00edtica de conscientiza\u00e7\u00e3o, preven\u00e7\u00e3o e cuidado nas regi\u00f5es mais afetadas.<\/p>\n<p>Entre outras coisas, os fundos ser\u00e3o usados para construir um hospital regional de refer\u00eancia em Yaound\u00e9, al\u00e9m de centros de atendimento e primeiros socorros em dez pa\u00edses do projeto na \u00c1frica: Camar\u00f5es, Costa do Marfim, Rep\u00fablica Centro-Africana, Guin\u00e9 Equatorial, Lib\u00e9ria, Nig\u00e9ria, <span class=\"xn-location\">Togo<\/span>, Rep\u00fablica Democr\u00e1tica do <span class=\"xn-location\">Congo<\/span>, <span class=\"xn-location\">Senegal<\/span> e Chade.<\/p>\n<p><b><span class=\"xn-money\">20 euros<\/span> =\u00a0uma crian\u00e7a atendida<\/b> <\/p>\n<p>Para ajudar <span class=\"xn-person\">Roger Milla<\/span> a combater o noma, todas as contribui\u00e7\u00f5es s\u00e3o importantes e, no site da funda\u00e7\u00e3o, as doa\u00e7\u00f5es podem ser feitas a partir de\u00a0cinco euros. Totalmente transparentes e seguros, os pagamentos s\u00e3o feitos por meio do PayPal, plataforma especializada em arrecada\u00e7\u00f5es para ONGs e associa\u00e7\u00f5es internacionais.<\/p>\n<p><i>&#8220;Cada pessoa pode doar de acordo com suas possibilidades&#8221;, <\/i>refor\u00e7a <span class=\"xn-person\">Roger Milla<\/span>.\u00a0<i>&#8220;A situa\u00e7\u00e3o das crian\u00e7as com noma \u00e9 ainda mais chocante pois as solu\u00e7\u00f5es existem e est\u00e3o ao nosso alcance. O tratamento do noma pode ser feito com um medicamento simples e relativamente barato. Mas para as pessoas em situa\u00e7\u00e3o de extrema pobreza que s\u00e3o afetadas por esta doen\u00e7a, o medicamento \u00e9 totalmente inacess\u00edvel.&#8221;<\/i><\/p>\n<p>Para exemplificar, <span class=\"xn-money\">20 euros<\/span> s\u00e3o suficientes para curar uma crian\u00e7a administrando um tratamento completo (antibi\u00f3ticos, vitaminas e enxaguante bucal desinfetante) assim que surgirem os primeiros sintomas e antes que a doen\u00e7a comece sua r\u00e1pida evolu\u00e7\u00e3o.<\/p>\n<p><b>Um hospital especializado instalado na \u00c1frica para tratar crian\u00e7as gratuitamente<\/b>\u00a0<\/p>\n<p>Sem preven\u00e7\u00e3o e sem acesso a cuidados adequados, a \u00fanica chance que essas crian\u00e7as t\u00eam de superar isso \u00e9 serem internadas em um hospital especializado. Atualmente, os raros casos que recebem tratamento s\u00e3o transferidos para hospitais europeus a um custo exorbitante.\u00a0<i>&#8220;Apenas\u00a0oito\u00a0crian\u00e7as puderam se beneficiar disso em 2019&#8221;,<\/i> explica <span class=\"xn-person\">Roger Milla<\/span>, com pesar.<\/p>\n<p>Com previs\u00e3o de inaugura\u00e7\u00e3o no primeiro trimestre de 2022, o hospital de refer\u00eancia prestar\u00e1 atendimento cir\u00fargico completo e gratuito, reconstru\u00e7\u00e3o facial e servi\u00e7os de reabilita\u00e7\u00e3o para pacientes do noma de toda a \u00c1frica. A constru\u00e7\u00e3o foi reservada a um terreno pr\u00f3ximo ao aeroporto de Yaound\u00e9-Nsimalen, disponibilizado pelo Estado camaron\u00eas.<\/p>\n<p><i>&#8220;A OMS, bem como a \u00a0Federa\u00e7\u00e3o Internacional NoNoma\u00a0e a funda\u00e7\u00e3o\u00a0Winds of Hope\u00a0tamb\u00e9m nos\u00a0deram garantias de seu apoio&#8221;, <\/i>\u00a0disse <span class=\"xn-person\">Roger Milla<\/span><i>.<\/i><\/p>\n<p><b>Sobre o Noma Fund<\/b> <\/p>\n<p>O Noma Fund \u00e9 uma associa\u00e7\u00e3o dedicada \u00e0 luta contra &#8220;a face da pobreza&#8221;.\u00a0<\/p>\n<p>Criado em <span class=\"xn-location\">Paris<\/span> em janeiro de 2019, o Noma Fund visa erradicar completamente a doen\u00e7a do noma, tamb\u00e9m conhecida como a &#8220;face da pobreza&#8221;. Para atingir este objetivo, a associa\u00e7\u00e3o planeja implementar a\u00e7\u00f5es direcionadas e eficazes em dez pa\u00edses em foco na \u00c1frica: Camar\u00f5es, Costa do Marfim, Rep\u00fablica Centro-Africana, Guin\u00e9 Equatorial, Lib\u00e9ria, Nig\u00e9ria, <span class=\"xn-location\">Togo<\/span>, Rep\u00fablica Democr\u00e1tica do <span class=\"xn-location\">Congo<\/span>, <span class=\"xn-location\">Senegal<\/span> e Chade.\u00a0<\/p>\n<p>O plano de a\u00e7\u00e3o &#8220;Acting Against Noma 2021-2030&#8221; come\u00e7a com uma fase de conscientiza\u00e7\u00e3o, com o objetivo de divulgar a doen\u00e7a entre as popula\u00e7\u00f5es e os tomadores de decis\u00e3o globais. A segunda fase ter\u00e1 como foco a preven\u00e7\u00e3o. Envolver\u00e1 a implementa\u00e7\u00e3o de campanhas de triagem em escolas e entre fam\u00edlias localizadas no centro de \u00e1reas com altas taxas de incid\u00eancia da doen\u00e7a. Finalmente, a terceira fase do plano \u00e9 a constru\u00e7\u00e3o de um hospital de refer\u00eancia localizado em Yaound\u00e9, que prestar\u00e1 atendimento especializado aos pacientes com noma. Ao mesmo tempo, ser\u00e3o constru\u00eddos centros de acolhimento e reinser\u00e7\u00e3o social nos dez pa\u00edses do projeto.<\/p>\n<p><b>Sobre\u00a0Roger Milla<\/b>\u00a0<\/p>\n<p>Eleito o melhor jogador africano dos \u00faltimos 50 anos, <span class=\"xn-person\">Roger Milla<\/span> deixou sua marca em toda uma gera\u00e7\u00e3o.\u00a0<\/p>\n<p>Hoje, ele dedica sua vida aos seus engajamentos humanit\u00e1rios. Presidente da Fondation C?ur d&#8217;Afrique, em 2018 ele descobriu o noma. Um ano depois, em 2019, ao lado de outros grandes nomes do futebol, ele fundou o Noma Fund.<\/p>\n<div id=\"prni_dvprnevid6ef2left\"> <\/div>\n<p>\u00a0<\/p>\n<p>\u00a0<\/p>\n<p>\u00a0<\/p>\n<div id=\"prni_dvprnejpgd985left\"><img decoding=\"async\" src=\"https:\/\/mma.prnewswire.com\/media\/1433203\/Association_Noma_Fund.jpg\" \/><\/div>\n<p>\u00a0<\/p>\n<div id=\"prni_dvprnejpgcdf1left\"><img decoding=\"async\" alt=\"Noma Fund Logo\" src=\"https:\/\/mma.prnewswire.com\/media\/1433202\/Noma_Fund_Logo.jpg\" \/><\/div>\n<p>\u00a0<\/p>\n<p>V\u00eddeo &#8211; <a target=\"_blank\" href=\"https:\/\/www.youtube.com\/watch?v=JExMz3ctLXc&amp;feature=emb_logo\" rel=\"noopener\">https:\/\/www.youtube.com\/watch?v=JExMz3ctLXc&amp;feature=emb_logo<\/a> <br \/>Foto &#8211; <a target=\"_blank\" href=\"https:\/\/mma.prnewswire.com\/media\/1433203\/Association_Noma_Fund.jpg\" rel=\"noopener\">https:\/\/mma.prnewswire.com\/media\/1433203\/Association_Noma_Fund.jpg<\/a><br \/>Logotipo &#8211; <a target=\"_blank\" href=\"https:\/\/mma.prnewswire.com\/media\/1433202\/Noma_Fund_Logo.jpg\" rel=\"noopener\">https:\/\/mma.prnewswire.com\/media\/1433202\/Noma_Fund_Logo.jpg<\/a><\/p>\n<p><b>Contato:<\/b> <br \/>Roger Milla\u00a0<br \/><a target=\"_blank\" href=\"mailto:roger.milla@noma-fund.org\" rel=\"noopener\">roger.milla@noma-fund.org<\/a>\u00a0<br \/>+33 (0)1 87 66 67 45<\/p>\n<p>\u00a0\u00a0 <\/p>\n<p>FONTE  Association Noma Fund<\/p>\n<\/div>\n<p><img decoding=\"async\" alt=\"\" src=\"https:\/\/rt.prnewswire.com\/rt.gif?NewsItemId=PT68986&amp;Transmission_Id=202102160700PR_NEWS_LATAM____PT68986&amp;DateId=20210216\" \/><\/p>\n<p>PR NEWSWIRE<\/p>\n","protected":false},"excerpt":{"rendered":"Crise m\u00e9dica do noma: lendas do futebol africano fazem apelo por doa\u00e7\u00f5es para salvar &#8220;crian\u00e7as sem rosto&#8221; PR Newswire PARIS, 16 de fevereiro de 2021 PARIS, 16 de fevereiro de 2021","protected":false},"author":1,"featured_media":28578,"comment_status":"closed","ping_status":"closed","sticky":false,"template":"","format":"standard","meta":{"_acf_changed":false,"inline_featured_image":false,"_monsterinsights_skip_tracking":false,"_monsterinsights_sitenote_active":false,"_monsterinsights_sitenote_note":"","_monsterinsights_sitenote_category":0,"footnotes":""},"categories":[31],"tags":[],"class_list":["post-28577","post","type-post","status-publish","format-standard","has-post-thumbnail","hentry","category-prnewsinternacional"],"acf":[],"_links":{"self":[{"href":"https:\/\/bluestudio.estadao.com.br\/agencia-de-comunicacao\/wp-json\/wp\/v2\/posts\/28577","targetHints":{"allow":["GET"]}}],"collection":[{"href":"https:\/\/bluestudio.estadao.com.br\/agencia-de-comunicacao\/wp-json\/wp\/v2\/posts"}],"about":[{"href":"https:\/\/bluestudio.estadao.com.br\/agencia-de-comunicacao\/wp-json\/wp\/v2\/types\/post"}],"author":[{"embeddable":true,"href":"https:\/\/bluestudio.estadao.com.br\/agencia-de-comunicacao\/wp-json\/wp\/v2\/users\/1"}],"replies":[{"embeddable":true,"href":"https:\/\/bluestudio.estadao.com.br\/agencia-de-comunicacao\/wp-json\/wp\/v2\/comments?post=28577"}],"version-history":[{"count":0,"href":"https:\/\/bluestudio.estadao.com.br\/agencia-de-comunicacao\/wp-json\/wp\/v2\/posts\/28577\/revisions"}],"wp:featuredmedia":[{"embeddable":true,"href":"https:\/\/bluestudio.estadao.com.br\/agencia-de-comunicacao\/wp-json\/"}],"wp:attachment":[{"href":"https:\/\/bluestudio.estadao.com.br\/agencia-de-comunicacao\/wp-json\/wp\/v2\/media?parent=28577"}],"wp:term":[{"taxonomy":"category","embeddable":true,"href":"https:\/\/bluestudio.estadao.com.br\/agencia-de-comunicacao\/wp-json\/wp\/v2\/categories?post=28577"},{"taxonomy":"post_tag","embeddable":true,"href":"https:\/\/bluestudio.estadao.com.br\/agencia-de-comunicacao\/wp-json\/wp\/v2\/tags?post=28577"}],"curies":[{"name":"wp","href":"https:\/\/api.w.org\/{rel}","templated":true}]}}