{"id":28494,"date":"2021-02-12T12:13:00","date_gmt":"2021-02-12T12:13:00","guid":{"rendered":"http:\/\/patrocinados.estadao.com.br\/medialab\/agenciacomunicacao\/prnewswire\/prnewsinternacional\/pr-newswire-internacional-estreia-este-mes-a-minisserie-sempre-foi-deus\/"},"modified":"2021-02-12T12:13:00","modified_gmt":"2021-02-12T12:13:00","slug":"pr-newswire-internacional-estreia-este-mes-a-minisserie-sempre-foi-deus","status":"publish","type":"post","link":"https:\/\/bluestudio.estadao.com.br\/agencia-de-comunicacao\/prnewswire\/prnewsinternacional\/pr-newswire-internacional-estreia-este-mes-a-minisserie-sempre-foi-deus\/","title":{"rendered":"PR NEWSWIRE &#8211; INTERNACIONAL :: Estreia este m\u00eas a miniss\u00e9rie Sempre Foi Deus"},"content":{"rendered":"<div class=\"xn-newslines\">\n<h1 class=\"xn-hedline\">Estreia este m\u00eas a miniss\u00e9rie Sempre Foi Deus<\/h1>\n<p class=\"xn-distributor\">PR Newswire<\/p>\n<p class=\"xn-dateline\">S\u00c3O PAULO, 12 de fevereiro de 2021<\/p>\n<\/div>\n<div class=\"xn-content\">\nS\u00c3O PAULO, 12 de fevereiro de 2021 \/PRNewswire\/ &#8212; Uma das formas de divulga\u00e7\u00e3o feita pela <span class=\"xn-person\">Sara Nossa Terra<\/span> para levar a Palavra de Deus \u00e9 atrav\u00e9s da cultura. A Sara produz filmes, document\u00e1rios e miniss\u00e9ries. J\u00e1 s\u00e3o 28 conte\u00fados produzidos. O material j\u00e1 foi visto por mais de 1 Milh\u00e3o de espectadores. Esse m\u00eas, nos dias 13, 15 e 16 de fevereiro, durante o Arena Conference, estreia a miniss\u00e9rie &#8220;Sempre Foi Deus&#8221;. <\/p>\n<div class=\"PRN_ImbeddedAssetReference\" id=\"DivAssetPlaceHolder1\">\n<a href=\"https:\/\/mma.prnewswire.com\/media\/1437664\/Foto_Divulgacao.html\" target=\"_blank\" rel=\"noopener\">  <img decoding=\"async\" src=\"https:\/\/mma.prnewswire.com\/media\/1437664\/Foto_Divulgacao.jpg\" alt=\"Foto Divulga\u00e7\u00e3o\" \/><\/a>\n <\/p>\n<\/p><\/div>\n<p>De acordo com a supervisora geral da miniss\u00e9rie e dos demais filmes produzidos pela Sara, <span class=\"xn-person\">Priscila Rodovalho Cunha<\/span> que \u00e9 psic\u00f3loga e l\u00edder do Arena Jovem Brasil, o papel da Igreja \u00e9 &#8220;impactar a cultura. Nessa miniss\u00e9rie contaremos a hist\u00f3ria de uma fam\u00edlia bastante afortunada. Queremos mostrar que apesar do dinheiro, elas tamb\u00e9m passam por conflitos. O saldo na conta banc\u00e1ria n\u00e3o importa, todos precisam de Deus&#8221;. <\/p>\n<p>Quem tamb\u00e9m fica \u00e0 frente do material audiovisual \u00e9 <span class=\"xn-person\">Lucas Cunha<\/span> que tamb\u00e9m \u00e9 psic\u00f3logo e l\u00edder do Arena Jovem Brasil. Segundo ele, pecados e trai\u00e7\u00f5es ser\u00e3o abordados. &#8220;Algumas pessoas levam a vida aparentemente tranquila. Mas escondem muitas atitudes que destroem o casamento, a fam\u00edlia como um todo e o trabalho. O p\u00fablico vai ver ainda os efeitos do distanciamento na rela\u00e7\u00e3o entre pais e filhos&#8221;, resume Lucas. <\/p>\n<p>Segundo os supervisores, mais de 50 pessoas trabalharam na constru\u00e7\u00e3o da miniss\u00e9rie que contou com quatro meses de grava\u00e7\u00e3o. &#8220;\u00c9 um trabalho exaustivo, requer muita aten\u00e7\u00e3o, montagem de equipamento e cen\u00e1rio, loca\u00e7\u00e3o, produ\u00e7\u00e3o para as grava\u00e7\u00f5es e elenco, saber lidar com os imprevistos&#8230; Mas vale a pena quando vermos o material pronto. Sem contar que \u00e9 muito gratificante ver vidas e fam\u00edlias transformadas atrav\u00e9s do nosso trabalho&#8221;.<\/p>\n<p>N\u00e3o perca! Nova miniss\u00e9rie &#8220;Sempre foi Deus&#8221;, produzido pela ARENA Livraria e Produ\u00e7\u00f5es de filmes, brilhar\u00e1 na telona em fevereiro. Assista ao trailer para ter uma no\u00e7\u00e3o do que est\u00e1 por vir:<\/p>\n<p>LINK DO TRAILER <br \/><a target=\"_blank\" href=\"https:\/\/www.youtube.com\/watch?v=GYKehm2iyXs\" rel=\"noopener\">https:\/\/www.youtube.com\/watch?v=GYKehm2iyXs<\/a><\/p>\n<p>Foto &#8211; <a target=\"_blank\" href=\"https:\/\/mma.prnewswire.com\/media\/1437664\/Foto_Divulgacao.jpg\" rel=\"noopener\">https:\/\/mma.prnewswire.com\/media\/1437664\/Foto_Divulgacao.jpg<\/a><\/p>\n<p>Foto &#8211; <a target=\"_blank\" href=\"https:\/\/mma.prnewswire.com\/media\/1437663\/Foto_Divulgacao_Bispo_Lucas_e_Bispa_Priscila.jpg\" rel=\"noopener\">https:\/\/mma.prnewswire.com\/media\/1437663\/Foto_Divulgacao_Bispo_Lucas_e_Bispa_Priscila.jpg<\/a><\/p>\n<p \/>\n<div class=\"PRN_ImbeddedAssetReference\" id=\"DivAssetPlaceHolder2\">\n<a href=\"https:\/\/mma.prnewswire.com\/media\/1437663\/Foto_Divulgacao_Bispo_Lucas_e_Bispa_Priscila.html\" target=\"_blank\" rel=\"noopener\">  <img decoding=\"async\" src=\"https:\/\/mma.prnewswire.com\/media\/1437663\/Foto_Divulgacao_Bispo_Lucas_e_Bispa_Priscila.jpg\" alt=\"Foto Divulga\u00e7\u00e3o Bispo Lucas e Bispa Priscila\" \/><\/a>\n <\/p>\n<\/div>\n<p>FONTE  Sara Nossa Terra<\/p>\n<\/div>\n<p><img decoding=\"async\" alt=\"\" src=\"https:\/\/rt.prnewswire.com\/rt.gif?NewsItemId=PT78465&amp;Transmission_Id=202102121000PR_NEWS_LATAM____PT78465&amp;DateId=20210212\" \/><\/p>\n<p>PR NEWSWIRE<\/p>\n","protected":false},"excerpt":{"rendered":"Estreia este m\u00eas a miniss\u00e9rie Sempre Foi Deus PR Newswire S\u00c3O PAULO, 12 de fevereiro de 2021 S\u00c3O PAULO, 12 de fevereiro de 2021 \/PRNewswire\/ &#8212; Uma das formas de divulga\u00e7\u00e3o feita pela Sara","protected":false},"author":1,"featured_media":28495,"comment_status":"closed","ping_status":"closed","sticky":false,"template":"","format":"standard","meta":{"_acf_changed":false,"inline_featured_image":false,"_monsterinsights_skip_tracking":false,"_monsterinsights_sitenote_active":false,"_monsterinsights_sitenote_note":"","_monsterinsights_sitenote_category":0,"footnotes":""},"categories":[31],"tags":[],"class_list":["post-28494","post","type-post","status-publish","format-standard","has-post-thumbnail","hentry","category-prnewsinternacional"],"acf":[],"_links":{"self":[{"href":"https:\/\/bluestudio.estadao.com.br\/agencia-de-comunicacao\/wp-json\/wp\/v2\/posts\/28494","targetHints":{"allow":["GET"]}}],"collection":[{"href":"https:\/\/bluestudio.estadao.com.br\/agencia-de-comunicacao\/wp-json\/wp\/v2\/posts"}],"about":[{"href":"https:\/\/bluestudio.estadao.com.br\/agencia-de-comunicacao\/wp-json\/wp\/v2\/types\/post"}],"author":[{"embeddable":true,"href":"https:\/\/bluestudio.estadao.com.br\/agencia-de-comunicacao\/wp-json\/wp\/v2\/users\/1"}],"replies":[{"embeddable":true,"href":"https:\/\/bluestudio.estadao.com.br\/agencia-de-comunicacao\/wp-json\/wp\/v2\/comments?post=28494"}],"version-history":[{"count":0,"href":"https:\/\/bluestudio.estadao.com.br\/agencia-de-comunicacao\/wp-json\/wp\/v2\/posts\/28494\/revisions"}],"wp:featuredmedia":[{"embeddable":true,"href":"https:\/\/bluestudio.estadao.com.br\/agencia-de-comunicacao\/wp-json\/"}],"wp:attachment":[{"href":"https:\/\/bluestudio.estadao.com.br\/agencia-de-comunicacao\/wp-json\/wp\/v2\/media?parent=28494"}],"wp:term":[{"taxonomy":"category","embeddable":true,"href":"https:\/\/bluestudio.estadao.com.br\/agencia-de-comunicacao\/wp-json\/wp\/v2\/categories?post=28494"},{"taxonomy":"post_tag","embeddable":true,"href":"https:\/\/bluestudio.estadao.com.br\/agencia-de-comunicacao\/wp-json\/wp\/v2\/tags?post=28494"}],"curies":[{"name":"wp","href":"https:\/\/api.w.org\/{rel}","templated":true}]}}