{"id":28428,"date":"2021-02-10T18:28:00","date_gmt":"2021-02-10T18:28:00","guid":{"rendered":"http:\/\/patrocinados.estadao.com.br\/medialab\/agenciacomunicacao\/prnewswire\/prnewsinternacional\/pr-newswire-internacional-projeto-do-interior-de-sao-paulo-e-indicado-para-concorrer-ao-premio-nobel-da-paz\/"},"modified":"2021-02-10T18:28:00","modified_gmt":"2021-02-10T18:28:00","slug":"pr-newswire-internacional-projeto-do-interior-de-sao-paulo-e-indicado-para-concorrer-ao-premio-nobel-da-paz","status":"publish","type":"post","link":"https:\/\/bluestudio.estadao.com.br\/agencia-de-comunicacao\/prnewswire\/prnewsinternacional\/pr-newswire-internacional-projeto-do-interior-de-sao-paulo-e-indicado-para-concorrer-ao-premio-nobel-da-paz\/","title":{"rendered":"PR NEWSWIRE &#8211; INTERNACIONAL :: Projeto do interior de S\u00e3o Paulo \u00e9 indicado para concorrer ao Pr\u00eamio Nobel da Paz"},"content":{"rendered":"<div class=\"xn-newslines\">\n<h1 class=\"xn-hedline\">Projeto do interior de S\u00e3o Paulo \u00e9 indicado para concorrer ao Pr\u00eamio Nobel da Paz<\/h1>\n<h2 class=\"xn-hedline\">A plataforma de conhecimento e relacionamento Walking Together foi indicada por um grupo de professores para concorrer \u00e0 edi\u00e7\u00e3o 2021 do Pr\u00eamio Nobel da Paz<\/h2>\n<p class=\"xn-distributor\">PR Newswire<\/p>\n<p class=\"xn-dateline\">RIBEIR\u00c3O PRETO, Brasil, 10 de fevereiro de 2021<\/p>\n<\/div>\n<div class=\"xn-content\">\nRIBEIR\u00c3O PRETO, <span class=\"xn-location\">Brasil<\/span>, 10 de fevereiro de 2021 \/PRNewswire\/ &#8212; O movimento Walking Together, que come\u00e7ou em 2010 na cidade paulista de Catanduva, a princ\u00edpio queria reunir um grupo de amigos e &#8220;amigos dos amigos&#8221; para criar uma rede de pessoas do bem para discutir sobre criatividade, inova\u00e7\u00e3o e trocar conhecimento. O projeto deu t\u00e3o certo que rapidamente se expandiu por cidades do interior do <span class=\"xn-location\">Brasil<\/span> e neste ano foi indicado por um grupo de professores para concorrer ao Pr\u00eamio Nobel da Paz, em <span class=\"xn-location\">Oslo<\/span>, na Noruega, por seu grande impacto. <\/p>\n<div class=\"PRN_ImbeddedAssetReference\" id=\"DivAssetPlaceHolder1\">\n<a href=\"https:\/\/mma.prnewswire.com\/media\/1436895\/imagem_WT.html\" target=\"_blank\" rel=\"noopener\">  <img decoding=\"async\" src=\"https:\/\/mma.prnewswire.com\/media\/1436895\/imagem_WT.jpg\" alt=\"Fabio Fernandes, fundador da Walking Together. Cr\u00e9dito: Divulga\u00e7\u00e3o\" \/><\/a>\n <\/p>\n<\/p><\/div>\n<p>&#8220;O projeto nasceu para conectar empreendedores e deu certo desde o in\u00edcio. V\u00e1rias cidades passaram a integrar e replicar o modelo e rapidamente percebemos a for\u00e7a desta uni\u00e3o. Come\u00e7amos ent\u00e3o a pensar no potencial das solu\u00e7\u00f5es coletivas como, por exemplo, descobrir e desenvolver as voca\u00e7\u00f5es das cidades participantes, tornando-as mais atraentes e ampliando as oportunidades tanto para reter os talentos locais quanto para atrair investimentos e talentos de grandes centros&#8221;, explica F\u00e1bio Fernandes, fundador da Walking Together.\u00a0 <\/p>\n<p>Para ele, o potencial de desenvolvimento destas localidades \u00e9 muito forte. &#8220;\u00c9 preciso criar oportunidades nas cidades menores que, muitas vezes, vivem \u00e0 sombra dos grandes centros. Ao iluminar estes novos n\u00facleos, atraindo talentos e ofertando oportunidades de qualidade, estamos humildemente promovendo um movimento contributivo para pacifica\u00e7\u00e3o das megacidades e para o combate ao poss\u00edvel caos urbano&#8221;, afirma. A l\u00f3gica do projeto \u00e9 simples: diminuindo a superpopula\u00e7\u00e3o nos grandes centros h\u00e1 menos viol\u00eancia, desemprego, fome e mis\u00e9ria. <\/p>\n<p>At\u00e9 2022 o projeto, que j\u00e1 tem sua pr\u00f3pria rede social &#8220;presencial&#8221;, deve lan\u00e7ar sua vers\u00e3o digital e uma plataforma de streaming para conhecimento compartilhado, e espera chegar a 400 cidades brasileiras. Atualmente, mais de 70 munic\u00edpios est\u00e3o conectados ao projeto, alcan\u00e7ando cerca de 7 mil empreendedores. &#8220;Temos consci\u00eancia da quantidade e qualidade dos projetos e personalidades que s\u00e3o indicadas em todo mundo, mas simplesmente pelo fato de sermos dignos de uma indica\u00e7\u00e3o e reconhecidos como um movimento do bem, muito nos honra e nos motiva a seguir em frente&#8221;, declara Fernandes. <\/p>\n<p>As indica\u00e7\u00f5es ao Pr\u00eamio Nobel ocorreram at\u00e9 janeiro. Entre fevereiro e mar\u00e7o, o comit\u00ea noruegu\u00eas realiza uma pr\u00e9-sele\u00e7\u00e3o dos indicados e o resultado ser\u00e1 divulgado em dezembro. \u00a0<\/p>\n<p>Foto &#8211; <a target=\"_blank\" href=\"https:\/\/mma.prnewswire.com\/media\/1436895\/imagem_WT.jpg\" rel=\"noopener\">https:\/\/mma.prnewswire.com\/media\/1436895\/imagem_WT.jpg<\/a><\/p>\n<p \/>\n<div class=\"PRN_ImbeddedAssetReference\" id=\"DivAssetPlaceHolder2\"><\/div>\n<p>FONTE  Walking Together<\/p>\n<\/div>\n<p><img decoding=\"async\" alt=\"\" src=\"https:\/\/rt.prnewswire.com\/rt.gif?NewsItemId=PT76681&amp;Transmission_Id=202102101615PR_NEWS_LATAM____PT76681&amp;DateId=20210210\" \/><\/p>\n<p>PR NEWSWIRE<\/p>\n","protected":false},"excerpt":{"rendered":"Projeto do interior de S\u00e3o Paulo \u00e9 indicado para concorrer ao Pr\u00eamio Nobel da Paz A plataforma de conhecimento e relacionamento Walking Together foi indicada por um grupo de professores para","protected":false},"author":1,"featured_media":28429,"comment_status":"closed","ping_status":"closed","sticky":false,"template":"","format":"standard","meta":{"_acf_changed":false,"inline_featured_image":false,"_monsterinsights_skip_tracking":false,"_monsterinsights_sitenote_active":false,"_monsterinsights_sitenote_note":"","_monsterinsights_sitenote_category":0,"footnotes":""},"categories":[31],"tags":[],"class_list":["post-28428","post","type-post","status-publish","format-standard","has-post-thumbnail","hentry","category-prnewsinternacional"],"acf":[],"_links":{"self":[{"href":"https:\/\/bluestudio.estadao.com.br\/agencia-de-comunicacao\/wp-json\/wp\/v2\/posts\/28428","targetHints":{"allow":["GET"]}}],"collection":[{"href":"https:\/\/bluestudio.estadao.com.br\/agencia-de-comunicacao\/wp-json\/wp\/v2\/posts"}],"about":[{"href":"https:\/\/bluestudio.estadao.com.br\/agencia-de-comunicacao\/wp-json\/wp\/v2\/types\/post"}],"author":[{"embeddable":true,"href":"https:\/\/bluestudio.estadao.com.br\/agencia-de-comunicacao\/wp-json\/wp\/v2\/users\/1"}],"replies":[{"embeddable":true,"href":"https:\/\/bluestudio.estadao.com.br\/agencia-de-comunicacao\/wp-json\/wp\/v2\/comments?post=28428"}],"version-history":[{"count":0,"href":"https:\/\/bluestudio.estadao.com.br\/agencia-de-comunicacao\/wp-json\/wp\/v2\/posts\/28428\/revisions"}],"wp:featuredmedia":[{"embeddable":true,"href":"https:\/\/bluestudio.estadao.com.br\/agencia-de-comunicacao\/wp-json\/"}],"wp:attachment":[{"href":"https:\/\/bluestudio.estadao.com.br\/agencia-de-comunicacao\/wp-json\/wp\/v2\/media?parent=28428"}],"wp:term":[{"taxonomy":"category","embeddable":true,"href":"https:\/\/bluestudio.estadao.com.br\/agencia-de-comunicacao\/wp-json\/wp\/v2\/categories?post=28428"},{"taxonomy":"post_tag","embeddable":true,"href":"https:\/\/bluestudio.estadao.com.br\/agencia-de-comunicacao\/wp-json\/wp\/v2\/tags?post=28428"}],"curies":[{"name":"wp","href":"https:\/\/api.w.org\/{rel}","templated":true}]}}