{"id":27942,"date":"2021-02-01T10:43:00","date_gmt":"2021-02-01T10:43:00","guid":{"rendered":"http:\/\/patrocinados.estadao.com.br\/medialab\/agenciacomunicacao\/prnewswire\/prnewsbrasil\/pr-newswire-brasil-lumen-e-sap-fazem-parceria-para-oferecer-sap-hana-para-sap-business-one-na-plataforma-lumen\/"},"modified":"2021-02-01T10:43:00","modified_gmt":"2021-02-01T10:43:00","slug":"pr-newswire-brasil-lumen-e-sap-fazem-parceria-para-oferecer-sap-hana-para-sap-business-one-na-plataforma-lumen","status":"publish","type":"post","link":"https:\/\/bluestudio.estadao.com.br\/agencia-de-comunicacao\/prnewswire\/prnewsbrasil\/pr-newswire-brasil-lumen-e-sap-fazem-parceria-para-oferecer-sap-hana-para-sap-business-one-na-plataforma-lumen\/","title":{"rendered":"PR NEWSWIRE &#8211; BRASIL :: Lumen e SAP\u00ae fazem parceria para oferecer SAP HANA\u00ae para SAP Business One\u00ae na Plataforma Lumen"},"content":{"rendered":"<div class=\"xn-newslines\">\n<h1 class=\"xn-hedline\">Lumen e SAP\u00ae fazem parceria para oferecer SAP HANA\u00ae para SAP Business One\u00ae na Plataforma Lumen<\/h1>\n<h2 class=\"xn-hedline\">A plataforma de gerenciamento na nuvem da Lumen ir\u00e1 hospedar e gerenciar a infraestrutura de SAP HANA para empresas<\/h2>\n<p class=\"xn-distributor\">PR Newswire<\/p>\n<p class=\"xn-dateline\">DENVER, 1 de fevereiro de 2021<\/p>\n<\/div>\n<div class=\"xn-content\">\n<span class=\"xn-location\">DENVER<\/span>, 1 de fevereiro de 2021 \/PRNewswire\/ &#8212;\u00a0Para ajudar a simplificar servi\u00e7os na nuvem para pequenas e m\u00e9dias empresas, a <u><a target=\"_blank\" href=\"https:\/\/c212.net\/c\/link\/?t=0&amp;l=pt&amp;o=3052857-1&amp;h=2301510774&amp;u=https%3A%2F%2Fnews.lumen.com%2Fhome&amp;a=Lumen+Technologies\" rel=\"noopener\">Lumen Technologies<\/a><\/u>\u00a0(NYSE: LUMN) anuncia hoje uma parceria global com a <u><a target=\"_blank\" href=\"https:\/\/c212.net\/c\/link\/?t=0&amp;l=pt&amp;o=3052857-1&amp;h=1568714776&amp;u=http%3A%2F%2Fwww.sap.com%2F&amp;a=SAP\" rel=\"noopener\">SAP<\/a><sup>\u00ae<\/sup><\/u>\u00a0(NYSE: SAP)\u00a0para integrar SAP HANA<b><sup>\u00ae<\/sup><\/b> \u00e0 plataforma Lumen, para empresas que utilizam SAP Business One<b><sup>\u00ae<\/sup><\/b>. A Lumen ir\u00e1 hospedar e gerenciar esta oferta para ajudar a simplificar a configura\u00e7\u00e3o e a implementa\u00e7\u00e3o de SAP HANA, apoiando revendedores de valor agregado (VAR, na sigla em ingl\u00eas), parceiros de canais e 75.000 clientes de pequeno e m\u00e9dio porte, globalmente.\u00a0 <\/p>\n<div id=\"prni_dvprnejpgdf9fleft\"><img decoding=\"async\" alt=\"Lumen Logo\" src=\"https:\/\/mma.prnewswire.com\/media\/1387693\/Lumen_Logo.jpg\" \/><\/div>\n<p>&#8220;At\u00e9 hoje, os VARs tipicamente tinham que administrar e hospedar suas inst\u00e2ncias de SAP Business One por conta pr\u00f3pria.\u00a0 Agora, a plataforma Lumen pode habilitar empresas inteligentes de forma r\u00e1pida e econ\u00f4mica com SAP HANA na nuvem&#8221;, disse <span class=\"xn-person\">Joost Tigelaar<\/span>, vice-presidente de vendas globais <span class=\"xn-person\">SME ERP<\/span> para a SAP.\u00a0 &#8220;A plataforma Lumen pode ajudar parceiros e clientes, oferecendo a eles uma escolha de modelos de implementa\u00e7\u00e3o h\u00edbridos e provedores de infraestrutura na nuvem, trazendo os benef\u00edcios tanto de SAP HANA quanto da nuvem para nosso ecossistema&#8221;.\u00a0 <\/p>\n<p>SAP Business One \u00e9 a solu\u00e7\u00e3o de planejamento de recursos empresariais (ERP) para pequenas empresas e as subsidi\u00e1rias de empresas de m\u00e9dio e grande porte, fornecida globalmente atrav\u00e9s de um ecossistema de mais de 800 parceiros de canais autorizados.\u00a0 SAP Business One conecta e agiliza os principais processos operacionais, fornecendo insights em tempo real para apoiar decis\u00f5es pr\u00e1ticas que impulsionem um crescimento rent\u00e1vel.<\/p>\n<p>A plataforma Lumen, uma avan\u00e7ada arquitetura de aplica\u00e7\u00f5es que integra edge computing, infraestrutura global de rede de fibra, seguran\u00e7a conectada e conectividade na nuvem, administrar\u00e1 a infraestrutura de SAP HANA para empresas utilizando SAP Business One ao redor de grande parte do mundo. SAP HANA na plataforma Lumen utiliza um modelo de pre\u00e7os baseado em servi\u00e7o mensal para toda a pilha de software e servi\u00e7os.\u00a0 <\/p>\n<p>&#8220;A parceria da Lumen com a SAP abriu a porta criativa para desenvolver um servi\u00e7o que simplifica a forma como as empresas acessam a nuvem &#8211; um ponto de inflex\u00e3o competitivo para a era digital&#8221;, disse <span class=\"xn-person\">Paul Savill<\/span>, vice-presidente s\u00eanior de gest\u00e3o de produtos corporativos.\u00a0 &#8220;Somos a primeira plataforma de gerenciamento na nuvem com a qual a SAP fez parceria para hospedar e administrar esta infraestrutura de SAP HANA para empresas.\u00a0 A Lumen tem vasta experi\u00eancia em servi\u00e7os de gerenciamento na nuvem, combinada \u00e0 plataforma mais r\u00e1pida e segura para aplica\u00e7\u00f5es e dados &#8211; a plataforma Lumen&#8221;.\u00a0\u00a0 <\/p>\n<p>Para mais informa\u00e7\u00f5es sobre a plataforma Lumen, visite: <a target=\"_blank\" href=\"https:\/\/c212.net\/c\/link\/?t=0&amp;l=pt&amp;o=3052857-1&amp;h=2500744502&amp;u=https%3A%2F%2Fwww.lumen.com%2Fpt-br%2Fabout%2Four-platform.html&amp;a=https%3A%2F%2Fwww.lumen.com%2Fpt-br%2Fabout%2Four-platform.html\" rel=\"noopener\">https:\/\/www.lumen.com\/pt-br\/about\/our-platform.html<\/a> <\/p>\n<p><b>Sobre a Lumen<\/b><\/p>\n<p>A Lumen \u00e9 guiada por nossa cren\u00e7a de que a humanidade est\u00e1 em sua melhor forma quando a tecnologia promove a maneira como vivemos e trabalhamos.\u00a0 Com 720.000 km de rotas de fibra e atendendo clientes em mais de 60 pa\u00edses, entregamos a plataforma mais r\u00e1pida e segura para aplica\u00e7\u00f5es e dados, para ajudar empresas, governos e comunidades a fornecer experi\u00eancias surpreendentes.<\/p>\n<p>Saiba mais sobre as solu\u00e7\u00f5es de rede, nuvem, seguran\u00e7a, comunica\u00e7\u00e3o e colabora\u00e7\u00e3o da Lumen e sobre o nosso prop\u00f3sito de promover o progresso humano atrav\u00e9s da tecnologia em <u><a target=\"_blank\" href=\"https:\/\/c212.net\/c\/link\/?t=0&amp;l=pt&amp;o=3052857-1&amp;h=2962493226&amp;u=https%3A%2F%2Fnews.lumen.com%2F&amp;a=news.lumen.com\" rel=\"noopener\">news.lumen.com<\/a><\/u>, LinkedIn: \/lumentechnologies, Twitter: @lumentechco, Facebook: \/lumentechnologies, Instagram: @lumentechnologies e YouTube: \/lumentechnologies. Lumen e Lumen Technologies s\u00e3o marcas registradas da Lumen Technologies, LLC nos Estados Unidos. Lumen Technologies, LLC \u00e9 uma afiliada de propriedade total da CenturyLink, Inc.\u00a0 <\/p>\n<p>Siga-nos em nossas redes sociais da LATAM: <br \/><a target=\"_blank\" href=\"https:\/\/c212.net\/c\/link\/?t=0&amp;l=pt&amp;o=3052857-1&amp;h=2440849348&amp;u=https%3A%2F%2Fcenturylinkenterprise.us.newsweaver.com%2Fcenturylinklatam.1x3vdhp9y3%2F1bu2mv8sy181f4nq2njl0g%2Fexternal%3Femail%3Dtrue%26a%3D6%26p%3D4208039%26t%3D1019460&amp;a=LinkedIn\" rel=\"noopener\">LinkedIn<\/a>\u00a0| <a target=\"_blank\" href=\"https:\/\/c212.net\/c\/link\/?t=0&amp;l=pt&amp;o=3052857-1&amp;h=3868262438&amp;u=https%3A%2F%2Ftwitter.com%2Flumen_brasil&amp;a=Twitter\" rel=\"noopener\">Twitter<\/a>\u00a0| <a target=\"_blank\" href=\"https:\/\/c212.net\/c\/link\/?t=0&amp;l=pt&amp;o=3052857-1&amp;h=2775275190&amp;u=https%3A%2F%2Fwww.facebook.com%2Flumenbr&amp;a=Facebook\" rel=\"noopener\">Facebook<\/a>\u00a0| <a target=\"_blank\" href=\"https:\/\/c212.net\/c\/link\/?t=0&amp;l=pt&amp;o=3052857-1&amp;h=1341281828&amp;u=https%3A%2F%2Fwww.instagram.com%2Flumen_brasil%2F&amp;a=Instagram\" rel=\"noopener\">Instagram<\/a>\u00a0| <a target=\"_blank\" href=\"https:\/\/c212.net\/c\/link\/?t=0&amp;l=pt&amp;o=3052857-1&amp;h=388242113&amp;u=https%3A%2F%2Fcenturylinkenterprise.us.newsweaver.com%2Fcenturylinklatam.1x3vdhp9y3%2Fld4z00oz5pk1f4nq2njl0g%2Fexternal%3Femail%3Dtrue%26a%3D6%26p%3D4208039%26t%3D1019460&amp;a=Youtube\" rel=\"noopener\">Youtube<\/a><\/p>\n<p><b>Declara\u00e7\u00e3o Prospectiva da SAP<\/b><\/p>\n<p>Quaisquer declara\u00e7\u00f5es contidas neste documento que n\u00e3o sejam fatos hist\u00f3ricos s\u00e3o declara\u00e7\u00f5es prospectivas, conforme definido na Lei de Reforma de Lit\u00edgio de T\u00edtulos Privados dos Estados Unidos, de 1995. Palavras como &#8220;antecipa&#8221;, &#8220;acredita&#8221;, &#8220;estima&#8221;, &#8220;espera&#8221;, &#8220;prev\u00ea&#8221;, &#8220;pretende&#8221;, &#8220;pode&#8221;, &#8220;planeja&#8221;, &#8220;projeta&#8221;, &#8220;prediz&#8221;, &#8220;deve&#8221;, e &#8220;far\u00e1&#8221;, e express\u00f5es similares relacionadas \u00e0 SAP pretendem identificar tais declara\u00e7\u00f5es prospectivas.\u00a0 A SAP n\u00e3o assume qualquer obriga\u00e7\u00e3o de atualizar ou revisar publicamente quaisquer declara\u00e7\u00f5es prospectivas.\u00a0 <\/p>\n<p>Todas as declara\u00e7\u00f5es prospectivas est\u00e3o sujeitas a v\u00e1rios riscos e incertezas que podem fazer com que os resultados atuais sejam materialmente diferentes das expectativas.\u00a0 Os fatores que poderiam afetar os futuros resultados financeiros da SAP s\u00e3o discutidos de forma mais completa nos registros da SAP com a Comiss\u00e3o de T\u00edtulos e C\u00e2mbios dos Estados Unidos (&#8220;SEC&#8221;), incluindo o mais recente Relat\u00f3rio Anual da SAP sobre o Formul\u00e1rio 20-F registrado na SEC. Os leitores s\u00e3o advertidos a n\u00e3o depositar confian\u00e7a indevida nestas declara\u00e7\u00f5es prospectivas, que refletem apenas os dados nas datas em que foram feitas. <\/p>\n<p>\u00a9 2020 SAP SE. Todos os direitos reservados. <\/p>\n<p>SAP e outros produtos e servi\u00e7os da SAP mencionados neste documento, assim como seus respectivos logos s\u00e3o marcas ou marcas registradas da SAP SE na Alemanha e em outros pa\u00edses.\u00a0 Por favor visite <a href=\"https:\/\/www.sap.com\/copyright\">https:\/\/www.sap.com\/copyright<\/a> para informa\u00e7\u00f5es e notas adicionais sobre a marca.\u00a0 Todos os outros produtos e servi\u00e7os mencionados s\u00e3o marcas de suas respectivas empresas. <\/p>\n<p>Logo &#8211; <a target=\"_blank\" href=\"https:\/\/c212.net\/c\/link\/?t=0&amp;l=pt&amp;o=3052857-1&amp;h=1116989726&amp;u=https%3A%2F%2Fmma.prnewswire.com%2Fmedia%2F1387693%2FLumen_Logo.jpg&amp;a=https%3A%2F%2Fmma.prnewswire.com%2Fmedia%2F1387693%2FLumen_Logo.jpg\" rel=\"noopener\">https:\/\/mma.prnewswire.com\/media\/1387693\/Lumen_Logo.jpg<\/a> <\/p>\n<p>\u00a0<\/p>\n<p>FONTE  Lumen Technologies<\/p>\n<\/div>\n<p><img decoding=\"async\" alt=\"\" src=\"https:\/\/rt.prnewswire.com\/rt.gif?NewsItemId=PT64666&amp;Transmission_Id=202102010842PR_NEWS_LATAM____PT64666&amp;DateId=20210201\" \/><\/p>\n<p>PR NEWSWIRE<\/p>\n","protected":false},"excerpt":{"rendered":"Lumen e SAP\u00ae fazem parceria para oferecer SAP HANA\u00ae para SAP Business One\u00ae na Plataforma Lumen A plataforma de gerenciamento na nuvem da Lumen ir\u00e1 hospedar e gerenciar a infraestrutura de SAP HANA","protected":false},"author":1,"featured_media":27943,"comment_status":"closed","ping_status":"closed","sticky":false,"template":"","format":"standard","meta":{"_acf_changed":false,"inline_featured_image":false,"_monsterinsights_skip_tracking":false,"_monsterinsights_sitenote_active":false,"_monsterinsights_sitenote_note":"","_monsterinsights_sitenote_category":0,"footnotes":""},"categories":[28],"tags":[],"class_list":["post-27942","post","type-post","status-publish","format-standard","has-post-thumbnail","hentry","category-prnewsbrasil"],"acf":[],"_links":{"self":[{"href":"https:\/\/bluestudio.estadao.com.br\/agencia-de-comunicacao\/wp-json\/wp\/v2\/posts\/27942","targetHints":{"allow":["GET"]}}],"collection":[{"href":"https:\/\/bluestudio.estadao.com.br\/agencia-de-comunicacao\/wp-json\/wp\/v2\/posts"}],"about":[{"href":"https:\/\/bluestudio.estadao.com.br\/agencia-de-comunicacao\/wp-json\/wp\/v2\/types\/post"}],"author":[{"embeddable":true,"href":"https:\/\/bluestudio.estadao.com.br\/agencia-de-comunicacao\/wp-json\/wp\/v2\/users\/1"}],"replies":[{"embeddable":true,"href":"https:\/\/bluestudio.estadao.com.br\/agencia-de-comunicacao\/wp-json\/wp\/v2\/comments?post=27942"}],"version-history":[{"count":0,"href":"https:\/\/bluestudio.estadao.com.br\/agencia-de-comunicacao\/wp-json\/wp\/v2\/posts\/27942\/revisions"}],"wp:featuredmedia":[{"embeddable":true,"href":"https:\/\/bluestudio.estadao.com.br\/agencia-de-comunicacao\/wp-json\/wp\/v2\/media\/27943"}],"wp:attachment":[{"href":"https:\/\/bluestudio.estadao.com.br\/agencia-de-comunicacao\/wp-json\/wp\/v2\/media?parent=27942"}],"wp:term":[{"taxonomy":"category","embeddable":true,"href":"https:\/\/bluestudio.estadao.com.br\/agencia-de-comunicacao\/wp-json\/wp\/v2\/categories?post=27942"},{"taxonomy":"post_tag","embeddable":true,"href":"https:\/\/bluestudio.estadao.com.br\/agencia-de-comunicacao\/wp-json\/wp\/v2\/tags?post=27942"}],"curies":[{"name":"wp","href":"https:\/\/api.w.org\/{rel}","templated":true}]}}