{"id":27850,"date":"2021-01-28T18:58:00","date_gmt":"2021-01-28T18:58:00","guid":{"rendered":"http:\/\/patrocinados.estadao.com.br\/medialab\/agenciacomunicacao\/prnewswire\/prnewsinternacional\/pr-newswire-internacional-renuncia-fiscal-e-cultura-em-sao-paulo-liga-solidaria-vai-captar-recursos-para-projetos-com-jovens-em-situacao-de-vulnerabilidade\/"},"modified":"2021-01-28T18:58:00","modified_gmt":"2021-01-28T18:58:00","slug":"pr-newswire-internacional-renuncia-fiscal-e-cultura-em-sao-paulo-liga-solidaria-vai-captar-recursos-para-projetos-com-jovens-em-situacao-de-vulnerabilidade","status":"publish","type":"post","link":"https:\/\/bluestudio.estadao.com.br\/agencia-de-comunicacao\/prnewswire\/prnewsinternacional\/pr-newswire-internacional-renuncia-fiscal-e-cultura-em-sao-paulo-liga-solidaria-vai-captar-recursos-para-projetos-com-jovens-em-situacao-de-vulnerabilidade\/","title":{"rendered":"PR NEWSWIRE &#8211; INTERNACIONAL :: Ren\u00fancia Fiscal e Cultura: em S\u00e3o Paulo, Liga Solid\u00e1ria vai captar recursos para projetos com jovens em situa\u00e7\u00e3o de vulnerabilidade"},"content":{"rendered":"<div class=\"xn-newslines\">\n<h1 class=\"xn-hedline\">Ren\u00fancia Fiscal e Cultura: em S\u00e3o Paulo, Liga Solid\u00e1ria vai captar recursos para projetos com jovens em situa\u00e7\u00e3o de vulnerabilidade<\/h1>\n<p class=\"xn-distributor\">PR Newswire<\/p>\n<p class=\"xn-dateline\">S\u00c3O PAULO, 28 de janeiro de 2021<\/p>\n<\/div>\n<div class=\"xn-content\">\nS\u00c3O PAULO, 28 de janeiro de 2021 \/PRNewswire\/ &#8212; A Liga Solid\u00e1ria, organiza\u00e7\u00e3o social sem fins lucrativos que atua na cidade de S\u00e3o Paulo, pretende captar, em 2021, recursos para projetos culturais por meio do Promac (Programa de Municipal de Apoio a Projetos Culturais), da prefeitura paulistana. Os projetos, de escrita e artes visuais, beneficiar\u00e3o 80 jovens, entre 15 a 20 anos,\u00a0em situa\u00e7\u00e3o de vulnerabilidade socioecon\u00f4mica.<\/p>\n<p>Os projetos da Liga Solid\u00e1ria s\u00e3o Escrita Colaborativa Perif\u00e9rica e Ocupa a Rua, cada um com p\u00fablico alvo de 40 jovens. Os recursos p\u00fablicos podem ser captados junto a contribuintes pagadores do ISS (Imposto sobre Servi\u00e7os de Qualquer Natureza) e IPTU (Imposto Predial Territorial Urbano). Os projetos da Liga receberam um &#8220;selo de ren\u00fancia fiscal&#8221; e os contribuintes incentivadores poder\u00e3o ser pessoas f\u00edsicas ou jur\u00eddicas. <\/p>\n<p>Escrita Colaborativa Perif\u00e9rica visa a constru\u00e7\u00e3o comunit\u00e1ria de textos sobre o cotidiano e, para isso, oferecer\u00e1 oficinas de linguagens liter\u00e1rias e produ\u00e7\u00e3o perif\u00e9rica. J\u00e1 o Ocupa a Rua desenvolver\u00e1 atividades art\u00edsticas na linguagem da arte urbana: as oficinas v\u00e3o explorar processos de cria\u00e7\u00e3o coletiva em espa\u00e7os urbanos.<\/p>\n<p>A Liga Solid\u00e1ria, fundada em 1923 como Liga das Senhoras Cat\u00f3licas de S\u00e3o Paulo, \u00e9 uma organiza\u00e7\u00e3o da sociedade civil sem fins lucrativos. A Liga desenvolve\u00a0programas de educa\u00e7\u00e3o, longevidade e cidadania\u00a0para cerca de 13 mil\u00a0crian\u00e7as, adolescentes, adultos e idosos em situa\u00e7\u00e3o de alta vulnerabilidade.<\/p>\n<p>FONTE  Liga Solid\u00e1ria<\/p>\n<\/div>\n<p><img decoding=\"async\" alt=\"\" src=\"https:\/\/rt.prnewswire.com\/rt.gif?NewsItemId=PT63339&amp;Transmission_Id=202101281655PR_NEWS_LATAM____PT63339&amp;DateId=20210128\" \/><\/p>\n<p>PR NEWSWIRE<\/p>\n","protected":false},"excerpt":{"rendered":"Ren\u00fancia Fiscal e Cultura: em S\u00e3o Paulo, Liga Solid\u00e1ria vai captar recursos para projetos com jovens em situa\u00e7\u00e3o de vulnerabilidade PR Newswire S\u00c3O PAULO, 28 de janeiro de 2021 S\u00c3O PAULO, 28 de","protected":false},"author":1,"featured_media":27851,"comment_status":"closed","ping_status":"closed","sticky":false,"template":"","format":"standard","meta":{"_acf_changed":false,"inline_featured_image":false,"_monsterinsights_skip_tracking":false,"_monsterinsights_sitenote_active":false,"_monsterinsights_sitenote_note":"","_monsterinsights_sitenote_category":0,"footnotes":""},"categories":[31],"tags":[],"class_list":["post-27850","post","type-post","status-publish","format-standard","has-post-thumbnail","hentry","category-prnewsinternacional"],"acf":[],"_links":{"self":[{"href":"https:\/\/bluestudio.estadao.com.br\/agencia-de-comunicacao\/wp-json\/wp\/v2\/posts\/27850","targetHints":{"allow":["GET"]}}],"collection":[{"href":"https:\/\/bluestudio.estadao.com.br\/agencia-de-comunicacao\/wp-json\/wp\/v2\/posts"}],"about":[{"href":"https:\/\/bluestudio.estadao.com.br\/agencia-de-comunicacao\/wp-json\/wp\/v2\/types\/post"}],"author":[{"embeddable":true,"href":"https:\/\/bluestudio.estadao.com.br\/agencia-de-comunicacao\/wp-json\/wp\/v2\/users\/1"}],"replies":[{"embeddable":true,"href":"https:\/\/bluestudio.estadao.com.br\/agencia-de-comunicacao\/wp-json\/wp\/v2\/comments?post=27850"}],"version-history":[{"count":0,"href":"https:\/\/bluestudio.estadao.com.br\/agencia-de-comunicacao\/wp-json\/wp\/v2\/posts\/27850\/revisions"}],"wp:featuredmedia":[{"embeddable":true,"href":"https:\/\/bluestudio.estadao.com.br\/agencia-de-comunicacao\/wp-json\/"}],"wp:attachment":[{"href":"https:\/\/bluestudio.estadao.com.br\/agencia-de-comunicacao\/wp-json\/wp\/v2\/media?parent=27850"}],"wp:term":[{"taxonomy":"category","embeddable":true,"href":"https:\/\/bluestudio.estadao.com.br\/agencia-de-comunicacao\/wp-json\/wp\/v2\/categories?post=27850"},{"taxonomy":"post_tag","embeddable":true,"href":"https:\/\/bluestudio.estadao.com.br\/agencia-de-comunicacao\/wp-json\/wp\/v2\/tags?post=27850"}],"curies":[{"name":"wp","href":"https:\/\/api.w.org\/{rel}","templated":true}]}}