{"id":27601,"date":"2021-01-26T14:58:00","date_gmt":"2021-01-26T14:58:00","guid":{"rendered":"http:\/\/patrocinados.estadao.com.br\/medialab\/agenciacomunicacao\/prnewswire\/prnewsinternacional\/pr-newswire-internacional-vwco-realiza-o-primeiro-ciclo-de-treinamento-de-seguranca-para-caminhoes-eletricos-do-brasil\/"},"modified":"2021-01-26T14:58:00","modified_gmt":"2021-01-26T14:58:00","slug":"pr-newswire-internacional-vwco-realiza-o-primeiro-ciclo-de-treinamento-de-seguranca-para-caminhoes-eletricos-do-brasil","status":"publish","type":"post","link":"https:\/\/bluestudio.estadao.com.br\/agencia-de-comunicacao\/prnewswire\/prnewsinternacional\/pr-newswire-internacional-vwco-realiza-o-primeiro-ciclo-de-treinamento-de-seguranca-para-caminhoes-eletricos-do-brasil\/","title":{"rendered":"PR NEWSWIRE &#8211; INTERNACIONAL :: VWCO realiza o primeiro ciclo de treinamento de seguran\u00e7a para caminh\u00f5es el\u00e9tricos do Brasil"},"content":{"rendered":"<div class=\"xn-newslines\">\n<h1 class=\"xn-hedline\">VWCO realiza o primeiro ciclo de treinamento de seguran\u00e7a para caminh\u00f5es el\u00e9tricos do Brasil<\/h1>\n<h2 class=\"xn-hedline\">A\u00e7\u00e3o faz parte da etapa preparat\u00f3ria para o in\u00edcio da fabrica\u00e7\u00e3o em s\u00e9rie do modelo, prevista para o primeiro semestre de 2021;<\/h2>\n<h2 class=\"xn-hedline\">Ve\u00edculo ser\u00e1 o primeiro caminh\u00e3o el\u00e9trico desenvolvido e produzido no Brasil.360<\/h2>\n<p class=\"xn-distributor\">PR Newswire<\/p>\n<p class=\"xn-dateline\">S\u00c3O PAULO, 26 de janeiro de 2021<\/p>\n<\/div>\n<div class=\"xn-content\">\nS\u00c3O PAULO, 26 de janeiro de 2021 \/PRNewswire\/ &#8212; A VW Caminh\u00f5es e \u00d4nibus d\u00e1 a largada \u00e0s primeiras rodadas de treinamento de seguran\u00e7a para o in\u00edcio da produ\u00e7\u00e3o em s\u00e9rie do caminh\u00e3o el\u00e9trico e-Delivery. A a\u00e7\u00e3o faz parte da etapa preparat\u00f3ria para o in\u00edcio da fabrica\u00e7\u00e3o em s\u00e9rie do modelo, prevista para o primeiro semestre de 2021, e estende-se a todos os colaboradores da empresa, desde aqueles dedicados especificamente \u00e0 linha el\u00e9trica at\u00e9 funcion\u00e1rios de escrit\u00f3rios e regionais em todo o Brasil. <\/p>\n<div class=\"PRN_ImbeddedAssetReference\" id=\"DivAssetPlaceHolder1\">\n<a href=\"https:\/\/mma.prnewswire.com\/media\/1427215\/VW.html\" target=\"_blank\" rel=\"noopener\">  <img decoding=\"async\" src=\"https:\/\/mma.prnewswire.com\/media\/1427215\/VW.jpg\" alt=\"\" \/><\/a>\n <\/p>\n<\/p><\/div>\n<p>&#8220;Trata-se de uma imers\u00e3o nas demandas espec\u00edficas da propuls\u00e3o el\u00e9trica, para ensinar aos colaboradores como reconhecer e lidar com os processos de seguran\u00e7a deste novo produto, de acordo com os mais rigorosos testes e certifica\u00e7\u00e3o necess\u00e1rios a um lan\u00e7amento hist\u00f3rico como este&#8221;, comenta <span class=\"xn-person\">Roberto Cortes<\/span>, presidente e CEO da VW Caminh\u00f5es e \u00d4nibus. <\/p>\n<p>O projeto de qualifica\u00e7\u00e3o foi desenvolvido e realizado em conjunto com os times de Recursos Humanos, Engenharia, Treinamento da Rede e Assist\u00eancia T\u00e9cnica da fabricante e destaca pontos de aten\u00e7\u00e3o a todos, desde a montagem da bateria at\u00e9 o momento em que o ve\u00edculo \u00e9 eletrificado, momento conhecido como comissionamento do ve\u00edculo de alta voltagem. O comissionamento \u00e9 quando o ve\u00edculo el\u00e9trico \u00e9 energizado pela primeira vez, exigindo procedimentos espec\u00edficos para lidar com tens\u00f5es superiores a 600V. <\/p>\n<p>Toda a infraestrutura da f\u00e1brica da VW Caminh\u00f5es e \u00d4nibus tamb\u00e9m est\u00e1 em atualiza\u00e7\u00e3o para a nova realidade el\u00e9trica: novos carregadores acabam de chegar, com capacidade para recarregar as baterias dos caminh\u00f5es e-Delivery em at\u00e9 1 hora. Os equipamentos ser\u00e3o utilizados para reabastecer a energia dos ve\u00edculos de teste da montadora, em a\u00e7\u00e3o nos testes de laborat\u00f3rio e rodagens de certifica\u00e7\u00e3o antes do in\u00edcio da produ\u00e7\u00e3o em s\u00e9rie.<\/p>\n<p><b>Produ\u00e7\u00e3o piloto e maior teste de desenvolvimento e valida\u00e7\u00e3o de engenharia do Brasil<\/b><\/p>\n<p>A VW Caminh\u00f5es e \u00d4nibus j\u00e1 iniciou a produ\u00e7\u00e3o de seus primeiros caminh\u00f5es el\u00e9tricos e-Delivery em sua f\u00e1brica-laborat\u00f3rio, instalada no complexo produtivo localizado em Resende (RJ). A \u00e1rea, chamada Planta Piloto, \u00e9 respons\u00e1vel pela defini\u00e7\u00e3o e confirma\u00e7\u00e3o do processo produtivo e treinamento dos processos. Por meio desse\u00a0 mapeamento est\u00e1 sendo realizada a adequa\u00e7\u00e3o das linhas que abrigar\u00e3o a produ\u00e7\u00e3o em s\u00e9rie do caminh\u00e3o el\u00e9trico e-Delivery, in\u00e9dito na f\u00e1brica de Resende e no Brasil.<\/p>\n<p>Os primeiros el\u00e9tricos feitos nessa etapa piloto j\u00e1 rodam no maior teste de desenvolvimento e valida\u00e7\u00e3o de engenharia do Brasil, com objetivo de viabilizar a homologa\u00e7\u00e3o e in\u00edcio da produ\u00e7\u00e3o do e-Delivery.<\/p>\n<p>Os ensaios s\u00e3o realizados tamb\u00e9m em laborat\u00f3rios em todo o pa\u00eds e no campo de provas da VW Caminh\u00f5es e \u00d4nibus, onde engenheiros especializados da marca conduzem simula\u00e7\u00f5es que permitem agilizar o resultado das avalia\u00e7\u00f5es. Com um projeto altamente eficiente e a expertise dos profissionais da VWCO, foram empregadas novas metodologias de valida\u00e7\u00e3o acelerada capazes de representar, em um per\u00edodo de seis meses, o equivalente a dez anos em condi\u00e7\u00e3o real de opera\u00e7\u00e3o.<\/p>\n<p>O e-Delivery tamb\u00e9m comprova diariamente sua aptid\u00e3o para a distribui\u00e7\u00e3o urbana nos grandes centros: o ve\u00edculo em testes com a Ambev atua h\u00e1 mais de dois anos na distribui\u00e7\u00e3o de bebidas da empresa. Com mais de 30 mil quil\u00f4metros rodados, deixou de emitir 22 toneladas de CO2 na atmosfera e evitou o consumo de cerca de 6.500 litros de diesel.<\/p>\n<p><b>Um membro do GRUPO TRATON<\/b><\/p>\n<p><b>Sobre a VW Caminh\u00f5es e \u00d4nibus<\/b><\/p>\n<p>Fabricante dos ve\u00edculos comerciais Volkswagen e MAN, a VW Caminh\u00f5es e \u00d4nibus \u00e9 uma das maiores montadoras de caminh\u00f5es e \u00f4nibus da Am\u00e9rica Latina. Desde 1981, quando iniciou suas opera\u00e7\u00f5es, chegar ao topo do mercado, respeitando e satisfazendo as necessidades dos clientes, sempre foi o foco da montadora. E \u00e9 exatamente isso que oferece a seus clientes: produtos sob medida e um excelente servi\u00e7o de p\u00f3s-vendas. A empresa tamb\u00e9m \u00e9 refer\u00eancia em inova\u00e7\u00f5es tecnol\u00f3gicas. A empresa busca sempre solu\u00e7\u00f5es que reduzam o impacto ambiental e ajudem a preservar o meio ambiente. H\u00e1 mais de 35 anos, a fabricante mant\u00e9m seu compromisso de desenvolver ve\u00edculos que superem as exig\u00eancias dos clientes ? onde quer que eles rodem, seja pelas estradas brasileiras, latino-americanas ou africanas.<\/p>\n<p><b>Sobre o GRUPO TRATON<\/b><\/p>\n<p>A TRATON SE \u00e9 subsidi\u00e1ria da Volkswagen AG e um dos principais fabricantes mundiais de ve\u00edculos comerciais com as marcas MAN, Scania, Volkswagen Caminh\u00f5es e \u00d4nibus e RIO. Em 2019, as marcas do GRUPO TRATON venderam um total de cerca de 242.000 ve\u00edculos. Seus produtos incluem ve\u00edculos comerciais leves, caminh\u00f5es e \u00f4nibus fabricados em 29 locais de produ\u00e7\u00e3o e montagem em 17 pa\u00edses. A empresa tinha uma for\u00e7a de trabalho de cerca de 82.700 colaboradores em todo o mundo em suas marcas de ve\u00edculos comerciais, em 31 de dezembro de 2019. O objetivo do grupo \u00e9 transformar o sistema de transporte atrav\u00e9s de produtos, servi\u00e7os e da parceria com seus clientes.<\/p>\n<p><b>Volkswagen Caminh\u00f5es e \u00d4nibus<\/b><br \/><b>Comunica\u00e7\u00e3o\u00a0<\/b><br \/>(11) 5582-5335 \/ (24) 3381-1063<br \/><a target=\"_blank\" href=\"mailto:comunicacao@volkswagen.com.br\" rel=\"noopener\">comunicacao@volkswagen.com.br<\/a><\/p>\n<p>Foto &#8211; <a target=\"_blank\" href=\"https:\/\/mma.prnewswire.com\/media\/1427215\/VW.jpg\" rel=\"noopener\">https:\/\/mma.prnewswire.com\/media\/1427215\/VW.jpg<\/a> <\/p>\n<div class=\"PRN_ImbeddedAssetReference\" id=\"DivAssetPlaceHolder2\"><\/div>\n<p>FONTE  Volkswagen Caminh\u00f5es e \u00d4nibus<\/p>\n<\/div>\n<p><img decoding=\"async\" alt=\"\" src=\"https:\/\/rt.prnewswire.com\/rt.gif?NewsItemId=PT59854&amp;Transmission_Id=202101261248PR_NEWS_LATAM____PT59854&amp;DateId=20210126\" \/><\/p>\n<p>PR NEWSWIRE<\/p>\n","protected":false},"excerpt":{"rendered":"VWCO realiza o primeiro ciclo de treinamento de seguran\u00e7a para caminh\u00f5es el\u00e9tricos do Brasil A\u00e7\u00e3o faz parte da etapa preparat\u00f3ria para o in\u00edcio da fabrica\u00e7\u00e3o em s\u00e9rie do modelo, prevista","protected":false},"author":1,"featured_media":27602,"comment_status":"closed","ping_status":"closed","sticky":false,"template":"","format":"standard","meta":{"_acf_changed":false,"inline_featured_image":false,"_monsterinsights_skip_tracking":false,"_monsterinsights_sitenote_active":false,"_monsterinsights_sitenote_note":"","_monsterinsights_sitenote_category":0,"footnotes":""},"categories":[31],"tags":[],"class_list":["post-27601","post","type-post","status-publish","format-standard","has-post-thumbnail","hentry","category-prnewsinternacional"],"acf":[],"_links":{"self":[{"href":"https:\/\/bluestudio.estadao.com.br\/agencia-de-comunicacao\/wp-json\/wp\/v2\/posts\/27601","targetHints":{"allow":["GET"]}}],"collection":[{"href":"https:\/\/bluestudio.estadao.com.br\/agencia-de-comunicacao\/wp-json\/wp\/v2\/posts"}],"about":[{"href":"https:\/\/bluestudio.estadao.com.br\/agencia-de-comunicacao\/wp-json\/wp\/v2\/types\/post"}],"author":[{"embeddable":true,"href":"https:\/\/bluestudio.estadao.com.br\/agencia-de-comunicacao\/wp-json\/wp\/v2\/users\/1"}],"replies":[{"embeddable":true,"href":"https:\/\/bluestudio.estadao.com.br\/agencia-de-comunicacao\/wp-json\/wp\/v2\/comments?post=27601"}],"version-history":[{"count":0,"href":"https:\/\/bluestudio.estadao.com.br\/agencia-de-comunicacao\/wp-json\/wp\/v2\/posts\/27601\/revisions"}],"wp:featuredmedia":[{"embeddable":true,"href":"https:\/\/bluestudio.estadao.com.br\/agencia-de-comunicacao\/wp-json\/"}],"wp:attachment":[{"href":"https:\/\/bluestudio.estadao.com.br\/agencia-de-comunicacao\/wp-json\/wp\/v2\/media?parent=27601"}],"wp:term":[{"taxonomy":"category","embeddable":true,"href":"https:\/\/bluestudio.estadao.com.br\/agencia-de-comunicacao\/wp-json\/wp\/v2\/categories?post=27601"},{"taxonomy":"post_tag","embeddable":true,"href":"https:\/\/bluestudio.estadao.com.br\/agencia-de-comunicacao\/wp-json\/wp\/v2\/tags?post=27601"}],"curies":[{"name":"wp","href":"https:\/\/api.w.org\/{rel}","templated":true}]}}