{"id":27210,"date":"2021-01-22T11:42:00","date_gmt":"2021-01-22T11:42:00","guid":{"rendered":"http:\/\/patrocinados.estadao.com.br\/medialab\/agenciacomunicacao\/prnewswire\/prnewsinternacional\/pr-newswire-internacional-cafeicultores-investem-em-mais-produtividade-para-safra-2021-na-femagri-e-feira-do-cerrado-da-cooxupe\/"},"modified":"2021-01-22T11:42:00","modified_gmt":"2021-01-22T11:42:00","slug":"pr-newswire-internacional-cafeicultores-investem-em-mais-produtividade-para-safra-2021-na-femagri-e-feira-do-cerrado-da-cooxupe","status":"publish","type":"post","link":"https:\/\/bluestudio.estadao.com.br\/agencia-de-comunicacao\/prnewswire\/prnewsinternacional\/pr-newswire-internacional-cafeicultores-investem-em-mais-produtividade-para-safra-2021-na-femagri-e-feira-do-cerrado-da-cooxupe\/","title":{"rendered":"PR NEWSWIRE &#8211; INTERNACIONAL :: Cafeicultores investem em mais produtividade para safra 2021 na FEMAGRI e Feira do Cerrado da Cooxup\u00e9"},"content":{"rendered":"<div class=\"xn-newslines\">\n<h1 class=\"xn-hedline\">Cafeicultores investem em mais produtividade para safra 2021 na FEMAGRI e Feira do Cerrado da Cooxup\u00e9<\/h1>\n<p class=\"xn-distributor\">PR Newswire<\/p>\n<p class=\"xn-dateline\">GUAXUP\u00c9, Brasil, 22 de janeiro de 2021<\/p>\n<\/div>\n<div class=\"xn-content\">\n<i>Feiras de neg\u00f3cios ser\u00e3o realizadas virtualmente <\/i><\/p>\n<p>GUAXUP\u00c9, Brasil, 22 de janeiro de 2021 \/PRNewswire\/ &#8212; A Cooperativa Regional de Cafeicultores em Guaxup\u00e9 promover\u00e1 suas duas feiras anuais, a FEMAGRI (para cafeicultores do <span class=\"xn-person\">Sul de Minas<\/span> e m\u00e9dia mogiana do estado de S\u00e3o Paulo) e a Feira do Cerrado (para produtores do cerrado mineiro), entre os dias 01 e 26 de fevereiro de 2021,\u00a0em ambiente virtual. Os cooperados poder\u00e3o fazer seus neg\u00f3cios acessando o site dos eventos ou pelo aplicativo Cooxup\u00e9. <\/p>\n<p>Os eventos est\u00e3o entre os mais importantes do pa\u00eds voltados \u00e0 cafeicultura e re\u00fanem os principais lan\u00e7amentos, oportunidades e solu\u00e7\u00f5es para o setor. A adapta\u00e7\u00e3o no formato digital ocorre por conta da pandemia de COVID-19, mas assegura aos mais de 15 mil cooperados as boas oportunidades de neg\u00f3cios para a safra deste ano.<\/p>\n<p>Nas vers\u00f5es online, os cooperados poder\u00e3o acessar todas as novidades e solu\u00e7\u00f5es para fechar seus neg\u00f3cios. Os n\u00facleos da Cooxup\u00e9 tamb\u00e9m estar\u00e3o preparados para atender os produtores neste novo formato.\u00a0\u00a0 <\/p>\n<p>&#8220;\u00c9 claro que gostar\u00edamos de realizar nossas feiras no formato tradicional, em que recebemos as fam\u00edlias dos nossos associados, mas o momento ainda \u00e9 de distanciamento e estamos respeitando todos os protocolos para que nossas atividades aconte\u00e7am com seguran\u00e7a \u00e0 sa\u00fade de todos. Estamos com boas expectativas&#8221;, explica o presidente da Cooxup\u00e9, <span class=\"xn-person\">Carlos Augusto Rodrigues de Melo<\/span>.<\/p>\n<p>Mesmo no formato virtual, o cooperado contar\u00e1 com todos os benef\u00edcios oferecidos pela Cooxup\u00e9 nas feiras presenciais, como a opera\u00e7\u00e3o barter, em que \u00e9 poss\u00edvel utilizar o caf\u00e9 como moeda de troca. Al\u00e9m disso, ser\u00e3o oferecidos prazos de pagamento que podem ser parcelados de 3 a 5 anos. <\/p>\n<p>As feiras ter\u00e3o a participa\u00e7\u00e3o\u00a0de cerca de 80 empresas, apresentando novidades, entre elas tecnologia para agricultura de precis\u00e3o, refor\u00e7ando a tend\u00eancia da agricultura 4.0, j\u00e1 que os equipamentos permitem ao produtor conectar todas suas opera\u00e7\u00f5es e tomar melhores decis\u00f5es com base em informa\u00e7\u00f5es em tempo real. <\/p>\n<p>&#8220;Quando o cooperado entrar no aplicativo e visitar algum produto, o vendedor ser\u00e1 acionado e auxiliar\u00e1 o produtor em todo o processo. Desenvolvemos uma estrutura para proporcionar a maior comodidade e muito seguran\u00e7a nas transa\u00e7\u00f5es para que o nosso associado tenha o mesmo n\u00edvel de satisfa\u00e7\u00e3o das edi\u00e7\u00f5es tradicionais em que ocorrem a compra presencial&#8221;, comenta o gerente Comercial e CRM da Cooxup\u00e9, Jos\u00e9 <span class=\"xn-person\">Geraldo Junqueira Filho<\/span>.\u00a0 <\/p>\n<p>Acesso: <a target=\"_blank\" href=\"http:\/\/www.cooxupe.com.br\/femagri\" rel=\"noopener\">www.cooxupe.com.br\/femagri<\/a>\u00a0 e\u00a0 <a target=\"_blank\" href=\"http:\/\/www.cooxupe.com.br\/feiradocerrado\" rel=\"noopener\">www.cooxupe.com.br\/feiradocerrado<\/a>\u00a0 . Tamb\u00e9m dispon\u00edvel no APP Cooxup\u00e9. <\/p>\n<p>FONTE  COOXUP\u00c9<\/p>\n<\/div>\n<p><img decoding=\"async\" alt=\"\" src=\"https:\/\/rt.prnewswire.com\/rt.gif?NewsItemId=PT56403&amp;Transmission_Id=202101220938PR_NEWS_LATAM____PT56403&amp;DateId=20210122\" \/><\/p>\n<p>PR NEWSWIRE<\/p>\n","protected":false},"excerpt":{"rendered":"Cafeicultores investem em mais produtividade para safra 2021 na FEMAGRI e Feira do Cerrado da Cooxup\u00e9 PR Newswire GUAXUP\u00c9, Brasil, 22 de janeiro de 2021 Feiras de neg\u00f3cios ser\u00e3o realizadas","protected":false},"author":1,"featured_media":27211,"comment_status":"closed","ping_status":"closed","sticky":false,"template":"","format":"standard","meta":{"_acf_changed":false,"inline_featured_image":false,"_monsterinsights_skip_tracking":false,"_monsterinsights_sitenote_active":false,"_monsterinsights_sitenote_note":"","_monsterinsights_sitenote_category":0,"footnotes":""},"categories":[31],"tags":[],"class_list":["post-27210","post","type-post","status-publish","format-standard","has-post-thumbnail","hentry","category-prnewsinternacional"],"acf":[],"_links":{"self":[{"href":"https:\/\/bluestudio.estadao.com.br\/agencia-de-comunicacao\/wp-json\/wp\/v2\/posts\/27210","targetHints":{"allow":["GET"]}}],"collection":[{"href":"https:\/\/bluestudio.estadao.com.br\/agencia-de-comunicacao\/wp-json\/wp\/v2\/posts"}],"about":[{"href":"https:\/\/bluestudio.estadao.com.br\/agencia-de-comunicacao\/wp-json\/wp\/v2\/types\/post"}],"author":[{"embeddable":true,"href":"https:\/\/bluestudio.estadao.com.br\/agencia-de-comunicacao\/wp-json\/wp\/v2\/users\/1"}],"replies":[{"embeddable":true,"href":"https:\/\/bluestudio.estadao.com.br\/agencia-de-comunicacao\/wp-json\/wp\/v2\/comments?post=27210"}],"version-history":[{"count":0,"href":"https:\/\/bluestudio.estadao.com.br\/agencia-de-comunicacao\/wp-json\/wp\/v2\/posts\/27210\/revisions"}],"wp:featuredmedia":[{"embeddable":true,"href":"https:\/\/bluestudio.estadao.com.br\/agencia-de-comunicacao\/wp-json\/"}],"wp:attachment":[{"href":"https:\/\/bluestudio.estadao.com.br\/agencia-de-comunicacao\/wp-json\/wp\/v2\/media?parent=27210"}],"wp:term":[{"taxonomy":"category","embeddable":true,"href":"https:\/\/bluestudio.estadao.com.br\/agencia-de-comunicacao\/wp-json\/wp\/v2\/categories?post=27210"},{"taxonomy":"post_tag","embeddable":true,"href":"https:\/\/bluestudio.estadao.com.br\/agencia-de-comunicacao\/wp-json\/wp\/v2\/tags?post=27210"}],"curies":[{"name":"wp","href":"https:\/\/api.w.org\/{rel}","templated":true}]}}