{"id":27174,"date":"2021-01-21T14:28:00","date_gmt":"2021-01-21T14:28:00","guid":{"rendered":"http:\/\/patrocinados.estadao.com.br\/medialab\/agenciacomunicacao\/prnewswire\/prnewsinternacional\/pr-newswire-internacional-melhores-lugares-para-visitar-na-europa-pos-pandemia-de-acordo-com-edmar-ricardo-lastoria\/"},"modified":"2021-01-21T14:28:00","modified_gmt":"2021-01-21T14:28:00","slug":"pr-newswire-internacional-melhores-lugares-para-visitar-na-europa-pos-pandemia-de-acordo-com-edmar-ricardo-lastoria","status":"publish","type":"post","link":"https:\/\/bluestudio.estadao.com.br\/agencia-de-comunicacao\/prnewswire\/prnewsinternacional\/pr-newswire-internacional-melhores-lugares-para-visitar-na-europa-pos-pandemia-de-acordo-com-edmar-ricardo-lastoria\/","title":{"rendered":"PR NEWSWIRE &#8211; INTERNACIONAL :: Melhores lugares para visitar na Europa, p\u00f3s pandemia, de acordo com Edmar Ricardo Lastoria"},"content":{"rendered":"<div class=\"xn-newslines\">\n<h1 class=\"xn-hedline\">Melhores lugares para visitar na Europa, p\u00f3s pandemia, de acordo com Edmar Ricardo Lastoria<\/h1>\n<h2 class=\"xn-hedline\">Lar das antigas civiliza\u00e7\u00f5es. \u00c9 l\u00e1 que voc\u00ea vai encontrar cidades hist\u00f3ricas, museus famosos, lugares paradis\u00edacos, hot\u00e9is, restaurantes e bares fenomenais. Quando se pensa em viajar pela Europa, logo sua mente \u00e9 invadida por roteiros dos mais diversos.<\/h2>\n<p class=\"xn-distributor\">PR Newswire<\/p>\n<p class=\"xn-dateline\">FLORIAN\u00d3POLIS, Brasil, 21 de janeiro de 2021<\/p>\n<\/div>\n<div class=\"xn-content\">\nFLORIAN\u00d3POLIS, <span class=\"xn-location\">Brasil<\/span>, 21 de janeiro de 2021 \/PRNewswire\/ &#8212; O turismo na Europa \u00e9 muito popular entre os brasileiros. Afinal quem nunca sonhou conhecer o velho continente?<\/p>\n<div class=\"PRN_ImbeddedAssetReference\" id=\"DivAssetPlaceHolder1\">\n<a href=\"https:\/\/mma.prnewswire.com\/media\/1423848\/Edmar_Lastoria.html\" target=\"_blank\" rel=\"noopener\">  <img decoding=\"async\" src=\"https:\/\/mma.prnewswire.com\/media\/1423848\/Edmar_Lastoria.jpg\" alt=\"Edmar Last\u00f3ria \/ La Toscana \/ It\u00e1lia\" \/><\/a>\n <\/p>\n<\/p><\/div>\n<p>A Europa \u00e9 famosa pelos seus pa\u00edses cheios de hist\u00f3ria, cultura e belezas naturais. Quem vai \u00e0 <span class=\"xn-location\">Paris<\/span>, se apaixona pela Cidade Luz, j\u00e1 quem passeia por Veneza se encanta com suas g\u00f4ndolas. E como n\u00e3o citar a Torre de <span class=\"xn-location\">Pisa<\/span> na It\u00e1lia?<\/p>\n<p>Esses e outros pontos tur\u00edsticos podem ser vistos por quem visita o continente. E para te ajudar a n\u00e3o perder nenhum passeio, neste post separamos algumas dicas para voc\u00ea aproveitar 7 dos melhores destinos europeus.<\/p>\n<p><span class=\"xn-location\">Paris<\/span> \u00e9 a cidade mais rom\u00e2ntica do mundo! Ver a Torre Eiffel, maior s\u00edmbolo da cidade, pela primeira vez \u00e9 de tirar o f\u00f4lego de qualquer um. Por l\u00e1, n\u00e3o deixe de conhecer Montmartre, o Arco do Triunfo, a Catedral de <span class=\"xn-org\">Notre Dame<\/span> e o Museu Louvre.<\/p>\n<p>Capital da Holanda, <span class=\"xn-location\">Amsterdam<\/span> \u00e9 famosa por suas ruas lotadas de bicicletas. Al\u00e9m disso, a cidade \u00e9 toda cercada por canais. Por l\u00e1 n\u00e3o deixe de fazer o passeio a p\u00e9 pelo Jordaan e cintur\u00e3o de canais, visitar o Rijksmuseum e a Casa de <span class=\"xn-person\">Anne Frank<\/span>. Por \u00faltimo, v\u00e1 na a pra\u00e7a Dam, onde a cidade come\u00e7ou.<\/p>\n<p>Localizada as margens do rio Elba e na fronteira com a Rep\u00fablica Checa, Dresden \u00e9 uma cidade repleta de hist\u00f3ria e beleza. Independentemente de quanto tempo voc\u00ea for passar na cidade, n\u00e3o deixe de conhecer os pontos principais, como o Frauenkirche, Zwinger e o Residenzschloss.<\/p>\n<p>Praga \u00e9 a maior cidade e a capital da Rep\u00fablica Checa. Para conhecer os principais pontos tur\u00edsticos voc\u00ea n\u00e3o ter\u00e1 tantos problemas, j\u00e1 que as \u00e1reas mais tur\u00edsticas s\u00e3o pr\u00f3ximas uma das outras. N\u00e3o deixe de visitar a Pra\u00e7a da Cidade Antiga, o Rel\u00f3gio Astron\u00f4mico, a <span class=\"xn-person\">Ponte Carlos<\/span> e o <span class=\"xn-person\">Castelo de Praga<\/span>.<\/p>\n<p>A Pol\u00f4nia \u00e9 um destino que surpreende na Europa. Os mais de mil anos da cidade impressionam. O centro hist\u00f3rico j\u00e1 sobreviveu aos ataques da Segunda Guerra Mundial e hoje \u00e9 um dos pontos tur\u00edsticos listado como Patrim\u00f4nio da Humanidade pela Unesco. N\u00e3o deixe de visitar a Pra\u00e7a do Mercado e o Castelo Wawel.<\/p>\n<p><span class=\"xn-location\">Lagos<\/span>, <span class=\"xn-location\">Portugal<\/span>, a cidade \u00e9 pequena em dimens\u00e3o, mas tem diversas atra\u00e7\u00f5es, vida noturna agitada e boa estrutura para o turismo. Al\u00e9m disso, \u00e9 considerada a cidade com as praias mais acess\u00edveis e bonitas do Algarve. N\u00e3o deixe de visitar a <span class=\"xn-location\">Praia<\/span> de <span class=\"xn-person\">Dona Ana<\/span>, que j\u00e1 foi classificada como a mais bonita do mundo.<\/p>\n<p>\u00c9 a maior cidade da regi\u00e3o da Toscana, na It\u00e1lia. Para os amantes de arte, a cidade est\u00e1 repleta de refer\u00eancias ao Renascimento atrav\u00e9s de quadros, esculturas e arquitetura. A Bas\u00edlica <span class=\"xn-location\">Santa Maria<\/span> del Fiore revestida com m\u00e1rmore verde, rosa e branco, \u00e9 a principal atra\u00e7\u00e3o de Floren\u00e7a. N\u00e3o deixe de atravessar a <span class=\"xn-person\">Ponte Vecchio<\/span> a p\u00e9 e subir no Piazzale Michelangerlo para uma vista panor\u00e2mica.<\/p>\n<p>Foto &#8211; <a target=\"_blank\" href=\"https:\/\/mma.prnewswire.com\/media\/1423848\/Edmar_Lastoria.jpg\" rel=\"noopener\">https:\/\/mma.prnewswire.com\/media\/1423848\/Edmar_Lastoria.jpg<\/a><\/p>\n<p>\u00a0<\/p>\n<div class=\"PRN_ImbeddedAssetReference\" id=\"DivAssetPlaceHolder2\"><\/div>\n<p>FONTE  Edmar Ricardo Lastoria<\/p>\n<\/div>\n<p><img decoding=\"async\" alt=\"\" src=\"https:\/\/rt.prnewswire.com\/rt.gif?NewsItemId=PT54735&amp;Transmission_Id=202101211212PR_NEWS_LATAM____PT54735&amp;DateId=20210121\" \/><\/p>\n<p>PR NEWSWIRE<\/p>\n","protected":false},"excerpt":{"rendered":"Melhores lugares para visitar na Europa, p\u00f3s pandemia, de acordo com Edmar Ricardo Lastoria Lar das antigas civiliza\u00e7\u00f5es. \u00c9 l\u00e1 que voc\u00ea vai encontrar cidades hist\u00f3ricas, museus famosos, lugares","protected":false},"author":1,"featured_media":27175,"comment_status":"closed","ping_status":"closed","sticky":false,"template":"","format":"standard","meta":{"_acf_changed":false,"inline_featured_image":false,"_monsterinsights_skip_tracking":false,"_monsterinsights_sitenote_active":false,"_monsterinsights_sitenote_note":"","_monsterinsights_sitenote_category":0,"footnotes":""},"categories":[31],"tags":[],"class_list":["post-27174","post","type-post","status-publish","format-standard","has-post-thumbnail","hentry","category-prnewsinternacional"],"acf":[],"_links":{"self":[{"href":"https:\/\/bluestudio.estadao.com.br\/agencia-de-comunicacao\/wp-json\/wp\/v2\/posts\/27174","targetHints":{"allow":["GET"]}}],"collection":[{"href":"https:\/\/bluestudio.estadao.com.br\/agencia-de-comunicacao\/wp-json\/wp\/v2\/posts"}],"about":[{"href":"https:\/\/bluestudio.estadao.com.br\/agencia-de-comunicacao\/wp-json\/wp\/v2\/types\/post"}],"author":[{"embeddable":true,"href":"https:\/\/bluestudio.estadao.com.br\/agencia-de-comunicacao\/wp-json\/wp\/v2\/users\/1"}],"replies":[{"embeddable":true,"href":"https:\/\/bluestudio.estadao.com.br\/agencia-de-comunicacao\/wp-json\/wp\/v2\/comments?post=27174"}],"version-history":[{"count":0,"href":"https:\/\/bluestudio.estadao.com.br\/agencia-de-comunicacao\/wp-json\/wp\/v2\/posts\/27174\/revisions"}],"wp:featuredmedia":[{"embeddable":true,"href":"https:\/\/bluestudio.estadao.com.br\/agencia-de-comunicacao\/wp-json\/"}],"wp:attachment":[{"href":"https:\/\/bluestudio.estadao.com.br\/agencia-de-comunicacao\/wp-json\/wp\/v2\/media?parent=27174"}],"wp:term":[{"taxonomy":"category","embeddable":true,"href":"https:\/\/bluestudio.estadao.com.br\/agencia-de-comunicacao\/wp-json\/wp\/v2\/categories?post=27174"},{"taxonomy":"post_tag","embeddable":true,"href":"https:\/\/bluestudio.estadao.com.br\/agencia-de-comunicacao\/wp-json\/wp\/v2\/tags?post=27174"}],"curies":[{"name":"wp","href":"https:\/\/api.w.org\/{rel}","templated":true}]}}