{"id":27140,"date":"2021-01-21T08:12:00","date_gmt":"2021-01-21T08:12:00","guid":{"rendered":"http:\/\/patrocinados.estadao.com.br\/medialab\/agenciacomunicacao\/prnewswire\/prnewsinternacional\/pr-newswire-internacional-erba-mannheim-lanca-segunda-geracao-de-ensaio-sars-cov-2-rt-pcr-com-armazenamento-em-temperatura-ambiente\/"},"modified":"2021-01-21T08:12:00","modified_gmt":"2021-01-21T08:12:00","slug":"pr-newswire-internacional-erba-mannheim-lanca-segunda-geracao-de-ensaio-sars-cov-2-rt-pcr-com-armazenamento-em-temperatura-ambiente","status":"publish","type":"post","link":"https:\/\/bluestudio.estadao.com.br\/agencia-de-comunicacao\/prnewswire\/prnewsinternacional\/pr-newswire-internacional-erba-mannheim-lanca-segunda-geracao-de-ensaio-sars-cov-2-rt-pcr-com-armazenamento-em-temperatura-ambiente\/","title":{"rendered":"PR NEWSWIRE &#8211; INTERNACIONAL :: ERBA Mannheim lan\u00e7a segunda gera\u00e7\u00e3o de ensaio SARS-CoV-2 RT-PCR com armazenamento em temperatura ambiente"},"content":{"rendered":"<div class=\"xn-newslines\">\n<h1 class=\"xn-hedline\">ERBA Mannheim lan\u00e7a segunda gera\u00e7\u00e3o de ensaio SARS-CoV-2 RT-PCR com armazenamento em temperatura ambiente<\/h1>\n<p class=\"xn-distributor\">PR Newswire<\/p>\n<p class=\"xn-dateline\">LONDRES, 21 de janeiro de 2021<\/p>\n<\/div>\n<div class=\"xn-content\">\nLONDRES, 21 de janeiro de 2021 \/PRNewswire\/ &#8212;\u00a0Em resposta \u00e0 atual pandemia da COVID-19, a Erba lan\u00e7ou hoje o kit ErbaMDx SARS-CoV-2 RT-PCR para detec\u00e7\u00e3o de SARS-CoV-2. <\/p>\n<p>Para superar os desafios dos testes moleculares de COVID-19 mais antigos, a equipe de desenvolvimento da Erba baseada em <span class=\"xn-location\">Cambridge<\/span>, no Reino Unido, projetou cuidadosamente um novo ensaio para melhorar a detec\u00e7\u00e3o e a facilidade de uso com um mastermix multiplex de frasco \u00fanico, que pode ser armazenado e transportado em temperatura ambiente.<\/p>\n<p>O novo ensaio oferece limite de detec\u00e7\u00e3o de 200 c\u00f3pias\/ml, usando alvos gen\u00e9ticos universalmente confi\u00e1veis e altamente espec\u00edficos para SARS-CoV-2, al\u00e9m de sequ\u00eancias de iniciadores atualizadas\u00a0para maximizar o desempenho a longo prazo. Os tipos de amostra incluem cotonetes nasofar\u00edngeos (swabs) e orofar\u00edngeos, bem como saliva.<\/p>\n<p><span class=\"xn-person\">Nikhil Vazirani<\/span>, MD da Erba, disse:<i> &#8220;Estamos orgulhosos e entusiasmados em acrescentar um exame RT-PCR altamente sens\u00edvel \u00e0 nossa gama crescente de imunoensaios e solu\u00e7\u00f5es moleculares. O novo exame <\/i>ErbaMDx SARS-CoV-2<i> complementa perfeitamente os nossos bem-sucedidos ensaios de COVID-19 IgG e IgM ELISA para oferecer aos clientes um teste molecular de \u00faltima gera\u00e7\u00e3o, al\u00e9m do teste de anticorpos que oferecer\u00e1 informa\u00e7\u00f5es valiosas aos m\u00e9dicos sobre a resposta imune \u00e0 infec\u00e7\u00e3o ou vacina\u00e7\u00e3o.&#8221;<\/i><\/p>\n<p>O kit com a marca\u00e7\u00e3o CE estar\u00e1 dispon\u00edvel por meio da rede de distribui\u00e7\u00e3o global da Erba.<\/p>\n<p>Saiba mais: <a target=\"_blank\" href=\"https:\/\/covid19.erbamannheim.com\/\" rel=\"noopener\">https:\/\/covid19.erbamannheim.com\/<\/a><\/p>\n<p><b>Sobre a <span class=\"xn-person\">Erba Mannheim<\/span><\/b>\u00a0<\/p>\n<p>A <span class=\"xn-person\">Erba Mannheim<\/span> \u00e9 uma empresa global cujo foco \u00e9 fornecer solu\u00e7\u00f5es para diagn\u00f3sticos inovadoras, acess\u00edveis e sustent\u00e1veis para laborat\u00f3rios em todo o mundo. Estabelecido em mais de 100 pa\u00edses, o grupo Erba usa uma combina\u00e7\u00e3o de P&amp;D de ponta em 4 continentes com fabrica\u00e7\u00e3o eficiente e de baixo custo para tornar acess\u00edveis as tecnologias de diagn\u00f3stico independentemente dos recursos dispon\u00edveis.<\/p>\n<p>FONTE  Erba Mannheim<\/p>\n<\/div>\n<p><img decoding=\"async\" alt=\"\" src=\"https:\/\/rt.prnewswire.com\/rt.gif?NewsItemId=PT28455&amp;Transmission_Id=202101210600PR_NEWS_LATAM____PT28455&amp;DateId=20210121\" \/><\/p>\n<p>PR NEWSWIRE<\/p>\n","protected":false},"excerpt":{"rendered":"ERBA Mannheim lan\u00e7a segunda gera\u00e7\u00e3o de ensaio SARS-CoV-2 RT-PCR com armazenamento em temperatura ambiente PR Newswire LONDRES, 21 de janeiro de 2021 LONDRES, 21 de janeiro de 2021 \/PRNewswire\/","protected":false},"author":1,"featured_media":27141,"comment_status":"closed","ping_status":"closed","sticky":false,"template":"","format":"standard","meta":{"_acf_changed":false,"inline_featured_image":false,"_monsterinsights_skip_tracking":false,"_monsterinsights_sitenote_active":false,"_monsterinsights_sitenote_note":"","_monsterinsights_sitenote_category":0,"footnotes":""},"categories":[31],"tags":[],"class_list":["post-27140","post","type-post","status-publish","format-standard","has-post-thumbnail","hentry","category-prnewsinternacional"],"acf":[],"_links":{"self":[{"href":"https:\/\/bluestudio.estadao.com.br\/agencia-de-comunicacao\/wp-json\/wp\/v2\/posts\/27140","targetHints":{"allow":["GET"]}}],"collection":[{"href":"https:\/\/bluestudio.estadao.com.br\/agencia-de-comunicacao\/wp-json\/wp\/v2\/posts"}],"about":[{"href":"https:\/\/bluestudio.estadao.com.br\/agencia-de-comunicacao\/wp-json\/wp\/v2\/types\/post"}],"author":[{"embeddable":true,"href":"https:\/\/bluestudio.estadao.com.br\/agencia-de-comunicacao\/wp-json\/wp\/v2\/users\/1"}],"replies":[{"embeddable":true,"href":"https:\/\/bluestudio.estadao.com.br\/agencia-de-comunicacao\/wp-json\/wp\/v2\/comments?post=27140"}],"version-history":[{"count":0,"href":"https:\/\/bluestudio.estadao.com.br\/agencia-de-comunicacao\/wp-json\/wp\/v2\/posts\/27140\/revisions"}],"wp:featuredmedia":[{"embeddable":true,"href":"https:\/\/bluestudio.estadao.com.br\/agencia-de-comunicacao\/wp-json\/"}],"wp:attachment":[{"href":"https:\/\/bluestudio.estadao.com.br\/agencia-de-comunicacao\/wp-json\/wp\/v2\/media?parent=27140"}],"wp:term":[{"taxonomy":"category","embeddable":true,"href":"https:\/\/bluestudio.estadao.com.br\/agencia-de-comunicacao\/wp-json\/wp\/v2\/categories?post=27140"},{"taxonomy":"post_tag","embeddable":true,"href":"https:\/\/bluestudio.estadao.com.br\/agencia-de-comunicacao\/wp-json\/wp\/v2\/tags?post=27140"}],"curies":[{"name":"wp","href":"https:\/\/api.w.org\/{rel}","templated":true}]}}