{"id":22951,"date":"2021-01-15T18:13:00","date_gmt":"2021-01-15T18:13:00","guid":{"rendered":"http:\/\/patrocinados.estadao.com.br\/medialab\/agenciacomunicacao\/prnewswire\/prnewsinternacional\/pr-newswire-internacional-top-model-transex-brasileira-faz-sucesso-no-mundo-da-moda-e-posa-para-mais-de-60-revistas-internacionais\/"},"modified":"2021-01-15T18:13:00","modified_gmt":"2021-01-15T18:13:00","slug":"pr-newswire-internacional-top-model-transex-brasileira-faz-sucesso-no-mundo-da-moda-e-posa-para-mais-de-60-revistas-internacionais","status":"publish","type":"post","link":"https:\/\/bluestudio.estadao.com.br\/agencia-de-comunicacao\/prnewswire\/prnewsinternacional\/pr-newswire-internacional-top-model-transex-brasileira-faz-sucesso-no-mundo-da-moda-e-posa-para-mais-de-60-revistas-internacionais\/","title":{"rendered":"PR NEWSWIRE &#8211; INTERNACIONAL :: Top Model transex brasileira, faz sucesso no mundo da moda, e posa para mais de 60 revistas internacionais"},"content":{"rendered":"<div class=\"xn-newslines\">\n<h1 class=\"xn-hedline\">Top Model transex brasileira, faz sucesso no mundo da moda, e posa para mais de 60 revistas internacionais<\/h1>\n<h2 class=\"xn-hedline\">Monica Matarazzo, \u00e9 a \u00fanica transex brasileira, a ter seus ensaios fotogr\u00e1ficos publicados em mais de 60 revistas internacionais de moda, estilo e viagens.<\/h2>\n<h2 class=\"xn-hedline\">A identifica\u00e7\u00e3o com o sexo oposto e o eventual desejo de uma pessoa em assumir uma nova identidade de g\u00eanero come\u00e7a geralmente na primeira inf\u00e2ncia, entre os 4 e 6 anos de idade.<\/h2>\n<p class=\"xn-distributor\">PR Newswire<\/p>\n<p class=\"xn-dateline\">FLORIAN\u00d3POLIS, Brasil, 15 de janeiro de 2021<\/p>\n<\/div>\n<div class=\"xn-content\">\nFLORIAN\u00d3POLIS, <span class=\"xn-location\">Brasil<\/span>, 15 de janeiro de 2021 \/PRNewswire\/ &#8212;\u00a0M\u00f4nica Matarazzo, nome social escolhido e respeitado por seus familiares, amigos, sociedade, 45 anos, \u00e9 uma reconhecid\u00edssma designer de interiores na Europa, influenciadora do mercado de luxo e turismo, modelo, desde crian\u00e7a, sempre viu homens e mulheres bonitos e na cabe\u00e7a, ela imaginava que para ter um namorado bonito ela tinha que ser uma mulher bonita mas sem maldade, romantizava o amor muito crian\u00e7a, ainda. Sempre brincou com as meninas de bonecas, pintava as unhas e maquiava as amigas e a ela mesma, o que, para ela, era normal, sem culpa alguma perante a sociedade.<\/p>\n<div class=\"PRN_ImbeddedAssetReference\" id=\"DivAssetPlaceHolder1\">\n<a href=\"https:\/\/mma.prnewswire.com\/media\/1421575\/WhatsApp_Image_2021_01_06_at_16_09_03.html\" target=\"_blank\" rel=\"noopener\">  <img decoding=\"async\" src=\"https:\/\/mma.prnewswire.com\/media\/1421575\/WhatsApp_Image_2021_01_06_at_16_09_03.jpg\" alt=\"Top Model M\u00f4nica Matarazzo\" \/><\/a>\n <\/p>\n<\/p><\/div>\n<p>Nascida em Formosa do Oeste, no Paran\u00e1, morou muitos anos em Londrina, S\u00e3o Paulo e, sempre em busca de independ\u00eancia econ\u00f4mica dos pais, estudou em uma escola de padres, onde fez marcenaria, pois sempre gostou de trabalhos manuais, para garantir que poderia trabalhar para ter seu dinheiro, essa era a imposi\u00e7\u00e3o de seus pais, na \u00e9poca.<\/p>\n<p>Come\u00e7ou a trabalhar com 13\/14 anos, pois seu sonho era ter uma casa grande com piscina, ser algu\u00e9m importante na sociedade, onde no <span class=\"xn-location\">Brasil<\/span>, a 25 anos atr\u00e1s, pelas suas escolhas, a sociedade criminalizava os transexuais. Vendo travestis e como eles se moldavam e se vestiam, pensou sim, em fazer a cirurgia de resigna\u00e7\u00e3o sexual, mas isso, ainda nova. Depois, esse querer passou e assumiu seu corpo como deveria ser. Fez cirurgias pl\u00e1sticas, tomou horm\u00f4nios e fez-se seu sonho de transmutar o corpo para ser feliz.<\/p>\n<p>Com apenas 19 anos, M\u00f4nica deixou Londrina, onde morou boa parte da sua vida de crian\u00e7a e adolescente, e rumou para o Velho Continente, carregando sonhos, conquistas e adapta\u00e7\u00e3o ao seu novo ser, com o qual se identificava de verdade. Chegou \u00e0 Europa em 93 e come\u00e7ou a trabalhar em casas de espet\u00e1culos, os antigos cabar\u00e9s. Pouco tempo depois, conseguiu regularizar a sua situa\u00e7\u00e3o e obter os documentos estabelecendo-se na It\u00e1lia, em Seriate, prov\u00edncia de B\u00e9rgamo, a 50km de Mil\u00e3o, capital da moda.<\/p>\n<p>A sensa\u00e7\u00e3o que M\u00f4nica sempre teve em rela\u00e7\u00e3o a sociedade \u00e9 a de que, para voc\u00ea SER voc\u00ea precisa TER e, ela come\u00e7ou a conquistar seu espa\u00e7o, ser reconhecida pelo seu trabalho de designer de interiores, conseguiu vencer na vida, fazer seus sonhos realidade, conquistar bens im\u00f3veis, o que d\u00e1 a ela, um prazer e um orgulho para si mesma e, quer saber, ela est\u00e1 certa! Temos que ter orgulho de n\u00f3s mesmos, de nossas conquistas!<\/p>\n<p>Casada a tr\u00eas anos, M\u00f3nica Matarazzo aproveita os finais de semana para viajar com seu marido, onde j\u00e1 conheceram v\u00e1rias cidades da It\u00e1lia e pa\u00edses como: Fran\u00e7a, Su\u00ed\u00e7a, <span class=\"xn-location\">Portugal<\/span>, Alemanha, entre outros, al\u00e9m de fazer trabalhos, como modelo, para v\u00e1rias marcas da It\u00e1lia e do <span class=\"xn-location\">Brasil<\/span>, e participou do \u00faltimo Milano Fashion Week.<\/p>\n<p>Este ano, a Milano Fashion Week aconteceu na \u00faltima semana de fevereiro, antes da pandemia mundial e contou com mais de 50 desfiles de 152 grifes que apresentaram as tend\u00eancias da moda feminina outono\/inverno 2020\/2021.<\/p>\n<p>Verdade seja dita, a maior parte dos desfiles e eventos s\u00e3o fechados ao p\u00fablico e, M\u00f4nica foi convidada e, para ela \u00e9 motivo de grande orgulho e uma honra ter sua participa\u00e7\u00e3o neste evento e, considera, ser convidada nos pr\u00f3ximos anos. Seu sonho \u00e9 ser convidada pela marca Dolce &amp; Gabbana, sua marca favorita, na moda.<\/p>\n<p>M\u00f4nica tamb\u00e9m \u00e9 muito requisitada para entrevistas e mat\u00e9rias e estes s\u00e3o, alguns ve\u00edculos que j\u00e1 sa\u00edram notas sobre ela: Veja &#8211; <span class=\"xn-location\">Brasil<\/span>, Estad\u00e3o &#8211; <span class=\"xn-location\">Brasil<\/span>, Uol &#8211; <span class=\"xn-location\">Brasil<\/span>, Ag\u00eancia Globo &#8211; <span class=\"xn-location\">Brasil<\/span>, SAPO Lifestyle &#8211; <span class=\"xn-location\">Portugal<\/span>, Avessa ? <span class=\"xn-location\">USA<\/span>, e mais de 60 revistas ao redor do mundo.<\/p>\n<p><span class=\"xn-person\">Amante de<\/span> carros e de mobili\u00e1rios de designers famosos ela ama estar no meio do luxo, do bom gosto e de marcas boas e caras, mas, sem ostenta\u00e7\u00e3o, simplesmente porque gosta e pode ter, pela vida est\u00e1vel que conquistou. Seus sonhos foram e ainda s\u00e3o uma doce conquista para M\u00f4nica Matarazzo.<\/p>\n<p><a target=\"_blank\" href=\"https:\/\/www.instagram.com\/monicasantanamatarazzo\" rel=\"noopener\">https:\/\/www.instagram.com\/monicasantanamatarazzo<\/a>\u00a0\u00a0<\/p>\n<p>Assessoria: Escrit\u00f3rio Digital: 48: 98834-8552<\/p>\n<p>Foto &#8211; <a target=\"_blank\" href=\"https:\/\/mma.prnewswire.com\/media\/1421575\/WhatsApp_Image_2021_01_06_at_16_09_03.jpg\" rel=\"noopener\">https:\/\/mma.prnewswire.com\/media\/1421575\/WhatsApp_Image_2021_01_06_at_16_09_03.jpg<\/a> <\/p>\n<p>\u00a0<\/p>\n<div class=\"PRN_ImbeddedAssetReference\" id=\"DivAssetPlaceHolder2\"><\/div>\n<p>FONTE  M\u00f4nica Matarazzo<\/p>\n<\/div>\n<p><img decoding=\"async\" alt=\"\" src=\"https:\/\/rt.prnewswire.com\/rt.gif?NewsItemId=PT50746&amp;Transmission_Id=202101151601PR_NEWS_LATAM____PT50746&amp;DateId=20210115\" \/><\/p>\n<p>PR NEWSWIRE<\/p>\n","protected":false},"excerpt":{"rendered":"Top Model transex brasileira, faz sucesso no mundo da moda, e posa para mais de 60 revistas internacionais Monica Matarazzo, \u00e9 a \u00fanica transex brasileira, a ter seus ensaios fotogr\u00e1ficos publicados","protected":false},"author":1,"featured_media":22952,"comment_status":"closed","ping_status":"closed","sticky":false,"template":"","format":"standard","meta":{"_acf_changed":false,"inline_featured_image":false,"_monsterinsights_skip_tracking":false,"_monsterinsights_sitenote_active":false,"_monsterinsights_sitenote_note":"","_monsterinsights_sitenote_category":0,"footnotes":""},"categories":[31],"tags":[],"class_list":["post-22951","post","type-post","status-publish","format-standard","has-post-thumbnail","hentry","category-prnewsinternacional"],"acf":[],"_links":{"self":[{"href":"https:\/\/bluestudio.estadao.com.br\/agencia-de-comunicacao\/wp-json\/wp\/v2\/posts\/22951","targetHints":{"allow":["GET"]}}],"collection":[{"href":"https:\/\/bluestudio.estadao.com.br\/agencia-de-comunicacao\/wp-json\/wp\/v2\/posts"}],"about":[{"href":"https:\/\/bluestudio.estadao.com.br\/agencia-de-comunicacao\/wp-json\/wp\/v2\/types\/post"}],"author":[{"embeddable":true,"href":"https:\/\/bluestudio.estadao.com.br\/agencia-de-comunicacao\/wp-json\/wp\/v2\/users\/1"}],"replies":[{"embeddable":true,"href":"https:\/\/bluestudio.estadao.com.br\/agencia-de-comunicacao\/wp-json\/wp\/v2\/comments?post=22951"}],"version-history":[{"count":0,"href":"https:\/\/bluestudio.estadao.com.br\/agencia-de-comunicacao\/wp-json\/wp\/v2\/posts\/22951\/revisions"}],"wp:featuredmedia":[{"embeddable":true,"href":"https:\/\/bluestudio.estadao.com.br\/agencia-de-comunicacao\/wp-json\/"}],"wp:attachment":[{"href":"https:\/\/bluestudio.estadao.com.br\/agencia-de-comunicacao\/wp-json\/wp\/v2\/media?parent=22951"}],"wp:term":[{"taxonomy":"category","embeddable":true,"href":"https:\/\/bluestudio.estadao.com.br\/agencia-de-comunicacao\/wp-json\/wp\/v2\/categories?post=22951"},{"taxonomy":"post_tag","embeddable":true,"href":"https:\/\/bluestudio.estadao.com.br\/agencia-de-comunicacao\/wp-json\/wp\/v2\/tags?post=22951"}],"curies":[{"name":"wp","href":"https:\/\/api.w.org\/{rel}","templated":true}]}}