{"id":17282,"date":"2020-12-17T12:12:00","date_gmt":"2020-12-17T12:12:00","guid":{"rendered":"http:\/\/patrocinados.estadao.com.br\/medialab\/agenciacomunicacao\/prnewswire\/prnewsinternacional\/pr-newswire-internacional-em-meio-a-pandemia-da-covid-19-decima-edicao-do-premio-picture-of-the-year-latam-inclui-categorias-com-foco-em-saude\/"},"modified":"2020-12-17T12:12:00","modified_gmt":"2020-12-17T12:12:00","slug":"pr-newswire-internacional-em-meio-a-pandemia-da-covid-19-decima-edicao-do-premio-picture-of-the-year-latam-inclui-categorias-com-foco-em-saude","status":"publish","type":"post","link":"https:\/\/bluestudio.estadao.com.br\/agencia-de-comunicacao\/prnewswire\/prnewsinternacional\/pr-newswire-internacional-em-meio-a-pandemia-da-covid-19-decima-edicao-do-premio-picture-of-the-year-latam-inclui-categorias-com-foco-em-saude\/","title":{"rendered":"PR NEWSWIRE &#8211; INTERNACIONAL :: Em meio \u00e0 pandemia da COVID-19, d\u00e9cima edi\u00e7\u00e3o do pr\u00eamio Picture of The Year Latam inclui categorias com foco em sa\u00fade"},"content":{"rendered":"<div class=\"xn-newslines\">\n<h1 class=\"xn-hedline\">Em meio \u00e0 pandemia da COVID-19, d\u00e9cima edi\u00e7\u00e3o do pr\u00eamio Picture of The Year Latam inclui categorias com foco em sa\u00fade<\/h1>\n<h2 class=\"xn-hedline\">Parceria com a Janssen, farmac\u00eautica da Johnson &amp; Johnson, premiar\u00e1 imagens sobre desafios e li\u00e7\u00f5es aprendidas na \u00e1rea da sa\u00fade em 2020<\/h2>\n<p class=\"xn-distributor\">PR Newswire<\/p>\n<p class=\"xn-dateline\">S\u00c3O PAULO, 17 de dezembro de 2020<\/p>\n<\/div>\n<div class=\"xn-content\">\nS\u00c3O PAULO, 17 de dezembro de 2020 \/PRNewswire\/ &#8212; Pela primeira vez em sua hist\u00f3ria o pr\u00eamio Picture of the Year Latam (POY Latam), concurso de fotografia mais prestigiado da Am\u00e9rica Latina, incluir\u00e1 categorias especiais sobre sa\u00fade e ampliar\u00e1 seu p\u00fablico-alvo para fot\u00f3grafos amadores e independentes. A ideia \u00e9 obter imagens com vis\u00f5es diversas e permitir uma reflex\u00e3o profunda sobre os desafios e li\u00e7\u00f5es deixados pela nova realidade imposta pela pandemia de SARS-COV-2. Fot\u00f3grafas e fot\u00f3grafos brasileiros interessados em participar podem se inscrever de 30 de novembro a 2 de janeiro de 2021. O prazo para fot\u00f3grafos amadores vai at\u00e9 31 de janeiro de 2021.<\/p>\n<p>Em sua d\u00e9cima edi\u00e7\u00e3o, o concurso ter\u00e1 a parceria da Janssen, farmac\u00eautica da Johnson &amp; Johnson, que lidera no Brasil a campanha #TudoBemTratar, iniciativa criada pela empresa para dar visibilidade e apoio aos pacientes que sofrem de outras doen\u00e7as al\u00e9m da COVID-19, e que, pela pandemia, tiveram impacto em seus diagn\u00f3sticos, consultas m\u00e9dicas, acompanhamento e tratamento. Pela parceria com a Janssen, foram inclu\u00eddas quatro novas categorias dedicadas \u00e0 sa\u00fade, para profissionais da fotografia, e tr\u00eas para amadores; estes \u00faltimos poder\u00e3o participar do concurso publicando os seus trabalhos no Instagram.<\/p>\n<p>As categorias &#8220;pacientes&#8221;, &#8220;cuidadores&#8221;, &#8220;sa\u00fade mental&#8221; e &#8220;enfrentar a pandemia&#8221; procuram dar visibilidade aos desafios enfrentados por milh\u00f5es de pacientes, ao admir\u00e1vel trabalho realizado por profissionais da medicina, enfermagem e cuidadores em geral, bem como \u00e0 import\u00e2ncia de dar continuidade ao cuidado com outras doen\u00e7as e \u00e0 necessidade de proteger a sa\u00fade mental durante a pandemia.<\/p>\n<p>O j\u00fari desta edi\u00e7\u00e3o contar\u00e1 com o diretor regional da National Geographic para a Am\u00e9rica Latina, <span class=\"xn-person\">Gael Almeida<\/span>; Gisela Vol\u00e1, fot\u00f3grafa, professora, curadora e cofundadora da Sub, uma cooperativa de fotografia fundada em <span class=\"xn-location\">Buenos Aires<\/span>; <span class=\"xn-person\">Daniel Rodrigues<\/span>, fot\u00f3grafo portugu\u00eas e \u00faltimo vencedor da World Press Photo; e <span class=\"xn-person\">Magdalena Herrera<\/span>, diretora de fotografia da <span class=\"xn-person\">GEO FRANCE<\/span>. <\/p>\n<p>A avalia\u00e7\u00e3o das fotografias ocorrer\u00e1 de 14 a 17 de janeiro e as de v\u00eddeo e web de 21 a 24 de janeiro. As fotografias amadoras ser\u00e3o avaliadas de 4 a 6 de fevereiro. Os vencedores ser\u00e3o anunciados no in\u00edcio de 2021. <\/p>\n<p>Para mais informa\u00e7\u00f5es sobre o concurso e inscri\u00e7\u00e3o, acesse\u00a0<a target=\"_blank\" href=\"https:\/\/poylatam.org\/#Concurso\" rel=\"noopener\">https:\/\/poylatam.org\/#Concurso<\/a><\/p>\n<p>Para saber mais sobre a campanha #TudobemTratar, acesse <a target=\"_blank\" href=\"https:\/\/www.janssen.com\/brasil\/blog\/tbt\" rel=\"noopener\">https:\/\/www.janssen.com\/brasil\/blog\/tbt<\/a><\/p>\n<p \/>\nFONTE  Janssen<\/p>\n<\/div>\n<p><img decoding=\"async\" alt=\"\" src=\"https:\/\/rt.prnewswire.com\/rt.gif?NewsItemId=PT27138&amp;Transmission_Id=202012171000PR_NEWS_LATAM____PT27138&amp;DateId=20201217\" \/><\/p>\n<p>PR NEWSWIRE<\/p>\n","protected":false},"excerpt":{"rendered":"Em meio \u00e0 pandemia da COVID-19, d\u00e9cima edi\u00e7\u00e3o do pr\u00eamio Picture of The Year Latam inclui categorias com foco em sa\u00fade Parceria com a Janssen, farmac\u00eautica da Johnson &amp; Johnson, premiar\u00e1","protected":false},"author":1,"featured_media":17283,"comment_status":"closed","ping_status":"closed","sticky":false,"template":"","format":"standard","meta":{"_acf_changed":false,"inline_featured_image":false,"_monsterinsights_skip_tracking":false,"_monsterinsights_sitenote_active":false,"_monsterinsights_sitenote_note":"","_monsterinsights_sitenote_category":0,"footnotes":""},"categories":[31],"tags":[],"class_list":["post-17282","post","type-post","status-publish","format-standard","has-post-thumbnail","hentry","category-prnewsinternacional"],"acf":[],"_links":{"self":[{"href":"https:\/\/bluestudio.estadao.com.br\/agencia-de-comunicacao\/wp-json\/wp\/v2\/posts\/17282","targetHints":{"allow":["GET"]}}],"collection":[{"href":"https:\/\/bluestudio.estadao.com.br\/agencia-de-comunicacao\/wp-json\/wp\/v2\/posts"}],"about":[{"href":"https:\/\/bluestudio.estadao.com.br\/agencia-de-comunicacao\/wp-json\/wp\/v2\/types\/post"}],"author":[{"embeddable":true,"href":"https:\/\/bluestudio.estadao.com.br\/agencia-de-comunicacao\/wp-json\/wp\/v2\/users\/1"}],"replies":[{"embeddable":true,"href":"https:\/\/bluestudio.estadao.com.br\/agencia-de-comunicacao\/wp-json\/wp\/v2\/comments?post=17282"}],"version-history":[{"count":0,"href":"https:\/\/bluestudio.estadao.com.br\/agencia-de-comunicacao\/wp-json\/wp\/v2\/posts\/17282\/revisions"}],"wp:featuredmedia":[{"embeddable":true,"href":"https:\/\/bluestudio.estadao.com.br\/agencia-de-comunicacao\/wp-json\/"}],"wp:attachment":[{"href":"https:\/\/bluestudio.estadao.com.br\/agencia-de-comunicacao\/wp-json\/wp\/v2\/media?parent=17282"}],"wp:term":[{"taxonomy":"category","embeddable":true,"href":"https:\/\/bluestudio.estadao.com.br\/agencia-de-comunicacao\/wp-json\/wp\/v2\/categories?post=17282"},{"taxonomy":"post_tag","embeddable":true,"href":"https:\/\/bluestudio.estadao.com.br\/agencia-de-comunicacao\/wp-json\/wp\/v2\/tags?post=17282"}],"curies":[{"name":"wp","href":"https:\/\/api.w.org\/{rel}","templated":true}]}}