{"id":17258,"date":"2020-12-18T19:28:00","date_gmt":"2020-12-18T19:28:00","guid":{"rendered":"http:\/\/patrocinados.estadao.com.br\/medialab\/agenciacomunicacao\/prnewswire\/prnewsinternacional\/pr-newswire-internacional-betoneira-de-natal-leva-charme-natalino-as-ruas-de-sao-paulo-e-chama-a-atencao-dos-paulistanos\/"},"modified":"2020-12-18T19:28:00","modified_gmt":"2020-12-18T19:28:00","slug":"pr-newswire-internacional-betoneira-de-natal-leva-charme-natalino-as-ruas-de-sao-paulo-e-chama-a-atencao-dos-paulistanos","status":"publish","type":"post","link":"https:\/\/bluestudio.estadao.com.br\/agencia-de-comunicacao\/prnewswire\/prnewsinternacional\/pr-newswire-internacional-betoneira-de-natal-leva-charme-natalino-as-ruas-de-sao-paulo-e-chama-a-atencao-dos-paulistanos\/","title":{"rendered":"PR NEWSWIRE &#8211; INTERNACIONAL :: &#8220;Betoneira de Natal&#8221; leva charme natalino \u00e0s ruas de S\u00e3o Paulo e chama a aten\u00e7\u00e3o dos paulistanos"},"content":{"rendered":"<div class=\"xn-newslines\">\n<h1 class=\"xn-hedline\">&#8220;Betoneira de Natal&#8221; leva charme natalino \u00e0s ruas de S\u00e3o Paulo e chama a aten\u00e7\u00e3o dos paulistanos<\/h1>\n<h2 class=\"xn-hedline\">A\u00e7\u00e3o da InterCement Brasil tamb\u00e9m acontece em Porto Alegre<\/h2>\n<p class=\"xn-distributor\">PR Newswire<\/p>\n<p class=\"xn-dateline\">S\u00c3O PAULO, 18 de dezembro de 2020<\/p>\n<\/div>\n<div class=\"xn-content\">\nS\u00c3O PAULO, 18 de dezembro de 2020 \/PRNewswire\/ &#8212; Quem se locomove \u00e0 noite pela cidade de S\u00e3o Paulo agora tem a chance de se deparar com mais um s\u00edmbolo de Natal: a betoneira natalina do Cimento Cau\u00ea, uma das marcas da InterCement Brasil, segunda maior empresa de cimento no Brasil. O caminh\u00e3o personalizado come\u00e7ou a circular pelas ruas da capital no \u00faltimo dia 05, chamando a aten\u00e7\u00e3o dos moradores e visitantes.<\/p>\n<p>Por onde passa, a betoneira atrai olhares curiosos e buzinas dos carros vizinhos, al\u00e9m de muitas fotos e grava\u00e7\u00f5es nos celulares. O ve\u00edculo, inclusive, foi flagrado recentemente pelo jornalista <span class=\"xn-person\">Roberto Kovalick<\/span>, que transformou a atra\u00e7\u00e3o em <a target=\"_blank\" href=\"https:\/\/globoplay.globo.com\/v\/9092616\/\" rel=\"noopener\">uma mat\u00e9ria especial para o programa Hora 1<\/a>, da Rede Globo.<\/p>\n<p>A betoneira de Natal foi idealizada em 2018, pela \u00e1rea de concreto da InterCement Brasil. &#8220;Enxergamos na a\u00e7\u00e3o uma chance de espalhar mais alegria e esp\u00edrito natalino \u00e0s pessoas&#8221; afirma M\u00e1rcio Moniz, Gerente de Concreto da InterCement Brasil. Este ano, a inspira\u00e7\u00e3o do projeto foi o c\u00e9u estrelado ? efeito proporcionado por uma pel\u00edcula negra sobre o caminh\u00e3o e pontos de luz branca.<\/p>\n<p><b><span class=\"xn-location\">Porto Alegre<\/span><\/b><\/p>\n<p>A betoneira de Natal n\u00e3o \u00e9 exclusividade paulistana. A regi\u00e3o metropolitana de <span class=\"xn-location\">Porto Alegre<\/span> tamb\u00e9m foi contemplada pela a\u00e7\u00e3o. Entre os dias 14 e 19 de dezembro, as ruas da capital ga\u00facha e cidades vizinhas receberam um caminh\u00e3o iluminado que, durante o dia, visita os principais clientes da cimenteira e, \u00e0 noite, faz um desfile pelos munic\u00edpios.<\/p>\n<div class=\"PRN_ImbeddedAssetReference\" id=\"DivAssetPlaceHolder4031\">\n<a href=\"https:\/\/mma.prnewswire.com\/media\/1389429\/InterCement_Brasil.html\" target=\"_blank\" rel=\"noopener\"><img decoding=\"async\" src=\"https:\/\/mma.prnewswire.com\/media\/1389429\/InterCement_Brasil.jpg\" alt=\"\" \/><\/a><\/p>\n<\/div>\n<p>Al\u00e9m da ilumina\u00e7\u00e3o, a carroceria tem uma \u00e1rvore de Natal e um palete de cimento Cau\u00ea embrulhado para presente. Quando estacionada em clientes, na betoneira est\u00e1 o Ti\u00e3o, o mascote da InterCement Brasil.<\/p>\n<p>De acordo com os idealizadores, um dos objetivos da a\u00e7\u00e3o \u00e9 criar aproxima\u00e7\u00e3o da marca com o mercado consumidor aproveitando o esp\u00edrito natalino. &#8220;Respeitando o distanciamento social, levaremos nossa mensagem de esperan\u00e7a sobre rodas&#8221;, diz <span class=\"xn-person\">Amanda Hernandes Soares<\/span>, Gerente de Comunica\u00e7\u00e3o e Trade.<\/p>\n<p><b>Sobre a InterCement<\/b><\/p>\n<p>A InterCement \u00e9 uma das maiores fabricantes de cimento do mundo e refer\u00eancia na utiliza\u00e7\u00e3o de combust\u00edveis alternativos no processo de coprocessamento. A empresa iniciou suas opera\u00e7\u00f5es em 1974, em Apia\u00ed (SP). Al\u00e9m do cimento, fabrica e distribui agregados e cal, atua no servi\u00e7o de concreto e emprega mais de 6 mil profissionais. Operar de forma segura e respons\u00e1vel, respeitando os seus valores e princ\u00edpios, \u00e9 fundamental para a InterCement. Com atua\u00e7\u00e3o em cinco pa\u00edses Brasil, \u00c1frica do Sul, <span class=\"xn-location\">Argentina<\/span>, Egito e Mo\u00e7ambique, tem capacidade ativa de produ\u00e7\u00e3o de mais de 33 milh\u00f5es de toneladas de cimento\/ano, aproximadamente 2,4 milh\u00f5es m\u00b3\/ano de concreto e 7 unidades produtoras de agregados. Por meio do Instituto InterCement, a empresa realiza projetos mobilizantes e neg\u00f3cios de impacto com o intuito de promover o desenvolvimento comunit\u00e1rio nas regi\u00f5es onde atua.<\/p>\n<p>Foto &#8211; <a target=\"_blank\" href=\"https:\/\/mma.prnewswire.com\/media\/1389429\/InterCement_Brasil.jpg\" rel=\"noopener\">https:\/\/mma.prnewswire.com\/media\/1389429\/InterCement_Brasil.jpg<\/a> <\/p>\n<p>\u00a0<\/p>\n<div class=\"PRN_ImbeddedAssetReference\" id=\"DivAssetPlaceHolder0\"><\/div>\n<p>FONTE  InterCement Brasil<\/p>\n<\/div>\n<p><img decoding=\"async\" alt=\"\" src=\"https:\/\/rt.prnewswire.com\/rt.gif?NewsItemId=PT29826&amp;Transmission_Id=202012181725PR_NEWS_LATAM____PT29826&amp;DateId=20201218\" \/><\/p>\n<p>PR NEWSWIRE<\/p>\n","protected":false},"excerpt":{"rendered":"&#8220;Betoneira de Natal&#8221; leva charme natalino \u00e0s ruas de S\u00e3o Paulo e chama a aten\u00e7\u00e3o dos paulistanos A\u00e7\u00e3o da InterCement Brasil tamb\u00e9m acontece em Porto Alegre PR Newswire S\u00c3O PAULO,","protected":false},"author":1,"featured_media":17259,"comment_status":"closed","ping_status":"closed","sticky":false,"template":"","format":"standard","meta":{"_acf_changed":false,"inline_featured_image":false,"_monsterinsights_skip_tracking":false,"_monsterinsights_sitenote_active":false,"_monsterinsights_sitenote_note":"","_monsterinsights_sitenote_category":0,"footnotes":""},"categories":[31],"tags":[],"class_list":["post-17258","post","type-post","status-publish","format-standard","has-post-thumbnail","hentry","category-prnewsinternacional"],"acf":[],"_links":{"self":[{"href":"https:\/\/bluestudio.estadao.com.br\/agencia-de-comunicacao\/wp-json\/wp\/v2\/posts\/17258","targetHints":{"allow":["GET"]}}],"collection":[{"href":"https:\/\/bluestudio.estadao.com.br\/agencia-de-comunicacao\/wp-json\/wp\/v2\/posts"}],"about":[{"href":"https:\/\/bluestudio.estadao.com.br\/agencia-de-comunicacao\/wp-json\/wp\/v2\/types\/post"}],"author":[{"embeddable":true,"href":"https:\/\/bluestudio.estadao.com.br\/agencia-de-comunicacao\/wp-json\/wp\/v2\/users\/1"}],"replies":[{"embeddable":true,"href":"https:\/\/bluestudio.estadao.com.br\/agencia-de-comunicacao\/wp-json\/wp\/v2\/comments?post=17258"}],"version-history":[{"count":0,"href":"https:\/\/bluestudio.estadao.com.br\/agencia-de-comunicacao\/wp-json\/wp\/v2\/posts\/17258\/revisions"}],"wp:featuredmedia":[{"embeddable":true,"href":"https:\/\/bluestudio.estadao.com.br\/agencia-de-comunicacao\/wp-json\/"}],"wp:attachment":[{"href":"https:\/\/bluestudio.estadao.com.br\/agencia-de-comunicacao\/wp-json\/wp\/v2\/media?parent=17258"}],"wp:term":[{"taxonomy":"category","embeddable":true,"href":"https:\/\/bluestudio.estadao.com.br\/agencia-de-comunicacao\/wp-json\/wp\/v2\/categories?post=17258"},{"taxonomy":"post_tag","embeddable":true,"href":"https:\/\/bluestudio.estadao.com.br\/agencia-de-comunicacao\/wp-json\/wp\/v2\/tags?post=17258"}],"curies":[{"name":"wp","href":"https:\/\/api.w.org\/{rel}","templated":true}]}}