{"id":16556,"date":"2020-12-08T07:42:00","date_gmt":"2020-12-08T07:42:00","guid":{"rendered":"https:\/\/bluestudio.estadao.com.br\/agencia-de-comunicacao\/\/2020\/12\/08\/pr-newswire-internacional-as-principais-marcas-e-varejistas-do-mundo-unem-suas-forcas-para-enfrentar-o-desafio-dos-residuos-plasticos-atraves-de-embalagens-e-compromissos-politicos\/"},"modified":"2020-12-08T07:42:00","modified_gmt":"2020-12-08T07:42:00","slug":"pr-newswire-internacional-as-principais-marcas-e-varejistas-do-mundo-unem-suas-forcas-para-enfrentar-o-desafio-dos-residuos-plasticos-atraves-de-embalagens-e-compromissos-politicos","status":"publish","type":"post","link":"https:\/\/bluestudio.estadao.com.br\/agencia-de-comunicacao\/prnewswire\/prnewsinternacional\/pr-newswire-internacional-as-principais-marcas-e-varejistas-do-mundo-unem-suas-forcas-para-enfrentar-o-desafio-dos-residuos-plasticos-atraves-de-embalagens-e-compromissos-politicos\/","title":{"rendered":"PR NEWSWIRE &#8211; INTERNACIONAL :: As principais marcas e varejistas do mundo unem suas for\u00e7as para enfrentar o desafio dos res\u00edduos pl\u00e1sticos atrav\u00e9s de embalagens e compromissos politicos"},"content":{"rendered":"<div class=\"xn-newslines\">\n<h1 class=\"xn-hedline\">As principais marcas e varejistas do mundo unem suas for\u00e7as para enfrentar o desafio dos res\u00edduos pl\u00e1sticos atrav\u00e9s de embalagens e compromissos politicos<\/h1>\n<p class=\"xn-distributor\">PR Newswire<\/p>\n<p class=\"xn-dateline\">PARIS, 8 de dezembro de 2020<\/p>\n<\/div>\n<div class=\"xn-content\">\nTrinta e seis membros do The Consumer Goods Forum se engajam na luta contra o problema da polui\u00e7\u00e3o de pl\u00e1sticos no \u00e2mbito da nova Alian\u00e7a de a\u00e7\u00f5es contra os res\u00edduos de pl\u00e1sticos liderada pelo CEO<\/p>\n<p>Com o desenvolvimento das duas primeiras &#8220;Regras de ouro do design&#8221;, empresas com uma receita anual coletiva de mais de 1 trilh\u00e3o de euros visam reduzir a utiliza\u00e7\u00e3o de pl\u00e1sticos e melhorar a reciclabilidade, eliminando progressivamente materiais, cores e r\u00f3tulos problem\u00e1ticos de suas embalagens<\/p>\n<p>Novo parecer sobre o enquadramento de otimiza\u00e7\u00e3o do programa de Responsabilidade estendida dos produtores promove solu\u00e7\u00f5es lideradas pela ind\u00fastria para fortalecer e expandir os sistemas de reciclagem em todo o mundo\u00a0 <\/p>\n<p \/>\n<p \/>\n<span class=\"xn-location\">PARIS<\/span>, 8 de dezembro de 2020 Demonstrando lideran\u00e7a mundial nos esfor\u00e7os da ind\u00fastria de bens de consumo para enfrentar o desafio da polui\u00e7\u00e3o de pl\u00e1sticos e contribuir para promover um mundo onde nenhum res\u00edduo de pl\u00e1stico acabe na natureza, a Alian\u00e7a de a\u00e7\u00f5es contra os res\u00edduos de pl\u00e1sticos do The Consumer Goods Forum (CGF) anuncia hoje os primeiros avan\u00e7os fundamentais realizados pelos membros da Alian\u00e7a para transformar a rela\u00e7\u00e3o da ind\u00fastria com as embalagens pl\u00e1sticas.<\/p>\n<div id=\"prni_dvprnejpg5ff1left\"><img decoding=\"async\" alt=\"The Consumer Goods Forum Logo\" src=\"https:\/\/mma.prnewswire.com\/media\/1279200\/The_Consumer_Goods_Forum_Logo.jpg\" \/><\/div>\n<p>Com foco nas principais mudan\u00e7as de design de embalagens e no desenvolvimento de um enquadramento para programas de otimiza\u00e7\u00e3o da Responsabilidade estendida dos produtores (EPR), essas a\u00e7\u00f5es ilustram o papel de lideran\u00e7a da Alian\u00e7a na ind\u00fastria para reduzir os res\u00edduos de pl\u00e1sticos, impulsionando a\u00e7\u00f5es tang\u00edveis e evolutivas que impactar\u00e3o a qualidade e reciclabilidade de embalagens pl\u00e1sticas e apoiar\u00e3o esquemas de gerenciamento de res\u00edduos em todo o mundo. <\/p>\n<p>O desenvolvimento da nova Alian\u00e7a no in\u00edcio deste ano se baseia no endosso do CGF de 2018 ao Compromisso mundial da Nova Economia do Pl\u00e1stico da Funda\u00e7\u00e3o <span class=\"xn-person\">Ellen MacArthur<\/span>. A vis\u00e3o da Alian\u00e7a de avan\u00e7ar em dire\u00e7\u00e3o \u00e0 Nova Economia do Pl\u00e1stico est\u00e1 incorporada em suas quatro prioridades principais: <\/p>\n<ul>\n<li>ado\u00e7\u00e3o de diretrizes de design para embalagens de pl\u00e1stico para reduzir a quantidade de pl\u00e1stico utilizado nas embalagens e aumentar seu valor, qualidade e reciclabilidade; <\/li>\n<li>alinhamento em um enquadramento para programas de EPR para apoiar a melhoria e o desenvolvimento de sistemas de gerenciamento de res\u00edduos em todo o mundo; <\/li>\n<li>suporte de inova\u00e7\u00f5es de reciclagem; e <\/li>\n<li>condu\u00e7\u00e3o de novos programas em mercados avan\u00e7ados e em transi\u00e7\u00e3o para aumentar as taxas de reciclagem. <\/li>\n<\/ul>\n<p>Avan\u00e7ando em sua primeira prioridade, os membros da Alian\u00e7a finalizaram as duas primeiras &#8220;Regras de ouro do design&#8221; para o design de embalagens de pl\u00e1stico concebidas para acelerar o progresso em dire\u00e7\u00e3o ao seu objetivo de utilizar menos e melhor pl\u00e1stico. Essas regras t\u00eam como objetivo ajudar a reduzir a complexidade do processo de reciclagem de diferentes tipos de materiais, aumentando assim as taxas de reciclagem. As duas primeiras t\u00eam como foco aumentar o valor da reciclagem de garrafas PET e remover elementos problem\u00e1ticos da embalagem, como negro de fumo, PVC (cloreto de polivinil) e EPS (poliestireno expandido), que complicam o processo de reciclagem. Os consumidores poder\u00e3o ver o impacto dessas mudan\u00e7as, pois os produtos de uso di\u00e1rio, como garrafas descart\u00e1veis, produtos de higiene pessoal, produtos de limpeza dom\u00e9stica, embalagens para alimentos e recipientes para levar, ser\u00e3o feitos com materiais que podem ser reciclados mais facilmente.<\/p>\n<p>Os membros da Alian\u00e7a de todo o mundo, com uma receita compartilhada de mais de 1 trilh\u00e3o de euros e representando mais de 10 por cento do mercado mundial de embalagens pl\u00e1sticas, se comprometeram a adotar essas regras na medida do poss\u00edvel at\u00e9 2025. Esses compromissos surgem ap\u00f3s a identifica\u00e7\u00e3o e prioriza\u00e7\u00e3o de oportunidades em seus portf\u00f3lios de embalagens, que podem ter um impacto espec\u00edfico e valioso. Eles tamb\u00e9m se comprometem a informar sobre a implementa\u00e7\u00e3o das regras atrav\u00e9s de um processo simples alinhado com os relat\u00f3rios do Compromisso mundial da Nova Economia do Pl\u00e1stico da Funda\u00e7\u00e3o <span class=\"xn-person\">Ellen MacArthur<\/span>. Os detalhes sobre o que essas duas primeiras regras envolvem e quais membros as adotaram est\u00e3o dispon\u00edveis no site da <a target=\"_blank\" href=\"https:\/\/www.theconsumergoodsforum.com\/environmental-sustainability\/plastic-waste\/key-projects\/packaging-design\/\" rel=\"noopener\">Alian\u00e7a<\/a>.<\/p>\n<p>Al\u00e9m disso, os membros da Alian\u00e7a lan\u00e7aram um novo parecer, &#8220;Constru\u00e7\u00e3o de uma economia circular para embalagens: uma vis\u00e3o da ind\u00fastria de bens de consumo sobre a otimiza\u00e7\u00e3o da responsabilidade estendida dos produtores&#8221;, que proporciona um enquadramento para o desenvolvimento e implementa\u00e7\u00e3o de programas de EPR em todo o mundo. Reconhecendo que a ind\u00fastria n\u00e3o pode alcan\u00e7ar uma economia circular trabalhando sozinha, a Alian\u00e7a apoia o desenvolvimento de programas de EPR para facilitar a colabora\u00e7\u00e3o da ind\u00fastria e do governo na melhoria do gerenciamento de res\u00edduos. Os membros da Alian\u00e7a poder\u00e3o utilizar este enquadramento para orientar seu envolvimento com os mercados ao redor do mundo e contribuir para um apoio eficaz dos esquemas locais de reciclagem. O artigo est\u00e1 dispon\u00edvel para download no site da <a target=\"_blank\" href=\"https:\/\/www.theconsumergoodsforum.com\/environmental-sustainability\/plastic-waste\/key-projects\/extended-producer-responsibility\/\" rel=\"noopener\">Alian\u00e7a<\/a>.<\/p>\n<p>Essas a\u00e7\u00f5es no design e EPR s\u00e3o supervisionadas pela lideran\u00e7a da Alian\u00e7a. A Alian\u00e7a \u00e9 patrocinada no Conselho do CGF por <span class=\"xn-person\">Alan Jope<\/span>, CEO da Unilever e <span class=\"xn-person\">Galen Weston<\/span>, Presidente Executivo da Loblaw Companies Limited. Seu Comit\u00ea Diretor \u00e9 copresidido por <span class=\"xn-person\">Barry Parkin<\/span>, Diretor de Compras e Sustentabilidade da Mars, Incorporated e <span class=\"xn-person\">Robert Nicol<\/span>, Vice-presidente de Assuntos Corporativos da Walmart no Canad\u00e1.<\/p>\n<p><b><span class=\"xn-person\">Alan Jope<\/span>, CEO da Unilever, disse:<\/b> &#8220;Devemos agir urgentemente para deter os res\u00edduos pl\u00e1sticos e passar para um modelo circular. Esta \u00e9 a prioridade n\u00famero um para n\u00f3s da Alian\u00e7a. Nenhuma empresa pode conseguir isso sozinha, e \u00e9 por isso que unimos for\u00e7as para impulsionar a mudan\u00e7a em nosso pr\u00f3prio setor e, esperamos, dar o exemplo para outros setores&#8221;.<\/p>\n<p><b><span class=\"xn-person\">Galen Weston<\/span>, Presidente Executivo da Loblaw Companies Limited, disse:<\/b> &#8220;Nosso setor gera uma parcela significativa dos res\u00edduos pl\u00e1sticos do mundo. Como empresas que concebem, embalam e vendem produtos, devemos ser uma parte substancial da solu\u00e7\u00e3o. Como uma Alian\u00e7a, apoiamos ativamente decis\u00f5es impactantes e pol\u00edticas equilibradas que reduzam os res\u00edduos pl\u00e1sticos&#8221;.<\/p>\n<p><b><span class=\"xn-person\">Ramon Laguarta<\/span>, CEO da PepsiCo, disse:<\/b> &#8220;Nosso setor est\u00e1 tomando medidas vitais para lutar contra o desperd\u00edcio de embalagens e polui\u00e7\u00e3o de pl\u00e1sticos, incluindo inova\u00e7\u00e3o de materiais e de design, novos formatos e sistemas de embalagens e a cria\u00e7\u00e3o de melhores programas de reciclagem. Sabemos que o setor p\u00fablico tem um papel importante a desempenhar. Um esp\u00edrito de parceria p\u00fablico-privada est\u00e1 no centro de nossa nova orienta\u00e7\u00e3o sobre a otimiza\u00e7\u00e3o dos sistemas de responsabilidade estendida dos produtores&#8221;.<\/p>\n<p><b><span class=\"xn-person\">Doug McMillon<\/span>, CEO da Walmart, disse:<\/b> &#8220;O uso cont\u00ednuo e generalizado de pl\u00e1stico em nosso setor evidenciou a necessidade de uma a\u00e7\u00e3o r\u00e1pida para reverter seus efeitos negativos em nosso planeta e nas pessoas. O setor deu alguns passos, mas, at\u00e9 o momento, nosso trabalho n\u00e3o foi suficiente. A Alian\u00e7a de a\u00e7\u00f5es contra os res\u00edduos de pl\u00e1sticos do CGF est\u00e1 dando um passo audacioso na dire\u00e7\u00e3o certa, criando regras de design de embalagens indispens\u00e1veis para incentivar a a\u00e7\u00e3o coletiva. Este trabalho \u00e9 fundamental para o nosso pr\u00f3prio objetivo de nos tornarmos uma empresa regenerativa ? que restaura, renova e reabastece ? e estamos ansiosos para progredir juntos&#8221;.<\/p>\n<p>As 36 empresas membros da Alian\u00e7a de a\u00e7\u00f5es contra os res\u00edduos de pl\u00e1sticos s\u00e3o: Amcor, Barilla, Bel Group, Beijing Hualian Group, Carrefour, The Coca-Cola Company, Colgate-Palmolive, Danone, Dairy Farm, Essity, Grupo Bimbo, GSK, Henkel, ICA, Jer\u00f3nimo Martins, Johnson &amp; Johnson Consumer Health, Kao Corporation, Land O&#8217;Lakes, L&#8217;Or\u00e9al, Loblaw Companies Limited, Mars, Incorporated, Merck Animal Health, Mondel?z International, Nestl\u00e9, NTUC Fairprice, PepsiCo, Procter &amp; Gamble, Reckitt Benckiser, Rewe Group, Sainsbury&#8217;s, SC Johnson, SIG Combibloc Group, Tetra Pak, Unilever PLC, Walgreens Boots Alliance e Walmart.<\/p>\n<p><b>&#8212; Fim &#8212;<\/b><\/p>\n<p><b>Sobre a Alian\u00e7a de a\u00e7\u00f5es contra os res\u00edduos de pl\u00e1sticos do The Consumer Goods Forum<\/b><\/p>\n<p>A Alian\u00e7a de a\u00e7\u00f5es contra os res\u00edduos de pl\u00e1sticos do The Consumer Goods Forum (&#8220;CGF&#8221;) foi fundada em 2020 com o objetivo de desenvolver uma abordagem mais circular para o desenvolvimento e processamento de embalagens pl\u00e1sticas na ind\u00fastria de bens de consumo. O desenvolvimento da Alian\u00e7a se baseia no endosso do CGF de 2018 \u00e0 Nova Economia do Pl\u00e1stico da Funda\u00e7\u00e3o <span class=\"xn-person\">Ellen MacArthur<\/span>. Como um grupo liderado por um CEO de 36 varejistas e fabricantes comprometidos e inovadores, a vis\u00e3o da Alian\u00e7a de acelerar o progresso em dire\u00e7\u00e3o \u00e0 Nova Economia do Pl\u00e1stico \u00e9 incorporada por seus objetivos centrais para que os membros trabalhem na implementa\u00e7\u00e3o de medidas de impacto gra\u00e7as a colabora\u00e7\u00f5es de m\u00faltiplas partes interessadas que contribuir\u00e3o para que a circularidade passe a ser a norma na ind\u00fastria. Para obter mais informa\u00e7\u00f5es sobre o trabalho do CGF na redu\u00e7\u00e3o dos res\u00edduos de pl\u00e1stico, visite <a href=\"http:\/\/www.tcgfplasticwaste.com\">www.tcgfplasticwaste.com<\/a>.<\/p>\n<p><b>Sobre The Consumer Goods Forum<\/b><\/p>\n<p>The Consumer Goods Forum (&#8220;CGF&#8221;) \u00e9 uma rede industrial global baseada na igualdade gerenciada por seus membros para incentivar a ado\u00e7\u00e3o global de pr\u00e1ticas e normas \u00fateis para a ind\u00fastria de bens de consumo por todo o mundo. Re\u00fane os CEOs e gerentes seniores de cerca de 400 varejistas, produtores, prestadores de servi\u00e7os e outras partes interessadas em 70 pa\u00edses e reflete a diversidade da ind\u00fastria em termos geogr\u00e1ficos, de tamanho, formato e categoria de produtos. Suas empresas associadas t\u00eam vendas combinadas de 3,5 trilh\u00f5es de euros e empregam, diretamente, quase 10 milh\u00f5es de pessoas, com mais 90 milh\u00f5es de empregos relacionados estimados ao longo da cadeia de valor. Ele \u00e9 gerenciado por seu Conselho de Administra\u00e7\u00e3o, que inclui 58 CEOs de varejo e produtores. Para mais informa\u00e7\u00f5es, visite: <a href=\"http:\/\/www.theconsumergoodsforum.com\">www.theconsumergoodsforum.com<\/a>.<\/p>\n<p>Logo: <a target=\"_blank\" href=\"https:\/\/mma.prnewswire.com\/media\/1279200\/The_Consumer_Goods_Forum_Logo.jpg\" rel=\"noopener\">https:\/\/mma.prnewswire.com\/media\/1279200\/The_Consumer_Goods_Forum_Logo.jpg<\/a> <\/p>\n<p \/>\n\u00a0<\/p>\n<p>\u00a0<\/p>\n<p>FONTE  The Consumer Goods Forum<\/p>\n<\/div>\n<p><img decoding=\"async\" alt=\"\" src=\"https:\/\/rt.prnewswire.com\/rt.gif?NewsItemId=PT13412&amp;Transmission_Id=202012080537PR_NEWS_LATAM____PT13412&amp;DateId=20201208\" \/><\/p>\n<p>PR NEWSWIRE<\/p>\n","protected":false},"excerpt":{"rendered":"As principais marcas e varejistas do mundo unem suas for\u00e7as para enfrentar o desafio dos res\u00edduos pl\u00e1sticos atrav\u00e9s de embalagens e compromissos politicos PR Newswire PARIS, 8 de dezembro de 2020","protected":false},"author":1,"featured_media":16557,"comment_status":"closed","ping_status":"closed","sticky":false,"template":"","format":"standard","meta":{"_acf_changed":false,"inline_featured_image":false,"_monsterinsights_skip_tracking":false,"_monsterinsights_sitenote_active":false,"_monsterinsights_sitenote_note":"","_monsterinsights_sitenote_category":0,"footnotes":""},"categories":[31],"tags":[],"class_list":["post-16556","post","type-post","status-publish","format-standard","has-post-thumbnail","hentry","category-prnewsinternacional"],"acf":[],"_links":{"self":[{"href":"https:\/\/bluestudio.estadao.com.br\/agencia-de-comunicacao\/wp-json\/wp\/v2\/posts\/16556","targetHints":{"allow":["GET"]}}],"collection":[{"href":"https:\/\/bluestudio.estadao.com.br\/agencia-de-comunicacao\/wp-json\/wp\/v2\/posts"}],"about":[{"href":"https:\/\/bluestudio.estadao.com.br\/agencia-de-comunicacao\/wp-json\/wp\/v2\/types\/post"}],"author":[{"embeddable":true,"href":"https:\/\/bluestudio.estadao.com.br\/agencia-de-comunicacao\/wp-json\/wp\/v2\/users\/1"}],"replies":[{"embeddable":true,"href":"https:\/\/bluestudio.estadao.com.br\/agencia-de-comunicacao\/wp-json\/wp\/v2\/comments?post=16556"}],"version-history":[{"count":0,"href":"https:\/\/bluestudio.estadao.com.br\/agencia-de-comunicacao\/wp-json\/wp\/v2\/posts\/16556\/revisions"}],"wp:featuredmedia":[{"embeddable":true,"href":"https:\/\/bluestudio.estadao.com.br\/agencia-de-comunicacao\/wp-json\/"}],"wp:attachment":[{"href":"https:\/\/bluestudio.estadao.com.br\/agencia-de-comunicacao\/wp-json\/wp\/v2\/media?parent=16556"}],"wp:term":[{"taxonomy":"category","embeddable":true,"href":"https:\/\/bluestudio.estadao.com.br\/agencia-de-comunicacao\/wp-json\/wp\/v2\/categories?post=16556"},{"taxonomy":"post_tag","embeddable":true,"href":"https:\/\/bluestudio.estadao.com.br\/agencia-de-comunicacao\/wp-json\/wp\/v2\/tags?post=16556"}],"curies":[{"name":"wp","href":"https:\/\/api.w.org\/{rel}","templated":true}]}}