{"id":15888,"date":"2020-11-26T14:43:00","date_gmt":"2020-11-26T14:43:00","guid":{"rendered":"http:\/\/patrocinados.estadao.com.br\/medialab\/agenciacomunicacao\/prnewswire\/prnewsinternacional\/pr-newswire-internacional-novo-cetaphil-creme-hidratante-facial-noturno-alia-hidratacao-profunda-e-producao-de-colageno-em-um-unico-passo\/"},"modified":"2020-11-26T14:43:00","modified_gmt":"2020-11-26T14:43:00","slug":"pr-newswire-internacional-novo-cetaphil-creme-hidratante-facial-noturno-alia-hidratacao-profunda-e-producao-de-colageno-em-um-unico-passo","status":"publish","type":"post","link":"https:\/\/bluestudio.estadao.com.br\/agencia-de-comunicacao\/prnewswire\/prnewsinternacional\/pr-newswire-internacional-novo-cetaphil-creme-hidratante-facial-noturno-alia-hidratacao-profunda-e-producao-de-colageno-em-um-unico-passo\/","title":{"rendered":"PR NEWSWIRE &#8211; INTERNACIONAL :: Novo Cetaphil\u00ae Creme Hidratante Facial Noturno alia hidrata\u00e7\u00e3o profunda e produ\u00e7\u00e3o de col\u00e1geno em um \u00fanico passo"},"content":{"rendered":"<div class=\"xn-newslines\">\n<h1 class=\"xn-hedline\">Novo Cetaphil\u00ae Creme Hidratante Facial Noturno alia hidrata\u00e7\u00e3o profunda e produ\u00e7\u00e3o de col\u00e1geno em um \u00fanico passo<\/h1>\n<h2 class=\"xn-hedline\">O produto complementa a linha Cetaphil Face, apresentada no primeiro semestre de 2020<\/h2>\n<p class=\"xn-distributor\">PR Newswire<\/p>\n<p class=\"xn-dateline\">S\u00c3O PAULO, 26 de novembro de 2020<\/p>\n<\/div>\n<div class=\"xn-content\">\nS\u00c3O PAULO, 26 de novembro de 2020 \/PRNewswire\/ &#8212; Dedicar alguns minutos do dia ou da noite podem ser valiosos para o autocuidado. \u00c9 essencial para a autoestima e o bem-estar n\u00e3o deixar que o ritmo acelerado do dia a dia impe\u00e7a de ser generoso com voc\u00ea mesmo. Dessa forma, com mais de 70 anos de bagagem no mercado, Cetaphil\u00ae apresenta o Creme Hidratante Facial Noturno, um complemento para a linha Face lan\u00e7ada em maio deste ano e que ser\u00e1 bem-vindo para tamb\u00e9m complementar seu ritual di\u00e1rio de autocuidado.<\/p>\n<div class=\"PRN_ImbeddedAssetReference\" id=\"DivAssetPlaceHolder1\">\n<a href=\"https:\/\/mma.prnewswire.com\/media\/1343436\/Cetaphil_creme_facial.html\" target=\"_blank\" rel=\"noopener\">  <img decoding=\"async\" src=\"https:\/\/mma.prnewswire.com\/media\/1343436\/Cetaphil_creme_facial.jpg\" alt=\"\" \/><\/a>\n <\/p>\n<\/p><\/div>\n<p \/>\nO novo produto possui \u00e1cido hialur\u00f4nico e antioxidantes em sua composi\u00e7\u00e3o. Ele hidrata, restaura a pele e previne o envelhecimento ao longo da noite. A potente hidrata\u00e7\u00e3o com \u00e1cido hialur\u00f4nico \u00e9 ideal para complementar a sua rotina de cuidados noturnos, enquanto os agentes reparadores e antioxidantes combatem os radicais livres. O \u00e1cido hialur\u00f4nico ajuda, ainda, no est\u00edmulo da produ\u00e7\u00e3o do \u00e1cido hialur\u00f4nico end\u00f3geno, respons\u00e1vel pela firmeza, elasticidade e t\u00f4nus da pele. <\/p>\n<p \/>\nA hidrata\u00e7\u00e3o \u00e9 um passo fundamental para a preven\u00e7\u00e3o do envelhecimento cut\u00e2neo, mas deve ser realizada de maneiras diferentes na manh\u00e3 e na noite devido \u00e0s necessidades da pele. Indicado para todos os tipos de pele, o Creme Hidratante Facial Noturno age quando a pele est\u00e1 mais receptiva aos cuidados: durante o sono, quando n\u00e3o h\u00e1 interfer\u00eancia de agentes externos, como a luz vis\u00edvel, raios UV e polui\u00e7\u00e3o.<\/p>\n<p>O produto chega para complementar a linha Cetaphil\u00ae Face, que foca nos tr\u00eas passos da rotina de <i>skincare<\/i>: limpeza, hidrata\u00e7\u00e3o e fotoprote\u00e7\u00e3o. Entre os demais itens que comp\u00f5em a linha, est\u00e3o Cetaphil\u00ae Espuma de Limpeza Suave, Cetaphil\u00ae Lo\u00e7\u00e3o Hidratante Facial com \u00c1cido Hialur\u00f4nico e Cetaphil\u00ae Sun Antioxidante. O Creme Hidratante chega para refor\u00e7ar os cuidados mais que merecidos que nossa pele merece!<\/p>\n<p><b>Sobre a Galderma <\/b><\/p>\n<p>A Galderma, maior empresa global independente de dermatologia do mundo, foi criada em 1981 e atualmente est\u00e1 presente em mais de 100 pa\u00edses. Com um extenso portf\u00f3lio de medicamentos de prescri\u00e7\u00e3o, solu\u00e7\u00f5es est\u00e9ticas e produtos para o consumidor, a empresa faz parceria com profissionais de sa\u00fade em todo o mundo para atender as necessidades de sa\u00fade da pele das pessoas ao longo da vida. A Galderma \u00e9 l\u00edder em pesquisa e desenvolvimento de solu\u00e7\u00f5es cientificamente definidas e clinicamente comprovadas para a pele. Para mais informa\u00e7\u00f5es, visite <a target=\"_blank\" href=\"http:\/\/www.galderma.com.br\/\" rel=\"noopener\">www.galderma.com.br<\/a>.<\/p>\n<p>Foto &#8211; <a target=\"_blank\" href=\"https:\/\/mma.prnewswire.com\/media\/1343436\/Cetaphil_creme_facial.jpg\" rel=\"noopener\">https:\/\/mma.prnewswire.com\/media\/1343436\/Cetaphil_creme_facial.jpg<\/a><\/p>\n<p>\u00a0<\/p>\n<div class=\"PRN_ImbeddedAssetReference\" id=\"DivAssetPlaceHolder2\"><\/div>\n<p>FONTE  Galderma<\/p>\n<\/div>\n<p><img decoding=\"async\" alt=\"\" src=\"https:\/\/rt.prnewswire.com\/rt.gif?NewsItemId=PT04811&amp;Transmission_Id=202011261240PR_NEWS_LATAM____PT04811&amp;DateId=20201126\" \/><\/p>\n<p>PR NEWSWIRE<\/p>\n","protected":false},"excerpt":{"rendered":"Novo Cetaphil\u00ae Creme Hidratante Facial Noturno alia hidrata\u00e7\u00e3o profunda e produ\u00e7\u00e3o de col\u00e1geno em um \u00fanico passo O produto complementa a linha Cetaphil Face, apresentada no primeiro semestre de","protected":false},"author":1,"featured_media":15889,"comment_status":"closed","ping_status":"closed","sticky":false,"template":"","format":"standard","meta":{"_acf_changed":false,"inline_featured_image":false,"_monsterinsights_skip_tracking":false,"_monsterinsights_sitenote_active":false,"_monsterinsights_sitenote_note":"","_monsterinsights_sitenote_category":0,"footnotes":""},"categories":[31],"tags":[],"class_list":["post-15888","post","type-post","status-publish","format-standard","has-post-thumbnail","hentry","category-prnewsinternacional"],"acf":[],"_links":{"self":[{"href":"https:\/\/bluestudio.estadao.com.br\/agencia-de-comunicacao\/wp-json\/wp\/v2\/posts\/15888","targetHints":{"allow":["GET"]}}],"collection":[{"href":"https:\/\/bluestudio.estadao.com.br\/agencia-de-comunicacao\/wp-json\/wp\/v2\/posts"}],"about":[{"href":"https:\/\/bluestudio.estadao.com.br\/agencia-de-comunicacao\/wp-json\/wp\/v2\/types\/post"}],"author":[{"embeddable":true,"href":"https:\/\/bluestudio.estadao.com.br\/agencia-de-comunicacao\/wp-json\/wp\/v2\/users\/1"}],"replies":[{"embeddable":true,"href":"https:\/\/bluestudio.estadao.com.br\/agencia-de-comunicacao\/wp-json\/wp\/v2\/comments?post=15888"}],"version-history":[{"count":0,"href":"https:\/\/bluestudio.estadao.com.br\/agencia-de-comunicacao\/wp-json\/wp\/v2\/posts\/15888\/revisions"}],"wp:featuredmedia":[{"embeddable":true,"href":"https:\/\/bluestudio.estadao.com.br\/agencia-de-comunicacao\/wp-json\/"}],"wp:attachment":[{"href":"https:\/\/bluestudio.estadao.com.br\/agencia-de-comunicacao\/wp-json\/wp\/v2\/media?parent=15888"}],"wp:term":[{"taxonomy":"category","embeddable":true,"href":"https:\/\/bluestudio.estadao.com.br\/agencia-de-comunicacao\/wp-json\/wp\/v2\/categories?post=15888"},{"taxonomy":"post_tag","embeddable":true,"href":"https:\/\/bluestudio.estadao.com.br\/agencia-de-comunicacao\/wp-json\/wp\/v2\/tags?post=15888"}],"curies":[{"name":"wp","href":"https:\/\/api.w.org\/{rel}","templated":true}]}}