{"id":15764,"date":"2020-11-25T10:12:00","date_gmt":"2020-11-25T10:12:00","guid":{"rendered":"http:\/\/patrocinados.estadao.com.br\/medialab\/agenciacomunicacao\/prnewswire\/prnewsinternacional\/pr-newswire-internacional-day-one-participa-do-futuro-rio-e-anuncia-proxima-edicao-do-evento-internacional\/"},"modified":"2020-11-25T10:12:00","modified_gmt":"2020-11-25T10:12:00","slug":"pr-newswire-internacional-day-one-participa-do-futuro-rio-e-anuncia-proxima-edicao-do-evento-internacional","status":"publish","type":"post","link":"https:\/\/bluestudio.estadao.com.br\/agencia-de-comunicacao\/prnewswire\/prnewsinternacional\/pr-newswire-internacional-day-one-participa-do-futuro-rio-e-anuncia-proxima-edicao-do-evento-internacional\/","title":{"rendered":"PR NEWSWIRE &#8211; INTERNACIONAL :: Day One participa do .Futuro | Rio e anuncia pr\u00f3xima edi\u00e7\u00e3o do evento internacional"},"content":{"rendered":"<div class=\"xn-newslines\">\n<h1 class=\"xn-hedline\">Day One participa do .Futuro | Rio e anuncia pr\u00f3xima edi\u00e7\u00e3o do evento internacional<\/h1>\n<p class=\"xn-distributor\">PR Newswire<\/p>\n<p class=\"xn-dateline\">S\u00c3O PAULO, 25 de novembro de 2020<\/p>\n<\/div>\n<div class=\"xn-content\">\nS\u00c3O PAULO, 25 de novembro de 2020 \/PRNewswire\/ &#8212;\u00a0O evento digital .Futuro | Rio aconteceu na \u00faltima semana, 18 de novembro de 2020, e reuniu profissionais de empresas e institui\u00e7\u00f5es, que participaram de palestras e mesas redondas sobre um tema em comum: impactos da tecnologia na transforma\u00e7\u00e3o da sociedade. Um dos convidados foi <span class=\"xn-person\">Denis Jacquet<\/span>, fundador do Movimento Day One, cuja entrevista fazia parte do painel &#8220;Um futuro mais humano&#8221;.<\/p>\n<div class=\"PRN_ImbeddedAssetReference\" id=\"DivAssetPlaceHolder1\">\n<a href=\"https:\/\/mma.prnewswire.com\/media\/1342134\/DAY_ONE.html\" target=\"_blank\" rel=\"noopener\">  <img decoding=\"async\" src=\"https:\/\/mma.prnewswire.com\/media\/1342134\/DAY_ONE.jpg\" alt=\"\" \/><\/a>\n <\/p>\n<\/p><\/div>\n<p>Durante a entrevista, Denis falou sobre o Day One. &#8220;Estabelecemos uma meta muito simples para o Day One. Se ele n\u00e3o fosse \u00fatil ou mensur\u00e1vel em cinco anos interromper\u00edamos o processo. Ent\u00e3o decidimos de maneira muito firme que se produz\u00edssemos apenas uma confer\u00eancia, n\u00e3o criar\u00edamos nenhum impacto no mundo. Neste caso, precis\u00e1vamos fazer outra coisa. Isso nos imp\u00f4s um desafio relativamente importante. Se temos uma confer\u00eancia a cada ano podemos esperar que coisas sejam realizadas, mas isso n\u00e3o \u00e9 o suficiente. \u00c9 preciso criar um movimento, pois o movimento \u00e9 algo m\u00f3vel, que pressup\u00f5e avan\u00e7ar mais do que recuar. \u00c9 um movimento que precisa ser positivo, ter impacto, ser inclusivo e para isso precisamos de v\u00e1rias partes. Temos aqui pessoas que est\u00e3o fazendo e mostrando ao mundo o que est\u00e3o fazendo e com esta bandeira se distinguem dos outros&#8221;.<\/p>\n<p>O Day One \u00e9 um evento internacional que est\u00e1 em sua terceira edi\u00e7\u00e3o. Ele acontece tradicionalmente no Principado de M\u00f4naco e recebe cerca de uma centena de palestrantes de dezenas de pa\u00edses diferentes, incluindo CEOs de empresas multinacionais, al\u00e9m de figuras importantes do mundo da moda, arte, esporte, pol\u00edtica, entre outros. Tamb\u00e9m focado nas transforma\u00e7\u00f5es digitais, o Day One tem como miss\u00e3o dialogar com as corpora\u00e7\u00f5es e construir uma vis\u00e3o mais inclusiva do mundo, onde todos compartilham dos benef\u00edcios da tecnologia.<\/p>\n<p><b>EVENTO DAY ONE 2020\/2021<\/b><\/p>\n<p>A pr\u00f3xima edi\u00e7\u00e3o do evento Day One acontecer\u00e1 virtualmente no dia 04 de fevereiro de 2021, das 8h30 \u00e0s 20h30, e ser\u00e1 focado no tema &#8220;Muta\u00e7\u00e3o&#8221;, com discuss\u00f5es sobre novos modelos de neg\u00f3cios, impactos sociais e mobilidade inclusiva. Nesta edi\u00e7\u00e3o tamb\u00e9m haver\u00e1 um programa dedicado ao espa\u00e7o.<\/p>\n<p>Entre os palestrantes confirmados, est\u00e3o CEO&#8217;s de grandes empresas multinacionais (Airbnb, Huawei, Alibaba, Michelin, LinkedIn, Renault, Danone, Accor, etc), astronautas, pol\u00edticos, fil\u00f3sofos, al\u00e9m de artistas de peso, como os atores Marion Cotillard e <span class=\"xn-person\">Jean Reno<\/span>, e os m\u00fasicos Sting e <span class=\"xn-person\">Roger Waters<\/span>.<\/p>\n<p>O evento ser\u00e1 dividido em quatro streams: as plen\u00e1rias, focadas em empregos, novas habilidades, mudan\u00e7as esperadas p\u00f3s-covid, impactos da explora\u00e7\u00e3o espacial, etc; os debates, sobre automa\u00e7\u00e3o, novas tecnologias, recess\u00e3o em pa\u00edses emergentes, impactos em organiza\u00e7\u00f5es, etc; os treinamentos, com cursos online; e impactos positivos de startups, com pitches e incubadoras.<\/p>\n<p>As inscri\u00e7\u00f5es da pr\u00f3xima edi\u00e7\u00e3o do Day One j\u00e1 est\u00e3o abertas e podem ser acessadas no link <u><a target=\"_blank\" href=\"https:\/\/www.dayone-event.com\/\" rel=\"noopener\">www.dayone-event.com<\/a><\/u>. Tamb\u00e9m h\u00e1 mais\u00a0 informa\u00e7\u00f5es sobre o eventos e participantes.<\/p>\n<p>Foto &#8211; <a target=\"_blank\" href=\"https:\/\/mma.prnewswire.com\/media\/1342134\/DAY_ONE.jpg\" rel=\"noopener\">https:\/\/mma.prnewswire.com\/media\/1342134\/DAY_ONE.jpg<\/a><\/p>\n<p>\u00a0<\/p>\n<p>\u00a0<\/p>\n<div class=\"PRN_ImbeddedAssetReference\" id=\"DivAssetPlaceHolder2\"><\/div>\n<p>FONTE  Global Vision Access<\/p>\n<\/div>\n<p><img decoding=\"async\" alt=\"\" src=\"https:\/\/rt.prnewswire.com\/rt.gif?NewsItemId=PT03111&amp;Transmission_Id=202011250800PR_NEWS_LATAM____PT03111&amp;DateId=20201125\" \/><\/p>\n<p>PR NEWSWIRE<\/p>\n","protected":false},"excerpt":{"rendered":"Day One participa do .Futuro | Rio e anuncia pr\u00f3xima edi\u00e7\u00e3o do evento internacional PR Newswire S\u00c3O PAULO, 25 de novembro de 2020 S\u00c3O PAULO, 25 de novembro de 2020 \/PRNewswire\/ &#8212;\u00a0O evento","protected":false},"author":1,"featured_media":15765,"comment_status":"closed","ping_status":"closed","sticky":false,"template":"","format":"standard","meta":{"_acf_changed":false,"inline_featured_image":false,"_monsterinsights_skip_tracking":false,"_monsterinsights_sitenote_active":false,"_monsterinsights_sitenote_note":"","_monsterinsights_sitenote_category":0,"footnotes":""},"categories":[31],"tags":[],"class_list":["post-15764","post","type-post","status-publish","format-standard","has-post-thumbnail","hentry","category-prnewsinternacional"],"acf":[],"_links":{"self":[{"href":"https:\/\/bluestudio.estadao.com.br\/agencia-de-comunicacao\/wp-json\/wp\/v2\/posts\/15764","targetHints":{"allow":["GET"]}}],"collection":[{"href":"https:\/\/bluestudio.estadao.com.br\/agencia-de-comunicacao\/wp-json\/wp\/v2\/posts"}],"about":[{"href":"https:\/\/bluestudio.estadao.com.br\/agencia-de-comunicacao\/wp-json\/wp\/v2\/types\/post"}],"author":[{"embeddable":true,"href":"https:\/\/bluestudio.estadao.com.br\/agencia-de-comunicacao\/wp-json\/wp\/v2\/users\/1"}],"replies":[{"embeddable":true,"href":"https:\/\/bluestudio.estadao.com.br\/agencia-de-comunicacao\/wp-json\/wp\/v2\/comments?post=15764"}],"version-history":[{"count":0,"href":"https:\/\/bluestudio.estadao.com.br\/agencia-de-comunicacao\/wp-json\/wp\/v2\/posts\/15764\/revisions"}],"wp:featuredmedia":[{"embeddable":true,"href":"https:\/\/bluestudio.estadao.com.br\/agencia-de-comunicacao\/wp-json\/"}],"wp:attachment":[{"href":"https:\/\/bluestudio.estadao.com.br\/agencia-de-comunicacao\/wp-json\/wp\/v2\/media?parent=15764"}],"wp:term":[{"taxonomy":"category","embeddable":true,"href":"https:\/\/bluestudio.estadao.com.br\/agencia-de-comunicacao\/wp-json\/wp\/v2\/categories?post=15764"},{"taxonomy":"post_tag","embeddable":true,"href":"https:\/\/bluestudio.estadao.com.br\/agencia-de-comunicacao\/wp-json\/wp\/v2\/tags?post=15764"}],"curies":[{"name":"wp","href":"https:\/\/api.w.org\/{rel}","templated":true}]}}