{"id":15734,"date":"2020-11-25T02:12:00","date_gmt":"2020-11-25T02:12:00","guid":{"rendered":"http:\/\/patrocinados.estadao.com.br\/medialab\/agenciacomunicacao\/prnewswire\/prnewsinternacional\/pr-newswire-internacional-indice-global-de-terrorismo-de-2020-mortes-por-terrorismo-atingem-o-minimo-em-cinco-anos-mas-surgem-novos-riscos\/"},"modified":"2020-11-25T02:12:00","modified_gmt":"2020-11-25T02:12:00","slug":"pr-newswire-internacional-indice-global-de-terrorismo-de-2020-mortes-por-terrorismo-atingem-o-minimo-em-cinco-anos-mas-surgem-novos-riscos","status":"publish","type":"post","link":"https:\/\/bluestudio.estadao.com.br\/agencia-de-comunicacao\/prnewswire\/prnewsinternacional\/pr-newswire-internacional-indice-global-de-terrorismo-de-2020-mortes-por-terrorismo-atingem-o-minimo-em-cinco-anos-mas-surgem-novos-riscos\/","title":{"rendered":"PR NEWSWIRE &#8211; INTERNACIONAL :: \u00cdndice Global de Terrorismo de 2020: Mortes por terrorismo atingem o m\u00ednimo em cinco anos, mas surgem novos riscos"},"content":{"rendered":"<div class=\"xn-newslines\">\n<h1 class=\"xn-hedline\">\u00cdndice Global de Terrorismo de 2020: Mortes por terrorismo atingem o m\u00ednimo em cinco anos, mas surgem novos riscos<\/h1>\n<p class=\"xn-distributor\">PR Newswire<\/p>\n<p class=\"xn-dateline\">LONDRES, 25 de novembro de 2020<\/p>\n<\/div>\n<div class=\"xn-content\">\nLONDRES, 25 de novembro de 2020 \/PRNewswire\/ &#8212; <\/p>\n<ul>\n<li><b>As mortes por terrorismo em todo o mundo ca\u00edram pelo quinto ano consecutivo em 2019 totalizando 13.826, uma redu\u00e7\u00e3o de 15% em rela\u00e7\u00e3o ao ano anterior<\/b>\u00a0 <\/li>\n<li><b>Na Am\u00e9rica do Norte, Europa Ocidental e Oceania, os ataques de extrema direita aumentaram 250% desde 2014, os n\u00fameros agora s\u00e3o mais altos do que em qualquer momento dos \u00faltimos 50 anos<\/b>\u00a0 <\/li>\n<li><b>63 pa\u00edses registraram pelo menos uma morte por terrorismo, o menor n\u00famero desde 2013<\/b>\u00a0 <\/li>\n<li><b>O impacto econ\u00f4mico global do terrorismo foi de <span class=\"xn-money\">US$ 16,4<\/span> bilh\u00f5es em 2019, uma redu\u00e7\u00e3o de 25% em rela\u00e7\u00e3o ao ano anterior<\/b>\u00a0 <\/li>\n<li><b>O centro de gravidade do Estado Isl\u00e2mico do Iraque e Levante (Islamic State of Iraq and the Levant, ISIL) \u00e9 transferido para a \u00c1frica Subsaariana com o aumento de 67% no total de mortes na regi\u00e3o pelo ISIL<\/b>\u00a0 <\/li>\n<li><b>Em 2019, o ISIL e seus afiliados tamb\u00e9m foram respons\u00e1veis por ataques em 27 pa\u00edses<\/b>\u00a0<\/li>\n<\/ul>\n<p>O \u00cdndice de Terrorismo Global de 2020 (Global Terrorism Index, GTI) constatou que as mortes por terrorismo ca\u00edram pelo quinto ano consecutivo desde o pico em 2014. O n\u00famero de mortes agora diminuiu 59% desde 2014 para 13.826. Os conflitos continuam sendo o principal motivador do terrorismo, sendo que mais de 9% das mortes por terrorismo em 2019 ocorreram em pa\u00edses j\u00e1 em conflito.<\/p>\n<div id=\"prni_dvprnejpg1798left\"><img decoding=\"async\" alt=\"IEP Logo\" src=\"https:\/\/mma.prnewswire.com\/media\/792052\/IEP_Logo.jpg\" \/><\/div>\n<p>O \u00cdndice Anual de Terrorismo Global, agora em seu oitavo ano, \u00e9 desenvolvido por um grupo de reflex\u00e3o l\u00edder do <a target=\"_blank\" href=\"https:\/\/www.economicsandpeace.org\/\" rel=\"noopener\">Instituto de Economia e Paz (Institute of Economics and Peace, IEP)<\/a>\u00a0e oferece o recurso mais abrangente sobre as tend\u00eancias do terrorismo global. <\/p>\n<p>As maiores redu\u00e7\u00f5es nas mortes ocorreram no Afeganist\u00e3o e na Nig\u00e9ria, no entanto, eles ainda s\u00e3o os \u00fanicos dois pa\u00edses que sofreram mais de 1.000 mortes por terrorismo. A queda no n\u00famero de mortes tamb\u00e9m foi refletida nas pontua\u00e7\u00f5es dos pa\u00edses, com 103 de melhoria comparado a 35 de piora. Este \u00e9 o maior n\u00famero de pa\u00edses a registrar melhoria ano a ano desde o in\u00edcio do \u00edndice.<\/p>\n<p>Apesar da queda geral no impacto global, o terrorismo continua sendo uma amea\u00e7a significativa e s\u00e9ria em muitos pa\u00edses. Em 2019, houve 63 pa\u00edses que registraram pelo menos uma morte em um ataque terrorista, e o maior aumento no terrorismo ocorreu em <span class=\"xn-location\">Burkina Faso<\/span>, onde as mortes aumentaram 590%. Outros pa\u00edses que deterioraram substancialmente s\u00e3o <span class=\"xn-location\">Sri Lanka<\/span>, Mo\u00e7ambique, <span class=\"xn-location\">Mali<\/span> e N\u00edger.<\/p>\n<p>Algumas outras principais descobertas s\u00e3o: <\/p>\n<ul>\n<li>Os dez pa\u00edses sob maior impacto do terrorismo s\u00e3o: Afeganist\u00e3o, Iraque, Nig\u00e9ria, S\u00edria, Som\u00e1lia, I\u00eamen, Paquist\u00e3o, \u00cdndia, Rep\u00fablica Democr\u00e1tica do <span class=\"xn-location\">Congo<\/span> e Filipinas <\/li>\n<li>Pelo segundo ano consecutivo, o Sul da \u00c1sia \u00e9 a regi\u00e3o sob maior impacto do terrorismo, enquanto a Am\u00e9rica Central e o Caribe registraram o menor impacto <\/li>\n<li>A regi\u00e3o do Oriente M\u00e9dio e Norte da \u00c1frica (<span class=\"xn-location\">Middle East<\/span> and <span class=\"xn-location\">North Africa<\/span>, MENA) registrou a maior melhoria regional no terrorismo pelo segundo ano consecutivo, registrando o menor n\u00famero de mortes desde 2003<\/li>\n<\/ul>\n<p><b><span class=\"xn-person\">Steve Killelea<\/span>, presidente executivo do IEP<\/b>\u00a0<b>:<\/b>\u00a0<i>&#8220;Ao entrarmos em uma nova d\u00e9cada, estamos vendo o aparecimento de novas amea\u00e7as de terrorismo. A ascens\u00e3o da extrema direita no Ocidente e as deteriora\u00e7\u00f5es no Sahel s\u00e3o exemplos importantes. Al\u00e9m disso, como visto no recentes ataques na Fran\u00e7a e na \u00c1ustria, muitos grupos menores simpatizantes das filosofias do ISIL ainda est\u00e3o ativos. Para romper essas influ\u00eancias, tr\u00eas iniciativas principais s\u00e3o necess\u00e1rias: quebrar a cobertura da m\u00eddia e redes sociais on-line, interromper o financiamento e diminuir o n\u00famero de simpatizantes.&#8221;<\/i><\/p>\n<p>O GTI usa uma s\u00e9rie de fatores para calcular sua pontua\u00e7\u00e3o, incluindo o n\u00famero de incidentes, fatalidades, ferimentos e danos materiais. O Taleban continuou sendo o grupo terrorista mais mortal do mundo em 2019; no entanto, as mortes de terroristas atribu\u00eddas ao grupo diminu\u00edram 18%. A for\u00e7a e a influ\u00eancia do ISIL tamb\u00e9m continuaram a diminuir, pela primeira vez desde que se tornou ativo, o grupo foi respons\u00e1vel por menos de mil mortes em um ano.\u00a0 <\/p>\n<p>Apesar da redu\u00e7\u00e3o na atividade do ISIL no Oriente M\u00e9dio e Norte da \u00c1frica, os grupos afiliados do ISIL permanecem ativos em todo o mundo, com 27 pa\u00edses registrando um ataque pelo ISIL ou seus afiliados. A \u00c1frica Subsaariana foi a regi\u00e3o mais atingida, com sete dos dez pa\u00edses apresentando os maiores aumentos de mortes por terrorismo na regi\u00e3o. Os afiliados do ISIL s\u00e3o os principais respons\u00e1veis pelo aumento, com 41% de todas as mortes relacionadas ao ISIL que houve na \u00c1frica Subsaariana.<\/p>\n<p>Na Am\u00e9rica do Norte, Europa Ocidental e Oceania, a amea\u00e7a do terrorismo pol\u00edtico de extrema direita tem aumentado nos \u00faltimos cinco anos. Nessas regi\u00f5es, os incidentes de extrema direita aumentaram 250% entre 2014 e 2019. Houve 89 mortes atribu\u00eddas a terroristas de extrema direita em 2019. Na \u00faltima d\u00e9cada, as medidas de resili\u00eancia social t\u00eam diminu\u00eddo em muitas das economias economicamente avan\u00e7adas. \u00c9 prov\u00e1vel que essa tend\u00eancia continue em raz\u00e3o da prolongada desacelera\u00e7\u00e3o econ\u00f4mica causada pela COVID-19, que provavelmente aumentar\u00e1 a instabilidade pol\u00edtica e a viol\u00eancia.\u00a0 <\/p>\n<p>Desde que a COVID-19 foi declarada uma pandemia global pela Organiza\u00e7\u00e3o Mundial da Sa\u00fade (OMS) em mar\u00e7o de 2020, os dados preliminares sugerem queda tanto em incidentes quanto em mortes por terrorismo na maioria das regi\u00f5es do mundo. No entanto, a pandemia da COVID-19 provavelmente apresentar\u00e1 desafios de combate ao terrorismo novos e distintos. \u00c9 importante que as iniciativas de combate ao terrorismo n\u00e3o sejam restringidas devido \u00e0s redu\u00e7\u00f5es nos gastos do governo resultantes da desacelera\u00e7\u00e3o econ\u00f4mica. As redu\u00e7\u00f5es na assist\u00eancia internacional para opera\u00e7\u00f5es de combate ao terrorismo na regi\u00e3o MENA e na \u00c1frica Subsaariana podem ser contraproducentes.<\/p>\n<p><b><span class=\"xn-person\">Thomas Morgan<\/span>, pesquisador s\u00eanior do IEP, explica os resultados:<\/b>\u00a0<i>&#8220;Entre 2011 e 2019, as rebeli\u00f5es e manifesta\u00e7\u00f5es violentas no Ocidente aumentaram 277%. H\u00e1 s\u00e9rias preocupa\u00e7\u00f5es de que a deteriora\u00e7\u00e3o das condi\u00e7\u00f5es econ\u00f4micas resultar\u00e1 em mais pessoas alienadas e suscet\u00edveis \u00e0 propaganda extremista.&#8221;<\/i><\/p>\n<p>A queda do terrorismo tamb\u00e9m foi acompanhada por uma redu\u00e7\u00e3o de 25% no impacto econ\u00f4mico global do terrorismo, que totalizou <span class=\"xn-money\">US$ 16,4<\/span> bilh\u00f5es em 2019. Comparado a outras formas de viol\u00eancia, como homic\u00eddio, conflito armado e despesas militares, o terrorismo \u00e9 uma pequena porcentagem do custo global total da viol\u00eancia, que foi de <span class=\"xn-money\">US$ 14,5<\/span> trilh\u00f5es em 2019. No entanto, o impacto econ\u00f4mico real do terrorismo \u00e9 muito maior, uma vez que esses n\u00fameros n\u00e3o levam em conta o impacto indireto sobre os neg\u00f3cios, investimentos e custos associados a ag\u00eancias de seguran\u00e7a no combate ao terrorismo. <\/p>\n<p><b>Notas aos editores<\/b>\u00a0<\/p>\n<p>O relat\u00f3rio completo do GTI 2020 e o mapa interativo est\u00e3o dispon\u00edveis em:<a target=\"_blank\" href=\"http:\/\/www.visionofhumanity.org\/\" rel=\"noopener\">visionofhumanity.org<\/a>\u00a0ou economicsandpeace.org \u00a0<\/p>\n<p>Seguir: @GlobPeaceIndex <\/p>\n<p>Curtir: <a target=\"_blank\" href=\"http:\/\/www.facebook.com\/globalpeaceindex\" rel=\"noopener\">facebook.com\/globalpeaceindex<\/a><\/p>\n<p><b>\u00cdndice Global de Terrorismo (GTI)<\/b>\u00a0<\/p>\n<p>O GTI do Institute for Economics &amp; Peace oferece um resumo abrangente das principais tend\u00eancias e padr\u00f5es globais do terrorismo nos \u00faltimos 18 anos. O relat\u00f3rio classifica 163 pa\u00edses (99,7% da popula\u00e7\u00e3o mundial) de acordo com o impacto imposto pelo terrorismo. Os indicadores incluem o n\u00famero de incidentes terroristas, mortes, feridos e danos materiais. <\/p>\n<p><b>Banco de Dados de Terrorismo Global<\/b>\u00a0<br \/>O GTI usa dados do Banco de Dados de Terrorismo Global (Global Terrorism Database, GTD) sobre terrorismo do Cons\u00f3rcio Nacional para o Estudo do Terrorismo e Respostas ao Terrorismo (Study of Terrorism and Responses to Terrorism, START), um Centro de Excel\u00eancia do Departamento de Seguran\u00e7a Interna liderado pela \u00a0Universidade de <span class=\"xn-location\">Maryland<\/span>. O banco oferece o recurso mais abrangente sobre as tend\u00eancias terroristas globais.<\/p>\n<p><b>Institute for Economics &amp; Peace<\/b>\u00a0<\/p>\n<p>O Instituto para Economia e Paz (Institute for Economics &amp; Peace, IEP) \u00e9 o grupo de reflex\u00e3o l\u00edder mundial dedicado ao desenvolvimento de m\u00e9tricas para analisar a paz e quantificar seu valor econ\u00f4mico. Isso \u00e9 feito desenvolvendo \u00edndices globais e nacionais, incluindo o \u00cdndice de Paz Global anual, calculando o custo econ\u00f4mico da viol\u00eancia e entendendo a Paz Positiva, que s\u00e3o as atitudes, institui\u00e7\u00f5es e estruturas que criam e sustentam sociedades pac\u00edficas.<\/p>\n<p>Logo\u00a0&#8211; <a target=\"_blank\" href=\"https:\/\/mma.prnewswire.com\/media\/792052\/IEP_Logo.jpg\" rel=\"noopener\">https:\/\/mma.prnewswire.com\/media\/792052\/IEP_Logo.jpg<\/a><\/p>\n<p>\u00a0<\/p>\n<p>\u00a0<\/p>\n<p>FONTE  Institute for Economics &amp; Peace<\/p>\n<\/div>\n<p><img decoding=\"async\" alt=\"\" src=\"https:\/\/rt.prnewswire.com\/rt.gif?NewsItemId=PT96123&amp;Transmission_Id=202011250000PR_NEWS_LATAM____PT96123&amp;DateId=20201125\" \/><\/p>\n<p>PR NEWSWIRE<\/p>\n","protected":false},"excerpt":{"rendered":"\u00cdndice Global de Terrorismo de 2020: Mortes por terrorismo atingem o m\u00ednimo em cinco anos, mas surgem novos riscos PR Newswire LONDRES, 25 de novembro de 2020 LONDRES, 25 de novembro de 2020","protected":false},"author":1,"featured_media":15735,"comment_status":"closed","ping_status":"closed","sticky":false,"template":"","format":"standard","meta":{"_acf_changed":false,"inline_featured_image":false,"_monsterinsights_skip_tracking":false,"_monsterinsights_sitenote_active":false,"_monsterinsights_sitenote_note":"","_monsterinsights_sitenote_category":0,"footnotes":""},"categories":[31],"tags":[],"class_list":["post-15734","post","type-post","status-publish","format-standard","has-post-thumbnail","hentry","category-prnewsinternacional"],"acf":[],"_links":{"self":[{"href":"https:\/\/bluestudio.estadao.com.br\/agencia-de-comunicacao\/wp-json\/wp\/v2\/posts\/15734","targetHints":{"allow":["GET"]}}],"collection":[{"href":"https:\/\/bluestudio.estadao.com.br\/agencia-de-comunicacao\/wp-json\/wp\/v2\/posts"}],"about":[{"href":"https:\/\/bluestudio.estadao.com.br\/agencia-de-comunicacao\/wp-json\/wp\/v2\/types\/post"}],"author":[{"embeddable":true,"href":"https:\/\/bluestudio.estadao.com.br\/agencia-de-comunicacao\/wp-json\/wp\/v2\/users\/1"}],"replies":[{"embeddable":true,"href":"https:\/\/bluestudio.estadao.com.br\/agencia-de-comunicacao\/wp-json\/wp\/v2\/comments?post=15734"}],"version-history":[{"count":0,"href":"https:\/\/bluestudio.estadao.com.br\/agencia-de-comunicacao\/wp-json\/wp\/v2\/posts\/15734\/revisions"}],"wp:featuredmedia":[{"embeddable":true,"href":"https:\/\/bluestudio.estadao.com.br\/agencia-de-comunicacao\/wp-json\/"}],"wp:attachment":[{"href":"https:\/\/bluestudio.estadao.com.br\/agencia-de-comunicacao\/wp-json\/wp\/v2\/media?parent=15734"}],"wp:term":[{"taxonomy":"category","embeddable":true,"href":"https:\/\/bluestudio.estadao.com.br\/agencia-de-comunicacao\/wp-json\/wp\/v2\/categories?post=15734"},{"taxonomy":"post_tag","embeddable":true,"href":"https:\/\/bluestudio.estadao.com.br\/agencia-de-comunicacao\/wp-json\/wp\/v2\/tags?post=15734"}],"curies":[{"name":"wp","href":"https:\/\/api.w.org\/{rel}","templated":true}]}}