{"id":15704,"date":"2020-11-24T15:58:00","date_gmt":"2020-11-24T15:58:00","guid":{"rendered":"http:\/\/patrocinados.estadao.com.br\/medialab\/agenciacomunicacao\/prnewswire\/prnewsinternacional\/pr-newswire-internacional-grupo-nagai-inaugura-loja-em-belo-horizonte\/"},"modified":"2020-11-24T15:58:00","modified_gmt":"2020-11-24T15:58:00","slug":"pr-newswire-internacional-grupo-nagai-inaugura-loja-em-belo-horizonte","status":"publish","type":"post","link":"https:\/\/bluestudio.estadao.com.br\/agencia-de-comunicacao\/prnewswire\/prnewsinternacional\/pr-newswire-internacional-grupo-nagai-inaugura-loja-em-belo-horizonte\/","title":{"rendered":"PR NEWSWIRE &#8211; INTERNACIONAL :: Grupo Nagai inaugura loja em Belo Horizonte"},"content":{"rendered":"<div class=\"xn-newslines\">\n<h1 class=\"xn-hedline\">Grupo Nagai inaugura loja em Belo Horizonte<\/h1>\n<p class=\"xn-distributor\">PR Newswire<\/p>\n<p class=\"xn-dateline\">PIRACICABA, Brasil, 24 de novembro de 2020<\/p>\n<\/div>\n<div class=\"xn-content\">\nA nova concession\u00e1ria Nissan entrou em opera\u00e7\u00e3o no dia 21 de Setembro, segunda-feira, completando a 7\u00aa unidade automotiva do grupo mineiro. <\/p>\n<p>PIRACICABA, Brasil, 24 de novembro de 2020 \/PRNewswire\/ &#8212; A Nissan Nagai inaugurou em 21 de Setembro, em <span class=\"xn-location\">Belo Horizonte<\/span>, sua segunda unidade, tendo o maior estoque NISSAN a pronta entrega da regi\u00e3o. Localizada na Avenida Presidente Ant\u00f4nio Carlos, 6.280, na Pampulha, a nova concession\u00e1ria integra as aquisi\u00e7\u00f5es feitas pelo grupo desde Janeiro deste ano. <\/p>\n<div class=\"PRN_ImbeddedAssetReference\" id=\"DivAssetPlaceHolder7395\">\n<a href=\"https:\/\/mma.prnewswire.com\/media\/1341956\/felippe_mota_nissan_nagai_belo_horizonte_mg.html\" target=\"_blank\" rel=\"noopener\"><img decoding=\"async\" src=\"https:\/\/mma.prnewswire.com\/media\/1341956\/felippe_mota_nissan_nagai_belo_horizonte_mg.jpg\" alt=\"\" \/><\/a><\/p>\n<\/div>\n<p>Para a abertura desta unidade, a Nissan Nagai investiu mais de <span class=\"xn-money\">R$ 7<\/span> milh\u00f5es durante o per\u00edodo pand\u00eamico para levar ainda mais tecnologia e conforto para o p\u00fablico da regi\u00e3o. Com a unidade em opera\u00e7\u00e3o, somente em <span class=\"xn-location\">Belo Horizonte<\/span> s\u00e3o mais de 30 novos postos de trabalhos gerados. <\/p>\n<p><b>SOBRE A LOJA <\/b><\/p>\n<p>Sendo, por 3 anos, uma das melhores concession\u00e1rias Nissan da Am\u00e9rica Latina, a nova unidade Nissan Nagai em <span class=\"xn-location\">Belo Horizonte<\/span> conta com uma estrutura diferenciada e mix diversificado de produtos e servi\u00e7os que proporcionam uma nova experi\u00eancia de compra aos consumidores, como \u00e9 o caso do SERNISSAN, que preconiza atendimento com excel\u00eancia aos clientes, al\u00e9m do maior estoque NISSAN a pronta entrega. <\/p>\n<p>A segunda loja Nissan Nagai acompanha o potencial do grupo, que vem crescendo e se desenvolvendo nas \u00faltimas d\u00e9cadas, tornando-se um importante grupo comercial regional com a presen\u00e7a de outras marcas como Renault, Citro\u00ebn e Peugeot. <\/p>\n<p>&#8220;Esperamos elevar <span class=\"xn-location\">Belo Horizonte<\/span> a um novo patamar com a experi\u00eancia de compra Nissan, aliando a tecnologia da marca com atendimento exclusivo e de alta qualidade, que s\u00e3o os diferenciais do nosso grupo&#8221;, afirma <span class=\"xn-person\">Felippe Mota<\/span>, diretor da rede. <\/p>\n<p>Atualmente o <span class=\"xn-person\">Grupo Nagai<\/span> tem 7 concession\u00e1rias e lojas automotivas em atividade no estado de Minas Gerais. As aberturas mais recentes aconteceram neste ano em Juiz de Fora e <span class=\"xn-location\">Belo Horizonte<\/span>. No total, o grupo mant\u00e9m 130 empregos diretos. <\/p>\n<p><b>Para conhecer mais, acesse nissannagai.com.br e suas redes sociais no Instagram, Facebook e LinkedIN <\/b><\/p>\n<p><b>INFORMA\u00c7\u00d5ES \u00c0 IMPRENSA ? MKT | BPRC:\u00a0 <br \/><\/b><span class=\"xn-person\">FABIANA ROXO<\/span> | MTB 65004\/SP\u00a0 <br \/><a target=\"_blank\" href=\"mailto:CONTATO@BPRC.COM.BR\" rel=\"noopener\">CONTATO@BPRC.COM.BR<\/a>\u00a0 <br \/>(19) 9 9713.8877 <\/p>\n<p>Foto &#8211; <a target=\"_blank\" href=\"https:\/\/mma.prnewswire.com\/media\/1341956\/felippe_mota_nissan_nagai_belo_horizonte_mg.jpg\" rel=\"noopener\">https:\/\/mma.prnewswire.com\/media\/1341956\/felippe_mota_nissan_nagai_belo_horizonte_mg.jpg<\/a> <\/p>\n<div class=\"PRN_ImbeddedAssetReference\" id=\"DivAssetPlaceHolder0\"><\/div>\n<p>FONTE  Grupo Nagai<\/p>\n<\/div>\n<p><img decoding=\"async\" alt=\"\" src=\"https:\/\/rt.prnewswire.com\/rt.gif?NewsItemId=PT02896&amp;Transmission_Id=202011241347PR_NEWS_LATAM____PT02896&amp;DateId=20201124\" \/><\/p>\n<p>PR NEWSWIRE<\/p>\n","protected":false},"excerpt":{"rendered":"Grupo Nagai inaugura loja em Belo Horizonte PR Newswire PIRACICABA, Brasil, 24 de novembro de 2020 A nova concession\u00e1ria Nissan entrou em opera\u00e7\u00e3o no dia 21 de Setembro, segunda-feira, completando","protected":false},"author":1,"featured_media":15705,"comment_status":"closed","ping_status":"closed","sticky":false,"template":"","format":"standard","meta":{"_acf_changed":false,"inline_featured_image":false,"_monsterinsights_skip_tracking":false,"_monsterinsights_sitenote_active":false,"_monsterinsights_sitenote_note":"","_monsterinsights_sitenote_category":0,"footnotes":""},"categories":[31],"tags":[],"class_list":["post-15704","post","type-post","status-publish","format-standard","has-post-thumbnail","hentry","category-prnewsinternacional"],"acf":[],"_links":{"self":[{"href":"https:\/\/bluestudio.estadao.com.br\/agencia-de-comunicacao\/wp-json\/wp\/v2\/posts\/15704","targetHints":{"allow":["GET"]}}],"collection":[{"href":"https:\/\/bluestudio.estadao.com.br\/agencia-de-comunicacao\/wp-json\/wp\/v2\/posts"}],"about":[{"href":"https:\/\/bluestudio.estadao.com.br\/agencia-de-comunicacao\/wp-json\/wp\/v2\/types\/post"}],"author":[{"embeddable":true,"href":"https:\/\/bluestudio.estadao.com.br\/agencia-de-comunicacao\/wp-json\/wp\/v2\/users\/1"}],"replies":[{"embeddable":true,"href":"https:\/\/bluestudio.estadao.com.br\/agencia-de-comunicacao\/wp-json\/wp\/v2\/comments?post=15704"}],"version-history":[{"count":0,"href":"https:\/\/bluestudio.estadao.com.br\/agencia-de-comunicacao\/wp-json\/wp\/v2\/posts\/15704\/revisions"}],"wp:featuredmedia":[{"embeddable":true,"href":"https:\/\/bluestudio.estadao.com.br\/agencia-de-comunicacao\/wp-json\/"}],"wp:attachment":[{"href":"https:\/\/bluestudio.estadao.com.br\/agencia-de-comunicacao\/wp-json\/wp\/v2\/media?parent=15704"}],"wp:term":[{"taxonomy":"category","embeddable":true,"href":"https:\/\/bluestudio.estadao.com.br\/agencia-de-comunicacao\/wp-json\/wp\/v2\/categories?post=15704"},{"taxonomy":"post_tag","embeddable":true,"href":"https:\/\/bluestudio.estadao.com.br\/agencia-de-comunicacao\/wp-json\/wp\/v2\/tags?post=15704"}],"curies":[{"name":"wp","href":"https:\/\/api.w.org\/{rel}","templated":true}]}}