{"id":15686,"date":"2020-11-24T12:43:00","date_gmt":"2020-11-24T12:43:00","guid":{"rendered":"http:\/\/patrocinados.estadao.com.br\/medialab\/agenciacomunicacao\/prnewswire\/prnewseconomia\/pr-newswire-economia-e-negocios-mytheresa-anuncia-submissao-confidencial-de-minuta-de-declaracao-de-registro-para-proposta-de-oferta-publica-inicial\/"},"modified":"2020-11-24T12:43:00","modified_gmt":"2020-11-24T12:43:00","slug":"pr-newswire-economia-e-negocios-mytheresa-anuncia-submissao-confidencial-de-minuta-de-declaracao-de-registro-para-proposta-de-oferta-publica-inicial","status":"publish","type":"post","link":"https:\/\/bluestudio.estadao.com.br\/agencia-de-comunicacao\/prnewswire\/prnewseconomia\/pr-newswire-economia-e-negocios-mytheresa-anuncia-submissao-confidencial-de-minuta-de-declaracao-de-registro-para-proposta-de-oferta-publica-inicial\/","title":{"rendered":"PR NEWSWIRE &#8211; ECONOMIA E NEG\u00d3CIOS :: Mytheresa Anuncia Submiss\u00e3o Confidencial de Minuta de Declara\u00e7\u00e3o de Registro para Proposta de Oferta P\u00fablica Inicial"},"content":{"rendered":"<div class=\"xn-newslines\">\n<h1 class=\"xn-hedline\">Mytheresa Anuncia Submiss\u00e3o Confidencial de Minuta de Declara\u00e7\u00e3o de Registro para Proposta de Oferta P\u00fablica Inicial<\/h1>\n<p class=\"xn-distributor\">PR Newswire<\/p>\n<p class=\"xn-dateline\">MUNIQUE, 24 de novembro de 2020<\/p>\n<\/div>\n<div class=\"xn-content\">\nMUNIQUE, 24 de novembro de 2020 \/PRNewswire\/ &#8212;\u00a0MYT Netherlands Parent BV, a empresa matriz do Mytheresa Group GmbH, anunciou hoje que enviou confidencialmente uma minuta de Declara\u00e7\u00e3o de Registro no Formul\u00e1rio F-1 para a Comiss\u00e3o de Valores Mobili\u00e1rios dos EUA (a &#8220;SEC&#8221;) relativa \u00e0 oferta p\u00fablica inicial proposta de A\u00e7\u00f5es Deposit\u00e1rias Americanas representando suas a\u00e7\u00f5es ordin\u00e1rias. O n\u00famero de A\u00e7\u00f5es Deposit\u00e1rias Americanas a serem oferecidas e a faixa de pre\u00e7o da oferta proposta ainda n\u00e3o foram determinados. A oferta p\u00fablica inicial dever\u00e1 ocorrer ap\u00f3s a SEC concluir seu processo de revis\u00e3o, sujeita ao mercado e outras condi\u00e7\u00f5es.<\/p>\n<div id=\"prni_dvprnejpgb5adleft\"><img decoding=\"async\" alt=\"Mytheresa Logo (PRNewsfoto\/Mytheresa)\" src=\"https:\/\/mma.prnewswire.com\/media\/1341152\/Mytheresa_Logo.jpg\" \/><\/div>\n<p>Este an\u00fancio est\u00e1 sendo feito em conformidade e de acordo com a Regra 135 da Lei de Valores Mobili\u00e1rios de 1933, conforme alterada (a &#8220;Lei de Valores Mobili\u00e1rios&#8221;). <\/p>\n<p>Este comunicado \u00e0 imprensa n\u00e3o constitui uma oferta de venda ou solicita\u00e7\u00e3o de uma oferta de compra de valores mobili\u00e1rios. Quaisquer ofertas, solicita\u00e7\u00f5es ou ofertas de compra, ou quaisquer vendas de valores mobili\u00e1rios, ser\u00e3o feitas de acordo com os requisitos de registro da Lei de Valores Mobili\u00e1rios.<\/p>\n<div>\n<table cellspacing=\"0\" cellpadding=\"0\" border=\"0\" class=\"prntblns\">\n<tr>\n<td class=\"prngen2\">\n<p class=\"prnews_p\"><span class=\"prnews_span\"><b>Contatos de m\u00eddia para rela\u00e7\u00f5es p\u00fablicas<\/b>\u00a0<\/span><\/p>\n<\/td>\n<td class=\"prngen2\">\n<p class=\"prnews_p\"><span class=\"prnews_span\"><b>Contatos de m\u00eddia para imprensa comercial<\/b>\u00a0<\/span><\/p>\n<\/td>\n<\/tr>\n<tr>\n<td class=\"prngen2\"><\/td>\n<td class=\"prngen2\"><\/td>\n<\/tr>\n<tr>\n<td class=\"prngen2\">\n<p class=\"prnews_p\"><span class=\"prnews_span\">Mytheresa.com GmbH <\/span><\/p>\n<\/td>\n<td class=\"prngen2\">\n<p class=\"prnews_p\"><span class=\"prnews_span\">Edelman EUA <\/span><\/p>\n<\/td>\n<\/tr>\n<tr>\n<td class=\"prngen2\">\n<p class=\"prnews_p\"><span class=\"prnews_span\">Sandra Romano <\/span><\/p>\n<\/td>\n<td class=\"prngen2\">\n<p class=\"prnews_p\"><span class=\"prnews_span\">Ted McHugh <\/span><\/p>\n<\/td>\n<\/tr>\n<tr>\n<td class=\"prngen2\">\n<p class=\"prnews_p\"><span class=\"prnews_span\">Celular: +49 152 54725178 <\/span><\/p>\n<\/td>\n<td class=\"prngen2\">\n<p class=\"prnews_p\"><span class=\"prnews_span\">Telefone: +1 201 341-0211 <\/span><\/p>\n<\/td>\n<\/tr>\n<tr>\n<td class=\"prngen2\">\n<p class=\"prnews_p\"><span class=\"prnews_span\">Telefone: +49 89 127695-236 <\/span><\/p>\n<\/td>\n<td class=\"prngen2\">\n<p class=\"prnews_p\"><span class=\"prnews_span\">E-mail: <a target=\"_blank\" href=\"mailto:ted.mchugh@edelmann.com\" class=\"prnews_a\" rel=\"noopener\">ted.mchugh@edelmann.com<\/a>\u00a0<\/span><\/p>\n<\/td>\n<\/tr>\n<tr>\n<td class=\"prngen2\">\n<p class=\"prnews_p\"><span class=\"prnews_span\">E-mail: <a target=\"_blank\" href=\"mailto:sandra.romano@mytheresa.com\" class=\"prnews_a\" rel=\"noopener\">sandra.romano@mytheresa.com<\/a>\u00a0<\/span><\/p>\n<\/td>\n<td class=\"prngen2\"><\/td>\n<\/tr>\n<tr>\n<td class=\"prngen2\"><\/td>\n<td class=\"prngen2\">\n<p class=\"prnews_p\"><span class=\"prnews_span\">Edelman Alemanha, \u00c1ustria, Su\u00ed\u00e7a <\/span><\/p>\n<\/td>\n<\/tr>\n<tr>\n<td class=\"prngen2\"><\/td>\n<td class=\"prngen2\">\n<p class=\"prnews_p\"><span class=\"prnews_span\">Ruediger Assion <\/span><\/p>\n<\/td>\n<\/tr>\n<tr>\n<td class=\"prngen2\"><\/td>\n<td class=\"prngen2\">\n<p class=\"prnews_p\"><span class=\"prnews_span\">Celular: +49 162 4909624 <\/span><\/p>\n<\/td>\n<\/tr>\n<tr>\n<td class=\"prngen2\"><\/td>\n<td class=\"prngen2\">\n<p class=\"prnews_p\"><span class=\"prnews_span\">Telefone: +49 221 8282 8111 <\/span><\/p>\n<\/td>\n<\/tr>\n<tr>\n<td class=\"prngen2\"><\/td>\n<td class=\"prngen2\">\n<p class=\"prnews_p\"><span class=\"prnews_span\">E-mail: <a target=\"_blank\" href=\"mailto:ruediger.assion@edelman.com\" class=\"prnews_a\" rel=\"noopener\">ruediger.assion@edelman.com<\/a>\u00a0<\/span><\/p>\n<\/td>\n<\/tr>\n<\/table>\n<\/div>\n<p>\u00a0<\/p>\n<p>Logotipo &#8211; <a target=\"_blank\" href=\"https:\/\/c212.net\/c\/link\/?t=0&amp;l=pt&amp;o=2991400-1&amp;h=3450889572&amp;u=https%3A%2F%2Fc212.net%2Fc%2Flink%2F%3Ft%3D0%26l%3Den%26o%3D2991400-1%26h%3D3665692683%26u%3Dhttps%253A%252F%252Fmma.prnewswire.com%252Fmedia%252F1341152%252FMytheresa_Logo.jpg%26a%3Dhttps%253A%252F%252Fmma.prnewswire.com%252Fmedia%252F1341152%252FMytheresa_Logo.jpg&amp;a=https%3A%2F%2Fmma.prnewswire.com%2Fmedia%2F1341152%2FMytheresa_Logo.jpg\" rel=\"noopener\">https:\/\/mma.prnewswire.com\/media\/1341152\/Mytheresa_Logo.jpg<\/a>\u00a0\u00a0<\/p>\n<p>FONTE  Mytheresa<\/p>\n<\/div>\n<p><img decoding=\"async\" alt=\"\" src=\"https:\/\/rt.prnewswire.com\/rt.gif?NewsItemId=PT01621&amp;Transmission_Id=202011241031PR_NEWS_LATAM____PT01621&amp;DateId=20201124\" \/><\/p>\n<p>PR NEWSWIRE<\/p>\n","protected":false},"excerpt":{"rendered":"Mytheresa Anuncia Submiss\u00e3o Confidencial de Minuta de Declara\u00e7\u00e3o de Registro para Proposta de Oferta P\u00fablica Inicial PR Newswire MUNIQUE, 24 de novembro de 2020 MUNIQUE, 24 de novembro de 2020","protected":false},"author":1,"featured_media":15687,"comment_status":"closed","ping_status":"closed","sticky":false,"template":"","format":"standard","meta":{"_acf_changed":false,"inline_featured_image":false,"_monsterinsights_skip_tracking":false,"_monsterinsights_sitenote_active":false,"_monsterinsights_sitenote_note":"","_monsterinsights_sitenote_category":0,"footnotes":""},"categories":[29],"tags":[],"class_list":["post-15686","post","type-post","status-publish","format-standard","has-post-thumbnail","hentry","category-prnewseconomia"],"acf":[],"_links":{"self":[{"href":"https:\/\/bluestudio.estadao.com.br\/agencia-de-comunicacao\/wp-json\/wp\/v2\/posts\/15686","targetHints":{"allow":["GET"]}}],"collection":[{"href":"https:\/\/bluestudio.estadao.com.br\/agencia-de-comunicacao\/wp-json\/wp\/v2\/posts"}],"about":[{"href":"https:\/\/bluestudio.estadao.com.br\/agencia-de-comunicacao\/wp-json\/wp\/v2\/types\/post"}],"author":[{"embeddable":true,"href":"https:\/\/bluestudio.estadao.com.br\/agencia-de-comunicacao\/wp-json\/wp\/v2\/users\/1"}],"replies":[{"embeddable":true,"href":"https:\/\/bluestudio.estadao.com.br\/agencia-de-comunicacao\/wp-json\/wp\/v2\/comments?post=15686"}],"version-history":[{"count":0,"href":"https:\/\/bluestudio.estadao.com.br\/agencia-de-comunicacao\/wp-json\/wp\/v2\/posts\/15686\/revisions"}],"wp:featuredmedia":[{"embeddable":true,"href":"https:\/\/bluestudio.estadao.com.br\/agencia-de-comunicacao\/wp-json\/wp\/v2\/media\/15687"}],"wp:attachment":[{"href":"https:\/\/bluestudio.estadao.com.br\/agencia-de-comunicacao\/wp-json\/wp\/v2\/media?parent=15686"}],"wp:term":[{"taxonomy":"category","embeddable":true,"href":"https:\/\/bluestudio.estadao.com.br\/agencia-de-comunicacao\/wp-json\/wp\/v2\/categories?post=15686"},{"taxonomy":"post_tag","embeddable":true,"href":"https:\/\/bluestudio.estadao.com.br\/agencia-de-comunicacao\/wp-json\/wp\/v2\/tags?post=15686"}],"curies":[{"name":"wp","href":"https:\/\/api.w.org\/{rel}","templated":true}]}}