{"id":15498,"date":"2020-11-20T11:43:00","date_gmt":"2020-11-20T11:43:00","guid":{"rendered":"http:\/\/patrocinados.estadao.com.br\/medialab\/agenciacomunicacao\/prnewswire\/prnewsinternacional\/pr-newswire-internacional-fato-ou-fake-saiba-mais-sobre-a-quimioterapia-oral-para-cancer-de-pulmao\/"},"modified":"2020-11-20T11:43:00","modified_gmt":"2020-11-20T11:43:00","slug":"pr-newswire-internacional-fato-ou-fake-saiba-mais-sobre-a-quimioterapia-oral-para-cancer-de-pulmao","status":"publish","type":"post","link":"https:\/\/bluestudio.estadao.com.br\/agencia-de-comunicacao\/prnewswire\/prnewsinternacional\/pr-newswire-internacional-fato-ou-fake-saiba-mais-sobre-a-quimioterapia-oral-para-cancer-de-pulmao\/","title":{"rendered":"PR NEWSWIRE &#8211; INTERNACIONAL :: Fato ou fake: saiba mais sobre a quimioterapia oral para c\u00e2ncer de pulm\u00e3o"},"content":{"rendered":"<div class=\"xn-newslines\">\n<h1 class=\"xn-hedline\">Fato ou fake: saiba mais sobre a quimioterapia oral para c\u00e2ncer de pulm\u00e3o<\/h1>\n<h2 class=\"xn-hedline\">Especialista explica mitos e verdades sobre a quimioterapia oral, um tipo de tratamento usado na luta contra uma doen\u00e7a muito agressiva, o c\u00e2ncer de pulm\u00e3o<\/h2>\n<p class=\"xn-distributor\">PR Newswire<\/p>\n<p class=\"xn-dateline\">S\u00c3O PAULO, 20 de novembro de 2020<\/p>\n<\/div>\n<div class=\"xn-content\">\nS\u00c3O PAULO, 20 de novembro de 2020 \/PRNewswire\/ &#8212;\u00a0Dados da Organiza\u00e7\u00e3o Mundial de Sa\u00fade (OMS) indicam que o c\u00e2ncer de pulm\u00e3o \u00e9 a neoplasia mais incidente no mundoi. Em 2018, foram mais de 2 milh\u00f5es de casos<sup>[i]<\/sup>. Neste mesmo ano, no Brasil, o c\u00e2ncer de pulm\u00e3o foi o respons\u00e1vel pelo maior n\u00famero de mortes por c\u00e2nceri. <\/p>\n<p>Dentre os principais fatores de risco para o c\u00e2ncer de pulm\u00e3o, o cigarro \u00e9, de longe, o mais importante e est\u00e1 associado a 85% dos casosii. A exposi\u00e7\u00e3o \u00e0 polui\u00e7\u00e3o do ar, as infec\u00e7\u00f5es pulmonares de repeti\u00e7\u00e3o, a defici\u00eancia ou excesso de vitamina A, a doen\u00e7a pulmonar obstrutiva cr\u00f4nica (DPOC) e a hist\u00f3ria familiar s\u00e3o outros fatores de risco para o desenvolvimento da doen\u00e7a<sup>[ii]<\/sup>.<\/p>\n<p>Uma das formas de tratamento do c\u00e2ncer de pulm\u00e3o \u00e9 chamada de quimioterapia oral. Abaixo, o Dr. <span class=\"xn-person\">Carlos Teixeira<\/span> esclarece alguns fatos e fakes sobre o tema.<\/p>\n<p><b>Atualmente o c\u00e2ncer pode ser tratado com medicamentos orais?<\/b><\/p>\n<p><b>FATO<\/b>. Nos \u00faltimos anos houve um fant\u00e1stico progresso nos tratamentos para o c\u00e2ncer. Atualmente est\u00e3o dispon\u00edveis medicamentos tomados por via\u00a0oral, t\u00e3o eficazes quanto os medicamentos injet\u00e1veis. Os tratamentos orais, entretanto n\u00e3o est\u00e3o dispon\u00edveis para todos os tipos de c\u00e2ncer e apenas o m\u00e9dico oncologista pode indicar o melhor tratamento para cada paciente.<\/p>\n<p><b>\u00c9 seguro realizar a quimioterapia oral<\/b><\/p>\n<p><b>FATO:<\/b>\u00a0Sim, a quimioterapia oral \u00e9 segura e eficaz. O m\u00e9dico especialista avalia os casos em que \u00e9 poss\u00edvel indicar esse tipo de tratamento e \u00e9 respons\u00e1vel por acompanhar a evolu\u00e7\u00e3o do paciente, assim como acontece nas outras terapias dispon\u00edveis para o tratamento do c\u00e2ncer de pulm\u00e3o.<\/p>\n<p><b>A quimioterapia oral \u00e9 mais fraca do que a quimioterapia injet\u00e1vel.<\/b><\/p>\n<p><b><i>FAKE:<\/i><\/b>\u00a0N\u00e3o \u00e9 verdade. A medica\u00e7\u00e3o oral j\u00e1 est\u00e1 consolidada e tem seus resultados comprovados. Estudos cl\u00ednicos demonstraram que a quimioterapia oral pode ter maior efic\u00e1cia do que a terapia endovenosa, para determinados tipos de c\u00e2ncer.<\/p>\n<p><b>Realizar o tratamento em casa pode ser mais confort\u00e1vel para o paciente.<\/b><\/p>\n<p><b>FATO:<\/b>\u00a0Sim, o tratamento oral agrega conveni\u00eancia e comodidade \u00e0 terapia contra o c\u00e2ncer de pulm\u00e3o. As medica\u00e7\u00f5es injet\u00e1veis s\u00e3o realizadas em ambiente hospitalar ou em servi\u00e7os de infus\u00e3o. Diante do cen\u00e1rio de pandemia do novo coronav\u00edrus e da recomenda\u00e7\u00e3o de isolamento social, realizar o tratamento em casa confere maior seguran\u00e7a para os pacientes oncol\u00f3gicos, considerados um p\u00fablico mais vulner\u00e1vel \u00e0s complica\u00e7\u00f5es\u00a0da Covid-19.<\/p>\n<p><b>Em alguns casos, a quimioterapia oral pode substituir a intravenosa.<\/b><\/p>\n<p><b>FATO<b><sup>[iii]<\/sup><\/b>:<\/b>\u00a0Sim, por\u00e9m somente o m\u00e9dico especialista pode fazer esta avalia\u00e7\u00e3o e recomendar a melhor op\u00e7\u00e3o de tratamento para o paciente.<\/p>\n<p><b>Sobre a Boehringer Ingelheim <br \/><\/b>A Boehringer Ingelheim \u00e9 uma das 20 principais farmac\u00eauticas do mundo e a maior de capital fechado, com cerca de 51.000 funcion\u00e1rios globalmente e possui como foco de atua\u00e7\u00e3o desenvolver solu\u00e7\u00f5es de sa\u00fade com grande valor e impacto para pessoas e animais. Atua h\u00e1 mais de 130 anos para trazer solu\u00e7\u00f5es inovadoras em suas tr\u00eas \u00e1reas de neg\u00f3cios: sa\u00fade humana, sa\u00fade animal e fabrica\u00e7\u00e3o de biof\u00e1rmacos. Em 2019, obteve vendas l\u00edquidas de cerca de ? 19 bilh\u00f5es de euros. Os investimentos em pesquisa e desenvolvimento corresponderam a aproximadamente 18% do faturamento l\u00edquido, cerca de 3,5 bilh\u00f5es de euros. No Brasil h\u00e1 mais de 60 anos, a Boehringer Ingelheim possui escrit\u00f3rio em S\u00e3o Paulo e f\u00e1bricas em Itapecerica da Serra e Paul\u00ednia. A empresa recebeu, em 2020, pelo quarto ano consecutivo, a certifica\u00e7\u00e3o Top Employers, que a elege como uma das melhores empregadoras do mundo por seu diferencial nas iniciativas de recursos humanos. Para mais informa\u00e7\u00f5es, visite <a href=\"http:\/\/www.boehringer-ingelheim.com.br\">www.boehringer-ingelheim.com.br<\/a> e <a target=\"_blank\" href=\"http:\/\/www.facebook.com\/BoehringerIngelheimBrasil\" rel=\"noopener\">www.facebook.com\/BoehringerIngelheimBrasil<\/a>.<\/p>\n<p>[1]<a target=\"_blank\" href=\"https:\/\/www.sboc.org.br\/sboc-site\/revista-sboc\/pdfs\/22\/artigo10.pdf\" rel=\"noopener\">https:\/\/www.sboc.org.br\/sboc-site\/revista-sboc\/pdfs\/22\/artigo10.pdf<\/a> <a target=\"_blank\" href=\"https:\/\/gco.iarc.fr\/\" rel=\"noopener\">https:\/\/gco.iarc.fr\/<\/a><br \/>[ii]<a target=\"_blank\" href=\"https:\/\/www.inca.gov.br\/tipos-de-cancer\/cancer-de-pulmao\" rel=\"noopener\">https:\/\/www.inca.gov.br\/tipos-de-cancer\/cancer-de-pulmao<\/a>\u00a0<br \/>[iii]<a target=\"_blank\" href=\"http:\/\/www.oncoguia.org.br\/quimioterapiaoral\/faq.php\" rel=\"noopener\">http:\/\/www.oncoguia.org.br\/quimioterapiaoral\/faq.php<\/a> <\/p>\n<p><b>C\u00f3digo Veeva: MPR-BR-101309 \/ Novembro 2020<\/b><\/p>\n<p>FONTE  Boehringer Ingelheim<\/p>\n<\/div>\n<p><img decoding=\"async\" alt=\"\" src=\"https:\/\/rt.prnewswire.com\/rt.gif?NewsItemId=PT98930&amp;Transmission_Id=202011200600PR_NEWS_LATAM____PT98930&amp;DateId=20201120\" \/><\/p>\n<p>PR NEWSWIRE<\/p>\n","protected":false},"excerpt":{"rendered":"Fato ou fake: saiba mais sobre a quimioterapia oral para c\u00e2ncer de pulm\u00e3o Especialista explica mitos e verdades sobre a quimioterapia oral, um tipo de tratamento usado na luta contra uma doen\u00e7a","protected":false},"author":1,"featured_media":15499,"comment_status":"closed","ping_status":"closed","sticky":false,"template":"","format":"standard","meta":{"_acf_changed":false,"inline_featured_image":false,"_monsterinsights_skip_tracking":false,"_monsterinsights_sitenote_active":false,"_monsterinsights_sitenote_note":"","_monsterinsights_sitenote_category":0,"footnotes":""},"categories":[31],"tags":[],"class_list":["post-15498","post","type-post","status-publish","format-standard","has-post-thumbnail","hentry","category-prnewsinternacional"],"acf":[],"_links":{"self":[{"href":"https:\/\/bluestudio.estadao.com.br\/agencia-de-comunicacao\/wp-json\/wp\/v2\/posts\/15498","targetHints":{"allow":["GET"]}}],"collection":[{"href":"https:\/\/bluestudio.estadao.com.br\/agencia-de-comunicacao\/wp-json\/wp\/v2\/posts"}],"about":[{"href":"https:\/\/bluestudio.estadao.com.br\/agencia-de-comunicacao\/wp-json\/wp\/v2\/types\/post"}],"author":[{"embeddable":true,"href":"https:\/\/bluestudio.estadao.com.br\/agencia-de-comunicacao\/wp-json\/wp\/v2\/users\/1"}],"replies":[{"embeddable":true,"href":"https:\/\/bluestudio.estadao.com.br\/agencia-de-comunicacao\/wp-json\/wp\/v2\/comments?post=15498"}],"version-history":[{"count":0,"href":"https:\/\/bluestudio.estadao.com.br\/agencia-de-comunicacao\/wp-json\/wp\/v2\/posts\/15498\/revisions"}],"wp:featuredmedia":[{"embeddable":true,"href":"https:\/\/bluestudio.estadao.com.br\/agencia-de-comunicacao\/wp-json\/"}],"wp:attachment":[{"href":"https:\/\/bluestudio.estadao.com.br\/agencia-de-comunicacao\/wp-json\/wp\/v2\/media?parent=15498"}],"wp:term":[{"taxonomy":"category","embeddable":true,"href":"https:\/\/bluestudio.estadao.com.br\/agencia-de-comunicacao\/wp-json\/wp\/v2\/categories?post=15498"},{"taxonomy":"post_tag","embeddable":true,"href":"https:\/\/bluestudio.estadao.com.br\/agencia-de-comunicacao\/wp-json\/wp\/v2\/tags?post=15498"}],"curies":[{"name":"wp","href":"https:\/\/api.w.org\/{rel}","templated":true}]}}