{"id":15484,"date":"2020-11-20T06:27:00","date_gmt":"2020-11-20T06:27:00","guid":{"rendered":"http:\/\/patrocinados.estadao.com.br\/medialab\/agenciacomunicacao\/prnewswire\/prnewsinternacional\/pr-newswire-internacional-e-o-vencedor-e-bem-vindo-ao-premio-international-truck-of-the-year-2021\/"},"modified":"2020-11-20T06:27:00","modified_gmt":"2020-11-20T06:27:00","slug":"pr-newswire-internacional-e-o-vencedor-e-bem-vindo-ao-premio-international-truck-of-the-year-2021","status":"publish","type":"post","link":"https:\/\/bluestudio.estadao.com.br\/agencia-de-comunicacao\/prnewswire\/prnewsinternacional\/pr-newswire-internacional-e-o-vencedor-e-bem-vindo-ao-premio-international-truck-of-the-year-2021\/","title":{"rendered":"PR NEWSWIRE &#8211; INTERNACIONAL :: E o vencedor \u00e9&#8230; Bem-vindo ao Pr\u00eamio International Truck of the Year 2021"},"content":{"rendered":"<div class=\"xn-newslines\">\n<h1 class=\"xn-hedline\">E o vencedor \u00e9&#8230; Bem-vindo ao Pr\u00eamio International Truck of the Year 2021<\/h1>\n<p class=\"xn-distributor\">PR Newswire<\/p>\n<p class=\"xn-dateline\">MIL\u00c3O, 20 de novembro de 2020<\/p>\n<\/div>\n<div class=\"xn-content\">\nMIL\u00c3O, 20 de novembro de 2020 \/PRNewswire\/ &#8212; Todos os anos, um j\u00fari composto por 24 jornalistas de ve\u00edculos comerciais da Europa escolhe um vencedor do pr\u00eamio &#8220;International Truck of the Year&#8221;. Este n\u00e3o \u00e9 um caminh\u00e3o comum. Ele est\u00e1 sendo homenageado por sua contribui\u00e7\u00e3o geral para a efici\u00eancia de transporte rodovi\u00e1rio.<\/p>\n<p \/>\n<div id=\"prni_dvprnejpg0665left\"><img decoding=\"async\" alt=\"Announcement International Truck of the Year\" src=\"https:\/\/mma.prnewswire.com\/media\/1338773\/International_Truck_of_the_Year.jpg\" \/><\/div>\n<p>O pr\u00eamio &#8220;International Truck of the Year&#8221;, (IToY) foi originalmente lan\u00e7ado em 1977 pelo jornalista brit\u00e2nico e editor da revista Truck, <span class=\"xn-person\">Pat Kennett<\/span>. Hoje, os 24 membros do j\u00fari representam as principais revistas de ve\u00edculos comerciais em toda a Europa. Al\u00e9m disso, nos \u00faltimos anos, o grupo IToY ampliou sua esfera de influ\u00eancia ao indicar membros associados nos crescentes mercados de caminh\u00f5es da <span class=\"xn-location\">China<\/span>, \u00cdndia, \u00c1frica do Sul, Austr\u00e1lia, Brasil, Jap\u00e3o, Ir\u00e3 e Nova Zel\u00e2ndia. Ao todo, os leitores combinados de operadores de caminh\u00f5es das 24 revistas dos membros do j\u00fari da IToY, bem como dos seus oito membros associados, ultrapassam um milh\u00e3o.<\/p>\n<p \/>\nFoto &#8211; <a target=\"_blank\" href=\"https:\/\/mma.prnewswire.com\/media\/1338773\/International_Truck_of_the_Year.jpg\" rel=\"noopener\">https:\/\/mma.prnewswire.com\/media\/1338773\/International_Truck_of_the_Year.jpg<\/a><br \/>Logo &#8211; <a target=\"_blank\" href=\"https:\/\/mma.prnewswire.com\/media\/1338046\/International_Truck_of_the_Year_Logo.jpg\" rel=\"noopener\">https:\/\/mma.prnewswire.com\/media\/1338046\/International_Truck_of_the_Year_Logo.jpg<\/a><\/p>\n<p><a target=\"_blank\" href=\"http:\/\/www.truck-of-the-year.com\/\" rel=\"noopener\">www.truck-of-the-year.com<\/a>\u00a0<\/p>\n<p>\u00a0<\/p>\n<div id=\"prni_dvprnejpg9590left\"><img decoding=\"async\" alt=\"International Truck of the Year Logo\" src=\"https:\/\/mma.prnewswire.com\/media\/1338046\/International_Truck_of_the_Year_Logo.jpg\" \/><\/div>\n<p>\u00a0<\/p>\n<p>\u00a0<\/p>\n<p>FONTE  The International Truck of the Year Jury<\/p>\n<\/div>\n<p><img decoding=\"async\" alt=\"\" src=\"https:\/\/rt.prnewswire.com\/rt.gif?NewsItemId=PT96650&amp;Transmission_Id=202011200423PR_NEWS_LATAM____PT96650&amp;DateId=20201120\" \/><\/p>\n<p>PR NEWSWIRE<\/p>\n","protected":false},"excerpt":{"rendered":"E o vencedor \u00e9&#8230; Bem-vindo ao Pr\u00eamio International Truck of the Year 2021 PR Newswire MIL\u00c3O, 20 de novembro de 2020 MIL\u00c3O, 20 de novembro de 2020 \/PRNewswire\/ &#8212; Todos os anos, um j\u00fari","protected":false},"author":1,"featured_media":15485,"comment_status":"closed","ping_status":"closed","sticky":false,"template":"","format":"standard","meta":{"_acf_changed":false,"inline_featured_image":false,"_monsterinsights_skip_tracking":false,"_monsterinsights_sitenote_active":false,"_monsterinsights_sitenote_note":"","_monsterinsights_sitenote_category":0,"footnotes":""},"categories":[31],"tags":[],"class_list":["post-15484","post","type-post","status-publish","format-standard","has-post-thumbnail","hentry","category-prnewsinternacional"],"acf":[],"_links":{"self":[{"href":"https:\/\/bluestudio.estadao.com.br\/agencia-de-comunicacao\/wp-json\/wp\/v2\/posts\/15484","targetHints":{"allow":["GET"]}}],"collection":[{"href":"https:\/\/bluestudio.estadao.com.br\/agencia-de-comunicacao\/wp-json\/wp\/v2\/posts"}],"about":[{"href":"https:\/\/bluestudio.estadao.com.br\/agencia-de-comunicacao\/wp-json\/wp\/v2\/types\/post"}],"author":[{"embeddable":true,"href":"https:\/\/bluestudio.estadao.com.br\/agencia-de-comunicacao\/wp-json\/wp\/v2\/users\/1"}],"replies":[{"embeddable":true,"href":"https:\/\/bluestudio.estadao.com.br\/agencia-de-comunicacao\/wp-json\/wp\/v2\/comments?post=15484"}],"version-history":[{"count":0,"href":"https:\/\/bluestudio.estadao.com.br\/agencia-de-comunicacao\/wp-json\/wp\/v2\/posts\/15484\/revisions"}],"wp:featuredmedia":[{"embeddable":true,"href":"https:\/\/bluestudio.estadao.com.br\/agencia-de-comunicacao\/wp-json\/"}],"wp:attachment":[{"href":"https:\/\/bluestudio.estadao.com.br\/agencia-de-comunicacao\/wp-json\/wp\/v2\/media?parent=15484"}],"wp:term":[{"taxonomy":"category","embeddable":true,"href":"https:\/\/bluestudio.estadao.com.br\/agencia-de-comunicacao\/wp-json\/wp\/v2\/categories?post=15484"},{"taxonomy":"post_tag","embeddable":true,"href":"https:\/\/bluestudio.estadao.com.br\/agencia-de-comunicacao\/wp-json\/wp\/v2\/tags?post=15484"}],"curies":[{"name":"wp","href":"https:\/\/api.w.org\/{rel}","templated":true}]}}