{"id":15405,"date":"2020-11-19T15:13:00","date_gmt":"2020-11-19T15:13:00","guid":{"rendered":"http:\/\/patrocinados.estadao.com.br\/medialab\/agenciacomunicacao\/prnewswire\/prnewsinternacional\/pr-newswire-internacional-chega-ao-brasil-a-pelicula-de-cobre-que-e-amplamente-usada-na-coreia-do-sul-por-eliminar-999-dos-virus-fungos-e-bacterias\/"},"modified":"2020-11-19T15:13:00","modified_gmt":"2020-11-19T15:13:00","slug":"pr-newswire-internacional-chega-ao-brasil-a-pelicula-de-cobre-que-e-amplamente-usada-na-coreia-do-sul-por-eliminar-999-dos-virus-fungos-e-bacterias","status":"publish","type":"post","link":"https:\/\/bluestudio.estadao.com.br\/agencia-de-comunicacao\/prnewswire\/prnewsinternacional\/pr-newswire-internacional-chega-ao-brasil-a-pelicula-de-cobre-que-e-amplamente-usada-na-coreia-do-sul-por-eliminar-999-dos-virus-fungos-e-bacterias\/","title":{"rendered":"PR NEWSWIRE &#8211; INTERNACIONAL :: Chega ao Brasil a pel\u00edcula de cobre que \u00e9 amplamente usada na Coreia do Sul por eliminar 99,9% dos v\u00edrus, fungos e bact\u00e9rias"},"content":{"rendered":"<div class=\"xn-newslines\">\n<h1 class=\"xn-hedline\">Chega ao Brasil a pel\u00edcula de cobre que \u00e9 amplamente usada na Coreia do Sul por eliminar 99,9% dos v\u00edrus, fungos e bact\u00e9rias<\/h1>\n<p class=\"xn-distributor\">PR Newswire<\/p>\n<p class=\"xn-dateline\">S\u00c3O PAULO, 19 de novembro de 2020<\/p>\n<\/div>\n<div class=\"xn-content\">\nS\u00c3O PAULO, 19 de novembro de 2020 \/PRNewswire\/ &#8212; Em diversos pa\u00edses, com maior evid\u00eancia na Coreia do Sul, percebe-se a presen\u00e7a de uma pel\u00edcula sobre diferentes superf\u00edcies onde as pessoas costumam tocar como: corrim\u00e3os, mesas, ma\u00e7anetas, elevadores e em transportes p\u00fablicos. Trata-se de um filme pl\u00e1stico, com cobre antimicrobiano, que elimina 99,9% dos v\u00edrus (incluindo o novo coronav\u00edrus) e das bact\u00e9rias. Fabricada em cobre, considerado como o primeiro metal bactericida do mundo pela Ag\u00eancia de Prote\u00e7\u00e3o Ambiental dos Estados Unidos (<a target=\"_blank\" href=\"https:\/\/www.copper.org\/applications\/antimicrobial\" rel=\"noopener\">EPA<\/a>), com outras certifica\u00e7\u00f5es internacionais, a pel\u00edcula Dr. Cobre chega ao Brasil e promete surpreender por todos os benef\u00edcios que garante \u00e0 sa\u00fade da popula\u00e7\u00e3o. <\/p>\n<div id=\"prni_dvprnejpg78c9left\"><img decoding=\"async\" alt=\"Em elevadores residenciais e comerciais a aplica\u00e7\u00e3o na botoeira \u00e9 feita de forma simples e torna-se uma prote\u00e7\u00e3o segura para todos que ali circulam.\" src=\"https:\/\/mma.prnewswire.com\/media\/1338838\/botoeira_de_elevador.jpg\" \/><\/div>\n<p>A efici\u00eancia do cobre tamb\u00e9m foi comprovada em artigo cient\u00edfico publicado no <a target=\"_blank\" href=\"https:\/\/www.nejm.org\/doi\/full\/10.1056\/NEJMc2004973\" rel=\"noopener\"><i>New England Journal of Medicine<\/i><\/a>. Segundo este estudo, os pesquisadores observaram que o <i>SARS-CoV-2 <\/i>(denomina\u00e7\u00e3o do coronav\u00edrus, que causa a Covid-19) sobrevive por at\u00e9 tr\u00eas dias em superf\u00edcies de pl\u00e1stico e a\u00e7o inox. J\u00e1 na superf\u00edcie de cobre o <i>SARS-CoV-2<\/i> se torna inativo em poucos minutos, sendo 99% eliminados ap\u00f3s 30 minutos.<\/p>\n<p>O cobre \u00e9 comprovadamente um eficiente agente para a finalidade de elimina\u00e7\u00e3o do v\u00edrus em plena pandemia e a pel\u00edcula Dr. Cobre pode se tornar um item de prote\u00e7\u00e3o no dia a dia, pois previne outros tipos de contamina\u00e7\u00e3o (n\u00e3o s\u00f3 pelo novo coronav\u00edrus); age tamb\u00e9m na prote\u00e7\u00e3o de diversas doen\u00e7as provocadas por bact\u00e9rias como: <i>Staphylococcus aureus <\/i>resistentes \u00e0 Meticilina (MRSA), <i>Enterococcus<\/i> resistentes \u00e0 Vancomicina (VRE), <i>Enterobacter aerogenes, Pseudomonas aeruginosa <\/i>e<i> Escherichia coli<\/i>.\u00a0 \u00a0\u00a0\u00a0\u00a0\u00a0\u00a0\u00a0\u00a0\u00a0\u00a0\u00a0\u00a0\u00a0\u00a0\u00a0\u00a0\u00a0\u00a0\u00a0\u00a0\u00a0\u00a0\u00a0\u00a0\u00a0\u00a0\u00a0\u00a0\u00a0\u00a0\u00a0\u00a0\u00a0\u00a0\u00a0\u00a0\u00a0\u00a0\u00a0\u00a0\u00a0\u00a0\u00a0\u00a0\u00a0\u00a0\u00a0\u00a0\u00a0\u00a0\u00a0\u00a0\u00a0\u00a0\u00a0\u00a0\u00a0\u00a0\u00a0\u00a0\u00a0\u00a0\u00a0\u00a0\u00a0\u00a0\u00a0\u00a0\u00a0\u00a0\u00a0\u00a0\u00a0\u00a0\u00a0\u00a0\u00a0\u00a0\u00a0\u00a0<\/p>\n<p><b>Uso e aplica\u00e7\u00e3o f\u00e1cil e simples <\/b><\/p>\n<p>De forma simples e r\u00e1pida, pode ser recortada e aplicada no tamanho adequado \u00e0s superf\u00edcies onde h\u00e1 probabilidade de contamina\u00e7\u00e3o cruzada. Os diretores da Dr. Cobre acreditam que, a exemplo do que acontece no exterior, pessoas e empresas poder\u00e3o contar com um importante aliado para a volta \u00e0s atividades p\u00f3s-Covid-19 com maior seguran\u00e7a. <\/p>\n<p>A pel\u00edcula Dr. Cobre possui a\u00e7\u00e3o antimicrobiana permanente e n\u00e3o perde a efic\u00e1cia ao longo do tempo. O uso do produto impacta na redu\u00e7\u00e3o de gastos com a contrata\u00e7\u00e3o de m\u00e3o de obra para higieniza\u00e7\u00e3o constante dos ambientes e tamb\u00e9m na economia de produtos de limpeza. E suas propriedades s\u00e3o mantidas ao longo de sua vida \u00fatil. <\/p>\n<p>Encontrada no formato A4 e em rolo, a pel\u00edcula Dr. Cobre atende as mais variadas \u00e1reas de aplica\u00e7\u00f5es, desde resid\u00eancias at\u00e9 pr\u00e9dios comerciais. Informa\u00e7\u00f5es e encomendas pelo site: <a target=\"_blank\" href=\"http:\/\/www.drcobre.com.br\/\" rel=\"noopener\">www.drcobre.com.br<\/a> <\/p>\n<p><b>Redes Sociais: \u00a0<\/b><a target=\"_blank\" href=\"http:\/\/www.facebook.com\/drcobre%20\/\" rel=\"noopener\">www.facebook.com\/drcobre \/<\/a> <u><a target=\"_blank\" href=\"http:\/\/www.instagram.com\/drcobre\" rel=\"noopener\">www.instagram.com\/drcobre<\/a><\/u><\/p>\n<p>Foto &#8211; <a target=\"_blank\" href=\"https:\/\/mma.prnewswire.com\/media\/1338838\/botoeira_de_elevador.jpg\" rel=\"noopener\">https:\/\/mma.prnewswire.com\/media\/1338838\/botoeira_de_elevador.jpg<\/a> <\/p>\n<p>CONTATOS IMPRENSA: <span class=\"xn-person\">Mara Ribeiro<\/span>, 11 99221.5201, <a target=\"_blank\" href=\"mailto:mara@mararibeiro.com.br\" rel=\"noopener\">mara@mararibeiro.com.br<\/a> <\/p>\n<p>FONTE  Dr. Cobre<\/p>\n<\/div>\n<p><img decoding=\"async\" alt=\"\" src=\"https:\/\/rt.prnewswire.com\/rt.gif?NewsItemId=PT98016&amp;Transmission_Id=202011191302PR_NEWS_LATAM____PT98016&amp;DateId=20201119\" \/><\/p>\n<p>PR NEWSWIRE<\/p>\n","protected":false},"excerpt":{"rendered":"Chega ao Brasil a pel\u00edcula de cobre que \u00e9 amplamente usada na Coreia do Sul por eliminar 99,9% dos v\u00edrus, fungos e bact\u00e9rias PR Newswire S\u00c3O PAULO, 19 de novembro de 2020 S\u00c3O PAULO, 19 de","protected":false},"author":1,"featured_media":15406,"comment_status":"closed","ping_status":"closed","sticky":false,"template":"","format":"standard","meta":{"_acf_changed":false,"inline_featured_image":false,"_monsterinsights_skip_tracking":false,"_monsterinsights_sitenote_active":false,"_monsterinsights_sitenote_note":"","_monsterinsights_sitenote_category":0,"footnotes":""},"categories":[31],"tags":[],"class_list":["post-15405","post","type-post","status-publish","format-standard","has-post-thumbnail","hentry","category-prnewsinternacional"],"acf":[],"_links":{"self":[{"href":"https:\/\/bluestudio.estadao.com.br\/agencia-de-comunicacao\/wp-json\/wp\/v2\/posts\/15405","targetHints":{"allow":["GET"]}}],"collection":[{"href":"https:\/\/bluestudio.estadao.com.br\/agencia-de-comunicacao\/wp-json\/wp\/v2\/posts"}],"about":[{"href":"https:\/\/bluestudio.estadao.com.br\/agencia-de-comunicacao\/wp-json\/wp\/v2\/types\/post"}],"author":[{"embeddable":true,"href":"https:\/\/bluestudio.estadao.com.br\/agencia-de-comunicacao\/wp-json\/wp\/v2\/users\/1"}],"replies":[{"embeddable":true,"href":"https:\/\/bluestudio.estadao.com.br\/agencia-de-comunicacao\/wp-json\/wp\/v2\/comments?post=15405"}],"version-history":[{"count":0,"href":"https:\/\/bluestudio.estadao.com.br\/agencia-de-comunicacao\/wp-json\/wp\/v2\/posts\/15405\/revisions"}],"wp:featuredmedia":[{"embeddable":true,"href":"https:\/\/bluestudio.estadao.com.br\/agencia-de-comunicacao\/wp-json\/"}],"wp:attachment":[{"href":"https:\/\/bluestudio.estadao.com.br\/agencia-de-comunicacao\/wp-json\/wp\/v2\/media?parent=15405"}],"wp:term":[{"taxonomy":"category","embeddable":true,"href":"https:\/\/bluestudio.estadao.com.br\/agencia-de-comunicacao\/wp-json\/wp\/v2\/categories?post=15405"},{"taxonomy":"post_tag","embeddable":true,"href":"https:\/\/bluestudio.estadao.com.br\/agencia-de-comunicacao\/wp-json\/wp\/v2\/tags?post=15405"}],"curies":[{"name":"wp","href":"https:\/\/api.w.org\/{rel}","templated":true}]}}