{"id":14857,"date":"2020-11-12T13:27:00","date_gmt":"2020-11-12T13:27:00","guid":{"rendered":"http:\/\/patrocinados.estadao.com.br\/medialab\/agenciacomunicacao\/prnewswire\/prnewsinternacional\/pr-newswire-internacional-workshop-internacional-escola-de-series-reune-especialistas-para-masterclass-paineis-e-pitching\/"},"modified":"2020-11-12T13:27:00","modified_gmt":"2020-11-12T13:27:00","slug":"pr-newswire-internacional-workshop-internacional-escola-de-series-reune-especialistas-para-masterclass-paineis-e-pitching","status":"publish","type":"post","link":"https:\/\/bluestudio.estadao.com.br\/agencia-de-comunicacao\/prnewswire\/prnewsinternacional\/pr-newswire-internacional-workshop-internacional-escola-de-series-reune-especialistas-para-masterclass-paineis-e-pitching\/","title":{"rendered":"PR NEWSWIRE &#8211; INTERNACIONAL :: Workshop Internacional Escola de S\u00e9ries re\u00fane especialistas para masterclass, pain\u00e9is e pitching"},"content":{"rendered":"<div class=\"xn-newslines\">\n<h1 class=\"xn-hedline\">Workshop Internacional Escola de S\u00e9ries re\u00fane especialistas para masterclass, pain\u00e9is e pitching<\/h1>\n<p class=\"xn-distributor\">PR Newswire<\/p>\n<p class=\"xn-dateline\">S\u00c3O PAULO, 12 de novembro de 2020<\/p>\n<\/div>\n<div class=\"xn-content\">\nCERCA DE 30 PROFISSIONAIS V\u00c3O PASSAR SUAS EXPERI\u00caNCIAS NAS \u00c1REAS DE CRIA\u00c7\u00c3O, NEG\u00d3CIOS E INOVA\u00c7\u00c3O PARA OS INTERESSADOS EM AUDIOVISUAL <\/p>\n<p>S\u00c3O PAULO, 12 de novembro de 2020 \/PRNewswire\/ &#8212; Discuss\u00f5es em tr\u00eas eixos tem\u00e1ticos:\u00a0 cria\u00e7\u00e3o, neg\u00f3cios e inova\u00e7\u00e3o; cerca de 30 especialistas nacionais e internacionais reconhecidos em suas \u00e1reas de atua\u00e7\u00e3o &#8211; um time altamente qualificado de especialistas do mercado global com foco em s\u00e9ries -; masterclass e sess\u00f5es de pitching. Esses s\u00e3o os diferenciais do <b>Workshop Internacional <\/b><b>Escola de S\u00e9ries (WIS)<\/b> que acontece em meio virtual entre os dias <b>7 e 15 de dezembro<\/b> e est\u00e1 com as <b>inscri\u00e7\u00f5es abertas<\/b>. A realiza\u00e7\u00e3o \u00e9 da Autoria C, empresa que desde 1998 atua no mercado oferecendo ferramentas educativas e tecnol\u00f3gicas personalizadas para a gest\u00e3o da criatividade. A curadoria \u00e9 de <span class=\"xn-person\">Mauricio Mota<\/span> e de Ana Cec\u00edlia Springefeldt.<\/p>\n<p><b><span class=\"xn-person\">Henry Jenkins<\/span><\/b>, especialista em transm\u00eddia e cultura dos f\u00e3s, <b><span class=\"xn-person\">Fabio Seidl<\/span><\/b>, Diretor Global de Cria\u00e7\u00e3o, Marketing e Neg\u00f3cios do Facebook, e <b><span class=\"xn-person\">Erika Green Swafford<\/span><\/b>, roteirista de s\u00e9ries de sucesso como &#8220;How to Get Away with Murder&#8221; (Netflix) e &#8220;The Mentalist&#8221; (Amazon Prime, Globoplay), s\u00e3o alguns dos nomes de peso j\u00e1 confirmados. Ser\u00e3o 40 horas de conte\u00fado com encontros ao vivo e gravados. Toda programa\u00e7\u00e3o ter\u00e1 tradu\u00e7\u00e3o simult\u00e2nea para o portugu\u00eas. Entre <b>7 e 11 de dezembro<\/b> acontecem os pain\u00e9is e as masterclass. Nos dias <b>14 e 15<\/b> ser\u00e1 a vez das sess\u00f5es de pitching com banca formada por tr\u00eas profissionais do mercado ? um produtor, um representante de canal ou plataforma e um agente de talentos. <\/p>\n<p>O evento\u00a0ter\u00e1 tr\u00eas eixos tem\u00e1ticos: cria\u00e7\u00e3o, neg\u00f3cios e inova\u00e7\u00e3o. Dentro do eixo tem\u00e1tico de <b>cria\u00e7\u00e3o<\/b> ser\u00e3o abordados dramaturgia; cria\u00e7\u00e3o e desenvolvimento de projetos de fic\u00e7\u00e3o, n\u00e3o fic\u00e7\u00e3o e kids; metodologia de sala de roteiristas e o papel do <i>showrunner<\/i>. J\u00e1 em <b>neg\u00f3cios<\/b>, as discuss\u00f5es ser\u00e3o sobre coprodu\u00e7\u00e3o internacional; integra\u00e7\u00e3o de marca e conte\u00fado <i>branded entertainment<\/i>; tend\u00eancias de mercado: produ\u00e7\u00e3o e distribui\u00e7\u00e3o; novos modelos de neg\u00f3cio, desafios e oportunidades. Quanto \u00e0 <b>inova\u00e7\u00e3o<\/b>, os subtemas abarcam conte\u00fados como transm\u00eddia; formatos curtos; \u00e1udio s\u00e9ries; realidade virtual; <i>data science.<\/i><\/p>\n<p>As inscri\u00e7\u00f5es para o <b>WIS<\/b> est\u00e3o abertas atrav\u00e9s do site <a target=\"_blank\" href=\"http:\/\/www.autoria.com.br\/\" rel=\"noopener\">www.autoria.com.br<\/a> . A taxa \u00e9 de <span class=\"xn-money\">R$ 400<\/span> reais e os todos recebem certificado de participa\u00e7\u00e3o. O conte\u00fado ser\u00e1 gravado e ficar\u00e1 dispon\u00edvel por seis meses. Os alunos dos cursos da Escola de S\u00e9ries t\u00eam 50% de desconto.<\/p>\n<p><i>Fotos dos conferencistas em: <\/i><a target=\"_blank\" href=\"https:\/\/drive.google.com\/drive\/folders\/1b77fBXK8ip8xV26gzwDTHArjs701iXy0?usp=sharing\" rel=\"noopener\">https:\/\/drive.google.com\/drive\/folders\/1b77fBXK8ip8xV26gzwDTHArjs701iXy0?usp=sharing<\/a><\/p>\n<p>FONTE  Workshop Internacional Escola de S\u00e9ries<\/p>\n<\/div>\n<p><img decoding=\"async\" alt=\"\" src=\"https:\/\/rt.prnewswire.com\/rt.gif?NewsItemId=PT90040&amp;Transmission_Id=202011121000PR_NEWS_LATAM____PT90040&amp;DateId=20201112\" \/><\/p>\n<p>PR NEWSWIRE<\/p>\n","protected":false},"excerpt":{"rendered":"Workshop Internacional Escola de S\u00e9ries re\u00fane especialistas para masterclass, pain\u00e9is e pitching PR Newswire S\u00c3O PAULO, 12 de novembro de 2020 CERCA DE 30 PROFISSIONAIS V\u00c3O PASSAR SUAS","protected":false},"author":1,"featured_media":14858,"comment_status":"closed","ping_status":"closed","sticky":false,"template":"","format":"standard","meta":{"_acf_changed":false,"inline_featured_image":false,"_monsterinsights_skip_tracking":false,"_monsterinsights_sitenote_active":false,"_monsterinsights_sitenote_note":"","_monsterinsights_sitenote_category":0,"footnotes":""},"categories":[31],"tags":[],"class_list":["post-14857","post","type-post","status-publish","format-standard","has-post-thumbnail","hentry","category-prnewsinternacional"],"acf":[],"_links":{"self":[{"href":"https:\/\/bluestudio.estadao.com.br\/agencia-de-comunicacao\/wp-json\/wp\/v2\/posts\/14857","targetHints":{"allow":["GET"]}}],"collection":[{"href":"https:\/\/bluestudio.estadao.com.br\/agencia-de-comunicacao\/wp-json\/wp\/v2\/posts"}],"about":[{"href":"https:\/\/bluestudio.estadao.com.br\/agencia-de-comunicacao\/wp-json\/wp\/v2\/types\/post"}],"author":[{"embeddable":true,"href":"https:\/\/bluestudio.estadao.com.br\/agencia-de-comunicacao\/wp-json\/wp\/v2\/users\/1"}],"replies":[{"embeddable":true,"href":"https:\/\/bluestudio.estadao.com.br\/agencia-de-comunicacao\/wp-json\/wp\/v2\/comments?post=14857"}],"version-history":[{"count":0,"href":"https:\/\/bluestudio.estadao.com.br\/agencia-de-comunicacao\/wp-json\/wp\/v2\/posts\/14857\/revisions"}],"wp:featuredmedia":[{"embeddable":true,"href":"https:\/\/bluestudio.estadao.com.br\/agencia-de-comunicacao\/wp-json\/"}],"wp:attachment":[{"href":"https:\/\/bluestudio.estadao.com.br\/agencia-de-comunicacao\/wp-json\/wp\/v2\/media?parent=14857"}],"wp:term":[{"taxonomy":"category","embeddable":true,"href":"https:\/\/bluestudio.estadao.com.br\/agencia-de-comunicacao\/wp-json\/wp\/v2\/categories?post=14857"},{"taxonomy":"post_tag","embeddable":true,"href":"https:\/\/bluestudio.estadao.com.br\/agencia-de-comunicacao\/wp-json\/wp\/v2\/tags?post=14857"}],"curies":[{"name":"wp","href":"https:\/\/api.w.org\/{rel}","templated":true}]}}