{"id":14510,"date":"2020-11-09T05:12:00","date_gmt":"2020-11-09T05:12:00","guid":{"rendered":""},"modified":"2020-11-09T05:12:00","modified_gmt":"2020-11-09T05:12:00","slug":"pr-newswire-internacional-a-cupula-world-innovation-summit-for-health-wish-cupula-mundial-da-inovacao-na-saude-de-2020-oferece-palestrantes-lideres-e-debates-atraentes-por-meio-de-uma-platafo","status":"publish","type":"post","link":"https:\/\/bluestudio.estadao.com.br\/agencia-de-comunicacao\/prnewswire\/prnewsinternacional\/pr-newswire-internacional-a-cupula-world-innovation-summit-for-health-wish-cupula-mundial-da-inovacao-na-saude-de-2020-oferece-palestrantes-lideres-e-debates-atraentes-por-meio-de-uma-platafo\/","title":{"rendered":"PR NEWSWIRE &#8211; INTERNACIONAL :: A c\u00fapula World Innovation Summit for Health (WISH &#8211; C\u00fapula Mundial da Inova\u00e7\u00e3o na Sa\u00fade) de 2020 oferece palestrantes l\u00edderes e debates atraentes por meio de uma plataforma virtual imersiva"},"content":{"rendered":"<div class=\"xn-newslines\">\n<h1 class=\"xn-hedline\">A c\u00fapula World Innovation Summit for Health (WISH &#8211; C\u00fapula Mundial da Inova\u00e7\u00e3o na Sa\u00fade) de 2020 oferece palestrantes l\u00edderes e debates atraentes por meio de uma plataforma virtual imersiva<\/h1>\n<p class=\"xn-distributor\">PR Newswire<\/p>\n<p class=\"xn-dateline\">DOHA, Catar, 9 de novembro de 2020<\/p>\n<\/div>\n<div class=\"xn-content\">\n<span class=\"xn-location\">DOHA<\/span>, Catar, 9 de novembro de 2020 \/PRNewswire\/ &#8212; A c\u00fapula World Innovation Summit for Health (WISH) retorna em 15 de novembro de 2020, oferecendo uma gama impressionante de palestrantes, oportunidades de networking, discuss\u00f5es e apresenta\u00e7\u00f5es que exploram os desafios globais da sa\u00fade, e tudo apresentado por meio de uma plataforma virtual 3D desenvolvida especificamente para este fim.<\/p>\n<div id=\"prni_dvprnejpg8adcleft\"><img decoding=\"async\" alt=\"Oscar-winning actor, humanitarian and activist, Morgan Freeman, keynote speaker at the World Innovation Summit for Health 2020 (Photo credit: Nigel Parry)\" src=\"https:\/\/mma.prnewswire.com\/media\/1329348\/World_Innovation_Summit_Morgan_Freeman.jpg\" \/><\/div>\n<p>\u00c0 luz da atual pandemia, o encontro bienal global de l\u00edderes de sa\u00fade est\u00e1 sendo realizado on-line, ser\u00e1 gratuito e, pela primeira vez, o p\u00fablico est\u00e1 sendo convidado a se registrar. Al\u00e9m disso, a WISH 2020 decorrer\u00e1 durante cinco dias, em vez dos dois dias habituais, de 15 a 19 de novembro.<\/p>\n<p>A COVID-19 ter\u00e1 destaque, assim como uma s\u00e9rie de outros desafios de sa\u00fade global, incluindo altera\u00e7\u00f5es clim\u00e1ticas e sa\u00fade, estresse t\u00f3xico na inf\u00e2ncia, sa\u00fade mental e tecnologias digitais e imunoterapia.<\/p>\n<p>Os palestrantes confirmados incluem o diretor geral da OMS, Dr. <span class=\"xn-person\">Tedros Adhanom Ghebreyesus<\/span>; o epidemiologista chefe da Su\u00e9cia, Dr. <span class=\"xn-person\">Anders Tegnell<\/span>; o enviado especial da OMS COVID-19, Dr. <span class=\"xn-person\">David Nabarro<\/span>; o premiado m\u00e9dico e humanit\u00e1rio do Sud\u00e3o, Dr. <span class=\"xn-person\">Tom Catena<\/span>; e a cirurgi\u00e3 geral da Calif\u00f3rnia, Dra. <span class=\"xn-person\">Nadine Burke Harris<\/span>.<\/p>\n<p>A atriz, ativista e filantropa <span class=\"xn-person\">Eva Longoria<\/span> dar\u00e1 voz \u00e0s discuss\u00f5es em torno do impacto da pandemia e das desigualdades globais na sa\u00fade vividas por mulheres e meninas negras.\u00a0O ic\u00f4nico ator <span class=\"xn-person\">Morgan Freeman<\/span>, vencedor do Oscar, far\u00e1 um discurso sobre o tema da necessidade de enfocar a sa\u00fade da primeira inf\u00e2ncia em um mundo que luta para combater o aquecimento e os conflitos globais. <\/p>\n<p><span class=\"xn-person\">Mais de<\/span> 300 palestrantes e debatedores j\u00e1 foram confirmados at\u00e9 o momento, e outros ser\u00e3o anunciados antes do evento.<\/p>\n<p>Os inovadores e empreendedores de sa\u00fade ser\u00e3o apresentados em um amplo espa\u00e7o de exposi\u00e7\u00e3o &#8220;Innovation Hub&#8221;, que tamb\u00e9m apresentar\u00e1 organiza\u00e7\u00f5es comprometidas com a constru\u00e7\u00e3o de um mundo mais saud\u00e1vel, incluindo The Carter Center, Save The Children e UNICEF.<\/p>\n<p>A plataforma WISH tamb\u00e9m contar\u00e1 com uma biblioteca, um cinema, uma \u00e1rea de networking e uma \u00e1rea de bem-estar.<\/p>\n<p>Sultana Afdhal, CEO da WISH, comentou: &#8220;Este ano, mais do que nunca, testemunhamos a import\u00e2ncia de colaborar para enfrentar os desafios globais da sa\u00fade. Embora estejamos desapontados por n\u00e3o poder receber visitantes em um evento f\u00edsico em <span class=\"xn-location\">Doha<\/span>, estamos ansiosos para receber virtualmente muito mais pessoas na WISH do que normalmente seria poss\u00edvel.&#8221;<\/p>\n<p>A WISH \u00e9 uma iniciativa da Qatar Foundation. Mais detalhes sobre a c\u00fapula, incluindo detalhes sobre como se inscrever, podem ser encontrados em <a target=\"_blank\" href=\"http:\/\/www.wish.org.qa\/\" rel=\"noopener\">www.wish.org.qa<\/a><\/p>\n<p>\u00a0<\/p>\n<p>FONTE  World Innovation Summit for Health<\/p>\n<\/div>\n<p><img decoding=\"async\" alt=\"\" src=\"https:\/\/rt.prnewswire.com\/rt.gif?NewsItemId=PT84252&amp;Transmission_Id=202011090309PR_NEWS_LATAM____PT84252&amp;DateId=20201109\" \/><\/p>\n<p>PR NEWSWIRE<\/p>\n","protected":false},"excerpt":{"rendered":"A c\u00fapula World Innovation Summit for Health (WISH &#8211; C\u00fapula Mundial da Inova\u00e7\u00e3o na Sa\u00fade) de 2020 oferece palestrantes l\u00edderes e debates atraentes por meio de uma plataforma virtual","protected":false},"author":1,"featured_media":14511,"comment_status":"closed","ping_status":"closed","sticky":false,"template":"","format":"standard","meta":{"_acf_changed":false,"inline_featured_image":false,"_monsterinsights_skip_tracking":false,"_monsterinsights_sitenote_active":false,"_monsterinsights_sitenote_note":"","_monsterinsights_sitenote_category":0,"footnotes":""},"categories":[31],"tags":[],"class_list":["post-14510","post","type-post","status-publish","format-standard","has-post-thumbnail","hentry","category-prnewsinternacional"],"acf":[],"_links":{"self":[{"href":"https:\/\/bluestudio.estadao.com.br\/agencia-de-comunicacao\/wp-json\/wp\/v2\/posts\/14510","targetHints":{"allow":["GET"]}}],"collection":[{"href":"https:\/\/bluestudio.estadao.com.br\/agencia-de-comunicacao\/wp-json\/wp\/v2\/posts"}],"about":[{"href":"https:\/\/bluestudio.estadao.com.br\/agencia-de-comunicacao\/wp-json\/wp\/v2\/types\/post"}],"author":[{"embeddable":true,"href":"https:\/\/bluestudio.estadao.com.br\/agencia-de-comunicacao\/wp-json\/wp\/v2\/users\/1"}],"replies":[{"embeddable":true,"href":"https:\/\/bluestudio.estadao.com.br\/agencia-de-comunicacao\/wp-json\/wp\/v2\/comments?post=14510"}],"version-history":[{"count":0,"href":"https:\/\/bluestudio.estadao.com.br\/agencia-de-comunicacao\/wp-json\/wp\/v2\/posts\/14510\/revisions"}],"wp:featuredmedia":[{"embeddable":true,"href":"https:\/\/bluestudio.estadao.com.br\/agencia-de-comunicacao\/wp-json\/"}],"wp:attachment":[{"href":"https:\/\/bluestudio.estadao.com.br\/agencia-de-comunicacao\/wp-json\/wp\/v2\/media?parent=14510"}],"wp:term":[{"taxonomy":"category","embeddable":true,"href":"https:\/\/bluestudio.estadao.com.br\/agencia-de-comunicacao\/wp-json\/wp\/v2\/categories?post=14510"},{"taxonomy":"post_tag","embeddable":true,"href":"https:\/\/bluestudio.estadao.com.br\/agencia-de-comunicacao\/wp-json\/wp\/v2\/tags?post=14510"}],"curies":[{"name":"wp","href":"https:\/\/api.w.org\/{rel}","templated":true}]}}