{"id":138376,"date":"2026-09-04T15:09:00","date_gmt":"2026-09-04T18:09:00","guid":{"rendered":"https:\/\/bluestudio.estadao.com.br\/agencia-de-comunicacao\/knewin-dino\/crescimento-da-beleza-impulsiona-mercado-de-ferramentas\/"},"modified":"2026-09-04T15:09:00","modified_gmt":"2026-09-04T18:09:00","slug":"crescimento-da-beleza-impulsiona-mercado-de-ferramentas","status":"publish","type":"post","link":"https:\/\/bluestudio.estadao.com.br\/agencia-de-comunicacao\/knewin-dino\/crescimento-da-beleza-impulsiona-mercado-de-ferramentas\/","title":{"rendered":"Crescimento da beleza impulsiona mercado de ferramentas"},"content":{"rendered":"<p>O mercado brasileiro de beleza atravessa um per\u00edodo de expans\u00e3o e transforma\u00e7\u00e3o, impulsionado pelo crescimento do empreendedorismo, pela profissionaliza\u00e7\u00e3o dos servi\u00e7os e por consumidores cada vez mais atentos \u00e0 funcionalidade e \u00e0 experi\u00eancia de uso. Nesse cen\u00e1rio, as ferramentas e acess\u00f3rios utilizados por profissionais de cabelos, unhas e maquiagem ganham relev\u00e2ncia e passam a acompanhar demandas mais espec\u00edficas.<\/p>\n<p>O Brasil \u00e9 o terceiro maior mercado consumidor de beleza e cuidados pessoais do mundo. Segundo dados da Euromonitor divulgados pela Associa\u00e7\u00e3o Brasileira da Ind\u00fastria de Higiene Pessoal, Perfumaria e Cosm\u00e9ticos (ABIHPEC), o setor faturou cerca de <a href=\"https:\/\/abihpec.org.br\/tamanho-mercado-cosmeticos-brasil-2026\/?utm_source=chatgpt.com\" target=\"_blank\">R$ 200 bilh\u00f5es em 2025<\/a>, representando aproximadamente 2% do Produto Interno Bruto (PIB). A cadeia tamb\u00e9m re\u00fane cerca de 6,9 milh\u00f5es de oportunidades de trabalho.<\/p>\n<p>O empreendedorismo contribui diretamente para essa din\u00e2mica. Dados do Servi\u00e7o Brasileiro de Apoio \u00e0s Micro e Pequenas Empresas (<a href=\"https:\/\/agenciasebrae.com.br\/cultura-empreendedora\/a-cada-hora-27-negocios-de-beleza-sao-abertos-no-pais-crescimento-foi-de-185-em-2025\/?utm_source=chatgpt.com\" target=\"_blank\">Sebrae<\/a>) mostram que 236 mil pequenos neg\u00f3cios de beleza foram abertos no pa\u00eds em 2025, o equivalente a cerca de 27 novos empreendimentos por hora. O n\u00famero representa crescimento de 18,5% em rela\u00e7\u00e3o ao ano anterior.<\/p>\n<p><b>Especializa\u00e7\u00e3o muda perfil dos produtos<\/b><\/p>\n<p>O avan\u00e7o dos servi\u00e7os especializados modifica tamb\u00e9m o perfil das ferramentas procuradas por profissionais. Escovas, pentes, pinc\u00e9is, acess\u00f3rios para manicure e itens de apoio precisam responder a necessidades espec\u00edficas, com foco em ergonomia, precis\u00e3o, durabilidade e praticidade.<\/p>\n<p>No segmento de cabelos, por exemplo, a dimens\u00e3o do mercado refor\u00e7a o potencial para ferramentas profissionais. Dados da <a href=\"https:\/\/www.abre.org.br\/inovacao\/modelos-de-negocio\/novas-categorias-em-hair-care-contribuem-para-receita-de-r-443-bilhoes-em-2024\/?utm_source=chatgpt.com\" target=\"_blank\">Euromonitor<\/a> apontam que o mercado brasileiro de hair care movimentou R$ 32,3 bilh\u00f5es em 2024, com proje\u00e7\u00e3o de chegar a R$ 44,3 bilh\u00f5es em 2029. A evolu\u00e7\u00e3o acompanha a diversifica\u00e7\u00e3o dos servi\u00e7os, que v\u00e3o de cortes e colora\u00e7\u00e3o a tratamentos, finaliza\u00e7\u00f5es e diferentes t\u00e9cnicas para tipos de fios.<\/p>\n<p>A multifuncionalidade tamb\u00e9m se consolida como tend\u00eancia. Produtos que facilitam diferentes etapas da rotina profissional, ocupam menos espa\u00e7o e podem ser utilizados em cabelos secos ou molhados atendem tanto ao sal\u00e3o quanto ao consumidor que busca praticidade em casa.<\/p>\n<p>Ergonomia e biosseguran\u00e7a aparecem como outros fatores importantes. Para profissionais que utilizam as mesmas ferramentas durante v\u00e1rias horas, conforto, facilidade de manuseio e higieniza\u00e7\u00e3o podem influenciar diretamente a escolha de compra.<\/p>\n<p><b>Santa Clara amplia portf\u00f3lio para acompanhar novas necessidades<\/b><\/p>\n<p>Esse movimento pode ser observado na estrat\u00e9gia da Santa Clara, empresa que atua no desenvolvimento e comercializa\u00e7\u00e3o de ferramentas e acess\u00f3rios para o mercado de beleza. Durante a Beauty Fair 2026, a marca apresenta lan\u00e7amentos e pr\u00e9-lan\u00e7amentos voltados a diferentes perfis de consumidores e profissionais.<\/p>\n<p>Entre os lan\u00e7amentos nacionais est\u00e3o tr\u00eas modelos de necessaires, a Mini Escova Texturizada, o Pincel de Cerdas Duplas, dispon\u00edvel em quatro cores, e um display com 50 pentes.<\/p>\n<p>A empresa tamb\u00e9m apresenta em pr\u00e9-lan\u00e7amento uma nova linha de escovas desenvolvida para cabelos secos e molhados, com modelos ventilados, compactos e voltados para desembara\u00e7ar e finalizar os fios. A linha inclui ainda uma nova vers\u00e3o da escova Pompadour.<\/p>\n<p>Outro destaque \u00e9 a Linha Ra\u00edzes, formada por escovas de madeira em diferentes tamanhos e acompanhada por dois carrinhos de madeira direcionados ao uso profissional. A proposta refor\u00e7a a combina\u00e7\u00e3o entre funcionalidade, materiais e apresenta\u00e7\u00e3o dos produtos.<\/p>\n<p>A Santa Clara tamb\u00e9m amplia sua atua\u00e7\u00e3o com a Santa Clarinha, linha voltada ao p\u00fablico infantil e de puericultura. O portf\u00f3lio inclui seringa nasal infantil e adulta de 30 ml, garrafa nasal com duas pontas ergon\u00f4micas, kit pente e escova para beb\u00ea e escova massageadora de gengiva em silicone.<\/p>\n<p>\u201cNossa participa\u00e7\u00e3o na Beauty Fair traduz um movimento de ampliar as possibilidades da marca, com solu\u00e7\u00f5es para diferentes momentos da rotina de beleza e para p\u00fablicos que est\u00e3o tanto no consumo quanto na atua\u00e7\u00e3o profissional. Os lan\u00e7amentos e pr\u00e9-lan\u00e7amentos refletem essa diversidade e mostram os caminhos que estamos construindo para a Santa Clara\u201d, afirma Andrei Borba, diretor de marketing da empresa.<\/p>\n<p><b>Experi\u00eancia ganha import\u00e2ncia no ponto de venda<\/b><\/p>\n<p>Al\u00e9m dos produtos, a experi\u00eancia de compra passa a fazer parte da estrat\u00e9gia das marcas. Na Beauty Fair, a Santa Clara aposta em ativa\u00e7\u00f5es como o Plinko Santa Clara, o Cliente Fiel, que pode oferecer 5% de desconto em compras acima de R$ 100 mediante crit\u00e9rios definidos pela marca, e a Ca\u00e7a ao QR Code, realizada nos dias 6 e 7 de setembro.<\/p>\n<p>A empresa tamb\u00e9m prepara um espa\u00e7o instagram\u00e1vel, ampliando a intera\u00e7\u00e3o com o p\u00fablico e criando oportunidades para que os visitantes compartilhem a experi\u00eancia nas redes sociais.<\/p>\n<p><b>Um mercado orientado por funcionalidade<\/b><\/p>\n<p>A evolu\u00e7\u00e3o do mercado de ferramentas profissionais acompanha uma mudan\u00e7a mais ampla no consumo de beleza. O profissional busca produtos que contribuam para efici\u00eancia e resultado, enquanto o consumidor final procura praticidade, durabilidade e solu\u00e7\u00f5es adequadas \u00e0s suas necessidades.<\/p>\n<p>A tend\u00eancia \u00e9 que categorias como cabelos, unhas e maquiagem continuem estimulando o desenvolvimento de ferramentas mais especializadas, ergon\u00f4micas e multifuncionais. Nesse contexto, empresas capazes de combinar inova\u00e7\u00e3o, funcionalidade e experi\u00eancia tendem a ganhar espa\u00e7o em um mercado cada vez mais segmentado e competitivo.<\/p>\n<p>Website: <a href=\"https:\/\/www.santaclara.ind.br\" target=\"_blank\">https:\/\/www.santaclara.ind.br<\/a><\/p>\n<p>Foto: Santa Clara foto divulga\u00e7\u00e3o<\/p>\n<p>A <b>OESP<\/b> n\u00e3o \u00e9(s\u00e3o) respons\u00e1vel(is) por erros, incorre\u00e7\u00f5es, atrasos ou quaisquer decis\u00f5es tomadas por seus clientes com base nos Conte\u00fados ora disponibilizados, bem como tais Conte\u00fados n\u00e3o representam a opini\u00e3o da <b>OESP<\/b> e s\u00e3o de inteira responsabilidade da <b>Knewin Dino<\/b><\/p>\n","protected":false},"excerpt":{"rendered":"O mercado brasileiro de beleza atravessa um per\u00edodo de expans\u00e3o e transforma\u00e7\u00e3o, impulsionado pelo crescimento do empreendedorismo, pela profissionaliza\u00e7\u00e3o dos servi\u00e7os e por consumidores cada","protected":false},"author":1,"featured_media":138377,"comment_status":"open","ping_status":"closed","sticky":false,"template":"","format":"standard","meta":{"_acf_changed":false,"inline_featured_image":false,"_monsterinsights_skip_tracking":false,"_monsterinsights_sitenote_active":false,"_monsterinsights_sitenote_note":"","_monsterinsights_sitenote_category":0,"footnotes":""},"categories":[11470],"tags":[12400,12391,112,300,12398],"class_list":["post-138376","post","type-post","status-publish","format-standard","has-post-thumbnail","hentry","category-knewin-dino","tag-atacado-e-varejo","tag-empreendedorismo","tag-marketing","tag-negocios","tag-saude-e-bem-estar"],"acf":[],"_links":{"self":[{"href":"https:\/\/bluestudio.estadao.com.br\/agencia-de-comunicacao\/wp-json\/wp\/v2\/posts\/138376","targetHints":{"allow":["GET"]}}],"collection":[{"href":"https:\/\/bluestudio.estadao.com.br\/agencia-de-comunicacao\/wp-json\/wp\/v2\/posts"}],"about":[{"href":"https:\/\/bluestudio.estadao.com.br\/agencia-de-comunicacao\/wp-json\/wp\/v2\/types\/post"}],"author":[{"embeddable":true,"href":"https:\/\/bluestudio.estadao.com.br\/agencia-de-comunicacao\/wp-json\/wp\/v2\/users\/1"}],"replies":[{"embeddable":true,"href":"https:\/\/bluestudio.estadao.com.br\/agencia-de-comunicacao\/wp-json\/wp\/v2\/comments?post=138376"}],"version-history":[{"count":0,"href":"https:\/\/bluestudio.estadao.com.br\/agencia-de-comunicacao\/wp-json\/wp\/v2\/posts\/138376\/revisions"}],"wp:featuredmedia":[{"embeddable":true,"href":"https:\/\/bluestudio.estadao.com.br\/agencia-de-comunicacao\/wp-json\/wp\/v2\/media\/138377"}],"wp:attachment":[{"href":"https:\/\/bluestudio.estadao.com.br\/agencia-de-comunicacao\/wp-json\/wp\/v2\/media?parent=138376"}],"wp:term":[{"taxonomy":"category","embeddable":true,"href":"https:\/\/bluestudio.estadao.com.br\/agencia-de-comunicacao\/wp-json\/wp\/v2\/categories?post=138376"},{"taxonomy":"post_tag","embeddable":true,"href":"https:\/\/bluestudio.estadao.com.br\/agencia-de-comunicacao\/wp-json\/wp\/v2\/tags?post=138376"}],"curies":[{"name":"wp","href":"https:\/\/api.w.org\/{rel}","templated":true}]}}