{"id":138368,"date":"2026-09-04T17:53:00","date_gmt":"2026-09-04T20:53:00","guid":{"rendered":"https:\/\/bluestudio.estadao.com.br\/agencia-de-comunicacao\/knewin-dino\/total-care-lidera-certificacoes-de-seguranca-do-paciente\/"},"modified":"2026-09-04T17:53:00","modified_gmt":"2026-09-04T20:53:00","slug":"total-care-lidera-certificacoes-de-seguranca-do-paciente","status":"publish","type":"post","link":"https:\/\/bluestudio.estadao.com.br\/agencia-de-comunicacao\/knewin-dino\/total-care-lidera-certificacoes-de-seguranca-do-paciente\/","title":{"rendered":"Total Care lidera certifica\u00e7\u00f5es de seguran\u00e7a do paciente"},"content":{"rendered":"<p>A Rede Total Care tornou\u2011se a institui\u00e7\u00e3o de sa\u00fade com o maior n\u00famero absoluto de hospitais certificados pelo Selo Seguran\u00e7a do Paciente 2026, reconhecimento concedido pela Epimed Solutions em parceria com o Instituto Brasileiro para Seguran\u00e7a do Paciente (IBSP). A certifica\u00e7\u00e3o, v\u00e1lida em todo o territ\u00f3rio nacional, foi atribu\u00edda em 2026 e abrangeu tanto unidades hospitalares quanto servi\u00e7os extra\u2011hospitalares da rede.<\/p>\n<p>Al\u00e9m dos hospitais, a certifica\u00e7\u00e3o incluiu ambulat\u00f3rios, pronto\u2011atendimentos, servi\u00e7os de home care, resgate e unidades de oftalmologia, sendo a \u00fanica rede do pa\u00eds a ter oftalmologia contemplada pelo selo. O resultado evidencia a aplica\u00e7\u00e3o de protocolos de seguran\u00e7a ao longo de toda a jornada assistencial.<\/p>\n<p>Os crit\u00e9rios exigidos para a certifica\u00e7\u00e3o contemplam indicadores de gest\u00e3o de incidentes, como percentual de notifica\u00e7\u00f5es corretamente classificadas, tempo m\u00e9dio de identifica\u00e7\u00e3o precoce de situa\u00e7\u00f5es de risco e agilidade na conclus\u00e3o das investiga\u00e7\u00f5es. Todo o processo \u00e9 registrado e monitorado na plataforma Epimed, em conformidade com a RDC n\u00ba 36\/2013 da Ag\u00eancia Nacional de Vigil\u00e2ncia Sanit\u00e1ria (Anvisa), que estabelece diretrizes para a seguran\u00e7a do paciente nos servi\u00e7os de sa\u00fade.<\/p>\n<p>Naiana Cunha, diretora-executiva de Governan\u00e7a Cl\u00ednica e Oftalmologia da Rede Total Care, afirmou que o reconhecimento reflete a maturidade dos processos e o engajamento das equipes, destacando a import\u00e2ncia de estender a conquista \u00e0s opera\u00e7\u00f5es de home care, resgate e oftalmologia. Anderson Nascimento, CEO da rede, ressaltou que o maior n\u00famero de hospitais certificados demonstra a capacidade de conduzir a estrat\u00e9gia de crescimento baseada em indicadores, transpar\u00eancia e melhoria cont\u00ednua.<\/p>\n<p>Com hospitais distribu\u00eddos em diferentes regi\u00f5es do Brasil, a rede pretende ampliar continuamente as iniciativas de qualidade e seguran\u00e7a, buscando reduzir riscos e elevar os padr\u00f5es de cuidado. A lista de unidades certificadas inclui hospitais como Ana Costa, Carlos Chagas, Cl\u00ednica de Caieiras, Cl\u00ednicas de Jacarepagu\u00e1, Mario Lioni, Ipiranga Aruj\u00e1, Ipiranga Mogi, Luz Vila Mariana, Monte Klinikum, Pan Americano, Pasteur, Paulistano, Pitangueiras, Promater, Santa Helena (Santo Andr\u00e9, S\u00e3o Bernardo), Santa L\u00facia, Vit\u00f3ria An\u00e1lia Franco e a Maternidade Santa Helena. Na \u00e1rea de oftalmologia, as unidades Eye Clinic Moema e Eye Clinic Morumbi tamb\u00e9m receberam o selo.<\/p>\n<p>Website: <a href=\"https:\/\/redetotalcare.com.br\/\" target=\"_blank\">https:\/\/redetotalcare.com.br\/<\/a><\/p>\n<p>Foto: Cr\u00e9ditos\/Autoria: Shutterstock<\/p>\n<p>A <b>OESP<\/b> n\u00e3o \u00e9(s\u00e3o) respons\u00e1vel(is) por erros, incorre\u00e7\u00f5es, atrasos ou quaisquer decis\u00f5es tomadas por seus clientes com base nos Conte\u00fados ora disponibilizados, bem como tais Conte\u00fados n\u00e3o representam a opini\u00e3o da <b>OESP<\/b> e s\u00e3o de inteira responsabilidade da <b>Knewin Dino<\/b><\/p>\n","protected":false},"excerpt":{"rendered":"A Rede Total Care tornou\u2011se a institui\u00e7\u00e3o de sa\u00fade com o maior n\u00famero absoluto de hospitais certificados pelo Selo Seguran\u00e7a do Paciente 2026, reconhecimento concedido pela Epimed Solutions em","protected":false},"author":1,"featured_media":138369,"comment_status":"open","ping_status":"closed","sticky":false,"template":"","format":"standard","meta":{"_acf_changed":false,"inline_featured_image":false,"_monsterinsights_skip_tracking":false,"_monsterinsights_sitenote_active":false,"_monsterinsights_sitenote_note":"","_monsterinsights_sitenote_category":0,"footnotes":""},"categories":[11470],"tags":[101,112,12414,300,12398],"class_list":["post-138368","post","type-post","status-publish","format-standard","has-post-thumbnail","hentry","category-knewin-dino","tag-economia","tag-marketing","tag-midia","tag-negocios","tag-saude-e-bem-estar"],"acf":[],"_links":{"self":[{"href":"https:\/\/bluestudio.estadao.com.br\/agencia-de-comunicacao\/wp-json\/wp\/v2\/posts\/138368","targetHints":{"allow":["GET"]}}],"collection":[{"href":"https:\/\/bluestudio.estadao.com.br\/agencia-de-comunicacao\/wp-json\/wp\/v2\/posts"}],"about":[{"href":"https:\/\/bluestudio.estadao.com.br\/agencia-de-comunicacao\/wp-json\/wp\/v2\/types\/post"}],"author":[{"embeddable":true,"href":"https:\/\/bluestudio.estadao.com.br\/agencia-de-comunicacao\/wp-json\/wp\/v2\/users\/1"}],"replies":[{"embeddable":true,"href":"https:\/\/bluestudio.estadao.com.br\/agencia-de-comunicacao\/wp-json\/wp\/v2\/comments?post=138368"}],"version-history":[{"count":0,"href":"https:\/\/bluestudio.estadao.com.br\/agencia-de-comunicacao\/wp-json\/wp\/v2\/posts\/138368\/revisions"}],"wp:featuredmedia":[{"embeddable":true,"href":"https:\/\/bluestudio.estadao.com.br\/agencia-de-comunicacao\/wp-json\/wp\/v2\/media\/138369"}],"wp:attachment":[{"href":"https:\/\/bluestudio.estadao.com.br\/agencia-de-comunicacao\/wp-json\/wp\/v2\/media?parent=138368"}],"wp:term":[{"taxonomy":"category","embeddable":true,"href":"https:\/\/bluestudio.estadao.com.br\/agencia-de-comunicacao\/wp-json\/wp\/v2\/categories?post=138368"},{"taxonomy":"post_tag","embeddable":true,"href":"https:\/\/bluestudio.estadao.com.br\/agencia-de-comunicacao\/wp-json\/wp\/v2\/tags?post=138368"}],"curies":[{"name":"wp","href":"https:\/\/api.w.org\/{rel}","templated":true}]}}