{"id":138366,"date":"2026-09-04T17:56:00","date_gmt":"2026-09-04T20:56:00","guid":{"rendered":"https:\/\/bluestudio.estadao.com.br\/agencia-de-comunicacao\/knewin-dino\/sobam-saude-e-finalista-do-premio-reclame-2026\/"},"modified":"2026-09-04T17:56:00","modified_gmt":"2026-09-04T20:56:00","slug":"sobam-saude-e-finalista-do-premio-reclame-2026","status":"publish","type":"post","link":"https:\/\/bluestudio.estadao.com.br\/agencia-de-comunicacao\/knewin-dino\/sobam-saude-e-finalista-do-premio-reclame-2026\/","title":{"rendered":"Sobam Sa\u00fade \u00e9 finalista do Pr\u00eamio Reclame 2026"},"content":{"rendered":"<p>A operadora Sobam Sa\u00fade, com sede em Jundia\u00ed (SP), foi inclu\u00edda entre os finalistas do Pr\u00eamio Reclame Aqui 2026 na categoria Operadoras. O reconhecimento decorre da avalia\u00e7\u00e3o das reclama\u00e7\u00f5es registradas pelos usu\u00e1rios na plataforma Reclame Aqui, que considera indicadores como \u00edndice de solu\u00e7\u00e3o e nota de satisfa\u00e7\u00e3o.<\/p>\n<p>A empresa atua de forma regional, concentrando sua rede em cidades de m\u00e9dio e grande porte fora da capital paulista, e compete neste certame com operadoras de alcance nacional.<\/p>\n<p>Segundo Jos\u00e9 Donizete, diretor da Sobam Sa\u00fade, a indica\u00e7\u00e3o demonstra que a atua\u00e7\u00e3o fora dos grandes centros permite um contato mais pr\u00f3ximo com os benefici\u00e1rios, o que favorece a personaliza\u00e7\u00e3o do atendimento. \u201cA Sobam nasceu para atender Jundia\u00ed e regi\u00e3o com a mesma seriedade que se espera de uma operadora de grande porte. Chegar a essa final mostra que conseguimos aliar proximidade e qualidade\u201d, afirmou.<\/p>\n<p>Juliana Pereira, vice\u2011presidente de clientes, atribui o resultado a mudan\u00e7as nos processos voltados \u00e0 qualidade assistencial. \u201cTrabalhamos continuamente na escuta ativa do paciente, desde o primeiro contato at\u00e9 a alta. Cada reclama\u00e7\u00e3o registrada vira um ponto de melhoria concreto, e isso se reflete tanto na nota quanto na taxa de solu\u00e7\u00e3o dos casos\u201d, explicou.<\/p>\n<p>Anderson Nascimento, CEO da Rede Total Care, ressaltou que o desempenho refor\u00e7a a estrat\u00e9gia de integrar operadoras e hospitais, independentemente do porte da cidade. \u201cEsse \u00e9 o reconhecimento de um trabalho di\u00e1rio, constru\u00eddo por equipes comprometidas em oferecer um atendimento mais humano, \u00e1gil e resolutivo, seja em uma operadora regional, seja em um grande hospital da capital\u201d, concluiu.<\/p>\n<p>A Sobam Sa\u00fade, fundada em 1968, integra a Rede Total Care e atende cerca de 111 mil benefici\u00e1rios, oferecendo rede assistencial que abrange aten\u00e7\u00e3o prim\u00e1ria at\u00e9 alta complexidade. A Rede Total Care, vinculada ao Grupo Amil, re\u00fane hospitais e servi\u00e7os de sa\u00fade com foco em inova\u00e7\u00e3o, efici\u00eancia e cuidado humanizado.<\/p>\n<p>Website: <a href=\"https:\/\/redetotalcare.com.br\/\" target=\"_blank\">https:\/\/redetotalcare.com.br\/<\/a><\/p>\n<p>Foto: Cr\u00e9ditos\/Autoria: Shutterstock<\/p>\n<p>A <b>OESP<\/b> n\u00e3o \u00e9(s\u00e3o) respons\u00e1vel(is) por erros, incorre\u00e7\u00f5es, atrasos ou quaisquer decis\u00f5es tomadas por seus clientes com base nos Conte\u00fados ora disponibilizados, bem como tais Conte\u00fados n\u00e3o representam a opini\u00e3o da <b>OESP<\/b> e s\u00e3o de inteira responsabilidade da <b>Knewin Dino<\/b><\/p>\n","protected":false},"excerpt":{"rendered":"A operadora Sobam Sa\u00fade, com sede em Jundia\u00ed (SP), foi inclu\u00edda entre os finalistas do Pr\u00eamio Reclame Aqui 2026 na categoria Operadoras. O reconhecimento decorre da avalia\u00e7\u00e3o das reclama\u00e7\u00f5es","protected":false},"author":1,"featured_media":138367,"comment_status":"open","ping_status":"closed","sticky":false,"template":"","format":"standard","meta":{"_acf_changed":false,"inline_featured_image":false,"_monsterinsights_skip_tracking":false,"_monsterinsights_sitenote_active":false,"_monsterinsights_sitenote_note":"","_monsterinsights_sitenote_category":0,"footnotes":""},"categories":[11470],"tags":[101,112,12414,300,12398],"class_list":["post-138366","post","type-post","status-publish","format-standard","has-post-thumbnail","hentry","category-knewin-dino","tag-economia","tag-marketing","tag-midia","tag-negocios","tag-saude-e-bem-estar"],"acf":[],"_links":{"self":[{"href":"https:\/\/bluestudio.estadao.com.br\/agencia-de-comunicacao\/wp-json\/wp\/v2\/posts\/138366","targetHints":{"allow":["GET"]}}],"collection":[{"href":"https:\/\/bluestudio.estadao.com.br\/agencia-de-comunicacao\/wp-json\/wp\/v2\/posts"}],"about":[{"href":"https:\/\/bluestudio.estadao.com.br\/agencia-de-comunicacao\/wp-json\/wp\/v2\/types\/post"}],"author":[{"embeddable":true,"href":"https:\/\/bluestudio.estadao.com.br\/agencia-de-comunicacao\/wp-json\/wp\/v2\/users\/1"}],"replies":[{"embeddable":true,"href":"https:\/\/bluestudio.estadao.com.br\/agencia-de-comunicacao\/wp-json\/wp\/v2\/comments?post=138366"}],"version-history":[{"count":0,"href":"https:\/\/bluestudio.estadao.com.br\/agencia-de-comunicacao\/wp-json\/wp\/v2\/posts\/138366\/revisions"}],"wp:featuredmedia":[{"embeddable":true,"href":"https:\/\/bluestudio.estadao.com.br\/agencia-de-comunicacao\/wp-json\/wp\/v2\/media\/138367"}],"wp:attachment":[{"href":"https:\/\/bluestudio.estadao.com.br\/agencia-de-comunicacao\/wp-json\/wp\/v2\/media?parent=138366"}],"wp:term":[{"taxonomy":"category","embeddable":true,"href":"https:\/\/bluestudio.estadao.com.br\/agencia-de-comunicacao\/wp-json\/wp\/v2\/categories?post=138366"},{"taxonomy":"post_tag","embeddable":true,"href":"https:\/\/bluestudio.estadao.com.br\/agencia-de-comunicacao\/wp-json\/wp\/v2\/tags?post=138366"}],"curies":[{"name":"wp","href":"https:\/\/api.w.org\/{rel}","templated":true}]}}