{"id":138341,"date":"2026-09-04T13:39:00","date_gmt":"2026-09-04T16:39:00","guid":{"rendered":"https:\/\/bluestudio.estadao.com.br\/agencia-de-comunicacao\/knewin-dino\/electrolux-capta-r-300-milhoes-do-bndes-com-apoio-da-macke\/"},"modified":"2026-09-04T13:39:00","modified_gmt":"2026-09-04T16:39:00","slug":"electrolux-capta-r-300-milhoes-do-bndes-com-apoio-da-macke","status":"publish","type":"post","link":"https:\/\/bluestudio.estadao.com.br\/agencia-de-comunicacao\/knewin-dino\/electrolux-capta-r-300-milhoes-do-bndes-com-apoio-da-macke\/","title":{"rendered":"Electrolux capta R$ 300 milh\u00f5es do BNDES com apoio da Macke"},"content":{"rendered":"<p>O Banco Nacional de Desenvolvimento Econ\u00f4mico e Social (BNDES) aprovou R$ 300 milh\u00f5es em financiamento para apoiar o plano de pesquisa, desenvolvimento e inova\u00e7\u00e3o (PD&amp;I) do Electrolux Group no Brasil. A opera\u00e7\u00e3o ser\u00e1 realizada por meio do programa BNDES Mais Inova\u00e7\u00e3o, que oferece condi\u00e7\u00f5es financeiras diferenciadas e taxas competitivas para investimentos empresariais em inova\u00e7\u00e3o.<\/p>\n<p>Os recursos ser\u00e3o destinados ao desenvolvimento de tecnologias para 26 produtos, incluindo refrigeradores, aparelhos de ar-condicionado, fornos, airfryers, cafeteiras, purificadores de \u00e1gua, aspiradores e rob\u00f4s aspiradores.<\/p>\n<p>Entre as frentes previstas est\u00e3o aplica\u00e7\u00f5es de intelig\u00eancia artificial, efici\u00eancia energ\u00e9tica e novas tecnologias para melhoria de desempenho dos produtos. As atividades ser\u00e3o conduzidas principalmente pelo Centro de Inova\u00e7\u00e3o do Electrolux Group, em Curitiba (PR), com participa\u00e7\u00e3o das unidades de S\u00e3o Jos\u00e9 dos Pinhais (PR) e Manaus (AM).<\/p>\n<p>Nos refrigeradores, por exemplo, est\u00e3o em desenvolvimento solu\u00e7\u00f5es com potencial de reduzir em at\u00e9 40% o consumo de energia, al\u00e9m de algoritmos de intelig\u00eancia artificial voltados ao controle de temperatura e umidade.<\/p>\n<p>O novo ciclo de investimentos ocorre no ano em que o Electrolux Group completa 100 anos de atua\u00e7\u00e3o no Brasil e refor\u00e7a o papel da opera\u00e7\u00e3o brasileira no desenvolvimento de tecnologias para o mercado nacional e para outros pa\u00edses da Am\u00e9rica Latina.<\/p>\n<p>Segundo Eduardo Mello, CEO do Electrolux Group Am\u00e9rica Latina, o investimento representa parte da estrat\u00e9gia da companhia para os pr\u00f3ximos anos.<\/p>\n<p>\u201cCompletar 100 anos de hist\u00f3ria no Brasil liderando a transforma\u00e7\u00e3o em sustentabilidade e tecnologia \u00e9 motivo de enorme orgulho para o Electrolux Group. Este investimento de R$ 300 milh\u00f5es simboliza parte da nossa vis\u00e3o para os pr\u00f3ximos anos: entregar aos lares brasileiros produtos cada vez mais inteligentes, eficientes e alinhados \u00e0s exig\u00eancias ambientais do planeta\u201d, afirma Mello.<\/p>\n<p><b>Inova\u00e7\u00e3o desenvolvida no Brasil<\/b><\/p>\n<p>A estrutura brasileira do Electrolux Group ocupa um papel relevante no desenvolvimento de solu\u00e7\u00f5es voltadas \u00e0s necessidades dos consumidores da regi\u00e3o. O novo plano de PD&amp;I amplia essa capacidade ao reunir diferentes frentes tecnol\u00f3gicas em um mesmo ciclo de investimento, conectando pesquisa, desenvolvimento de produto, efici\u00eancia e digitaliza\u00e7\u00e3o.<\/p>\n<p>Al\u00e9m do mercado brasileiro, parte das solu\u00e7\u00f5es desenvolvidas poder\u00e1 apoiar produtos destinados a outros pa\u00edses da Am\u00e9rica Latina. Isso refor\u00e7a o papel do Brasil n\u00e3o apenas como base produtiva, mas tamb\u00e9m como polo de desenvolvimento tecnol\u00f3gico dentro da estrat\u00e9gia regional da companhia.<\/p>\n<p>\u201cO Brasil se consolidou como um polo de intelig\u00eancia e desenvolvimento tecnol\u00f3gico de extrema relev\u00e2ncia para o Grupo na Am\u00e9rica Latina. A estrutura do nosso Centro de Inova\u00e7\u00e3o e a alta capacidade t\u00e9cnica dos nossos times nos permitem criar solu\u00e7\u00f5es de ponta do in\u00edcio ao fim. Esse investimento amplia de forma expressiva nosso potencial de P&amp;D, acelerando o lan\u00e7amento de produtos mais inteligentes, eficientes e evoluindo com os h\u00e1bitos do consumidor\u201d, destaca Eduardo Mello.<\/p>\n<p><b>Estrat\u00e9gia de funding<\/b><\/p>\n<p>A nova aprova\u00e7\u00e3o d\u00e1 continuidade \u00e0 estrat\u00e9gia de financiamento \u00e0 inova\u00e7\u00e3o do Electrolux Group em 2026. Em mar\u00e7o, a companhia j\u00e1 havia anunciado R$ 250 milh\u00f5es em recursos da Finep para projetos de inova\u00e7\u00e3o. Com os R$ 300 milh\u00f5es agora aprovados pelo BNDES, as duas opera\u00e7\u00f5es somam R$ 550 milh\u00f5es em financiamentos voltados a PD&amp;I no ano, ambas estruturadas com o apoio da Macke Consultoria.<\/p>\n<p>\u201cA inova\u00e7\u00e3o exige vis\u00e3o de longo prazo e uma estrutura financeira s\u00f3lida para se sustentar ao longo do tempo. O apoio a projetos de alta complexidade tecnol\u00f3gica por meio de instrumentos de financiamento adequados fortalece nossa capacidade de investimento cont\u00ednuo, gerando impactos diretos na competitividade da empresa e impulsionando nosso crescimento sustent\u00e1vel no mercado\u201d, finaliza Mello.<\/p>\n<p>Para <a href=\"https:\/\/www.linkedin.com\/in\/andr%C3%A9-moro-maieski-9426678\/\" target=\"_blank\">Andr\u00e9 Moro Maieski<\/a>, s\u00f3cio-fundador da Macke Consultoria, o resultado mostra a import\u00e2ncia de tratar o funding como parte do planejamento de inova\u00e7\u00e3o das empresas.<\/p>\n<p>\u201cQuando uma companhia possui uma agenda cont\u00ednua de inova\u00e7\u00e3o, a estrat\u00e9gia de financiamento tamb\u00e9m precisa acompanhar esse planejamento. BNDES e Finep possuem instrumentos com caracter\u00edsticas diferentes, e a escolha da estrutura mais aderente a cada projeto pode ampliar significativamente a capacidade de investimento\u201d, destaca Maieski.<\/p>\n<p>Segundo ele, o momento de analisar as alternativas de financiamento deve acontecer antes da execu\u00e7\u00e3o dos investimentos.<\/p>\n<p>\u201cProjetos de PD&amp;I normalmente exigem ciclos mais longos e volumes relevantes de capital. Quando funding, estrat\u00e9gia tecnol\u00f3gica e planejamento financeiro s\u00e3o avaliados em conjunto, a empresa consegue estruturar melhor seus projetos e aproveitar de forma mais eficiente os instrumentos dispon\u00edveis\u201d, acrescenta.<\/p>\n<p>A Macke Consultoria atua h\u00e1 mais de 17 anos na estrutura\u00e7\u00e3o de projetos de inova\u00e7\u00e3o e capta\u00e7\u00e3o de recursos, apoiando empresas no acesso a instrumentos como BNDES, Finep e incentivos fiscais voltados a PD&amp;I.<\/p>\n<p><b>Sobre o Electrolux Group<\/b><\/p>\n<p>O <a href=\"http:\/\/www.electroluxgroup.com\" target=\"_blank\">Electrolux Group<\/a> \u00e9 um grupo global l\u00edder em eletroport\u00e1teis, que h\u00e1 mais de 100 anos transforma a vida das pessoas para melhor. A companhia reinventa experi\u00eancias de sabor, cuidado e bem-estar para milh\u00f5es de consumidores, mantendo a sustentabilidade presente em suas solu\u00e7\u00f5es e opera\u00e7\u00f5es.<\/p>\n<p>Por meio de marcas como Electrolux, AEG e Frigidaire, o Grupo comercializa produtos em mais de 120 mercados. No Brasil, a Electrolux est\u00e1 presente em quase 70% dos lares e \u00e9 a marca n\u00ba 1 em vendas de eletrodom\u00e9sticos no pa\u00eds, combinando tecnologia que simplifica a rotina di\u00e1ria e design integrado \u00e0 casa para proporcionar experi\u00eancias mais pr\u00e1ticas, intuitivas e agrad\u00e1veis.<\/p>\n<p>No pa\u00eds, o Grupo tamb\u00e9m conta com a marca Continental, adquirida em 2017 para fortalecer sua atua\u00e7\u00e3o na regi\u00e3o.<\/p>\n<p>Para mais informa\u00e7\u00f5es, basta acessar: <a href=\"http:\/\/www.electroluxgroup.com\" target=\"_blank\">www.electroluxgroup.com<\/a><\/p>\n<p>Contato para imprensa:\u00a0<a href=\"mailto:imprensa.electrolux@inpresspni.com.br\" target=\"_blank\">imprensa.electrolux@inpresspni.com.br<\/a><\/p>\n<p>Website: <a href=\"https:\/\/www.mackeconsultoria.com.br\" target=\"_blank\">https:\/\/www.mackeconsultoria.com.br<\/a><\/p>\n<p>Foto: Imagem divulga\u00e7\u00e3o Electrolux<\/p>\n<p>A <b>OESP<\/b> n\u00e3o \u00e9(s\u00e3o) respons\u00e1vel(is) por erros, incorre\u00e7\u00f5es, atrasos ou quaisquer decis\u00f5es tomadas por seus clientes com base nos Conte\u00fados ora disponibilizados, bem como tais Conte\u00fados n\u00e3o representam a opini\u00e3o da <b>OESP<\/b> e s\u00e3o de inteira responsabilidade da <b>Knewin Dino<\/b><\/p>\n","protected":false},"excerpt":{"rendered":"O Banco Nacional de Desenvolvimento Econ\u00f4mico e Social (BNDES) aprovou R$ 300 milh\u00f5es em financiamento para apoiar o plano de pesquisa, desenvolvimento e inova\u00e7\u00e3o (PD&amp;I) do Electrolux Group no","protected":false},"author":1,"featured_media":138342,"comment_status":"open","ping_status":"closed","sticky":false,"template":"","format":"standard","meta":{"_acf_changed":false,"inline_featured_image":false,"_monsterinsights_skip_tracking":false,"_monsterinsights_sitenote_active":false,"_monsterinsights_sitenote_note":"","_monsterinsights_sitenote_category":0,"footnotes":""},"categories":[11470],"tags":[101,12407,300,12170,47],"class_list":["post-138341","post","type-post","status-publish","format-standard","has-post-thumbnail","hentry","category-knewin-dino","tag-economia","tag-industrias","tag-negocios","tag-sustentabilidade","tag-tecnologia"],"acf":[],"_links":{"self":[{"href":"https:\/\/bluestudio.estadao.com.br\/agencia-de-comunicacao\/wp-json\/wp\/v2\/posts\/138341","targetHints":{"allow":["GET"]}}],"collection":[{"href":"https:\/\/bluestudio.estadao.com.br\/agencia-de-comunicacao\/wp-json\/wp\/v2\/posts"}],"about":[{"href":"https:\/\/bluestudio.estadao.com.br\/agencia-de-comunicacao\/wp-json\/wp\/v2\/types\/post"}],"author":[{"embeddable":true,"href":"https:\/\/bluestudio.estadao.com.br\/agencia-de-comunicacao\/wp-json\/wp\/v2\/users\/1"}],"replies":[{"embeddable":true,"href":"https:\/\/bluestudio.estadao.com.br\/agencia-de-comunicacao\/wp-json\/wp\/v2\/comments?post=138341"}],"version-history":[{"count":0,"href":"https:\/\/bluestudio.estadao.com.br\/agencia-de-comunicacao\/wp-json\/wp\/v2\/posts\/138341\/revisions"}],"wp:featuredmedia":[{"embeddable":true,"href":"https:\/\/bluestudio.estadao.com.br\/agencia-de-comunicacao\/wp-json\/wp\/v2\/media\/138342"}],"wp:attachment":[{"href":"https:\/\/bluestudio.estadao.com.br\/agencia-de-comunicacao\/wp-json\/wp\/v2\/media?parent=138341"}],"wp:term":[{"taxonomy":"category","embeddable":true,"href":"https:\/\/bluestudio.estadao.com.br\/agencia-de-comunicacao\/wp-json\/wp\/v2\/categories?post=138341"},{"taxonomy":"post_tag","embeddable":true,"href":"https:\/\/bluestudio.estadao.com.br\/agencia-de-comunicacao\/wp-json\/wp\/v2\/tags?post=138341"}],"curies":[{"name":"wp","href":"https:\/\/api.w.org\/{rel}","templated":true}]}}