{"id":138328,"date":"2026-09-04T10:41:00","date_gmt":"2026-09-04T13:41:00","guid":{"rendered":"https:\/\/bluestudio.estadao.com.br\/agencia-de-comunicacao\/knewin-dino\/medicao-inteligente-exige-novas-competencias-profissionais\/"},"modified":"2026-09-04T10:41:00","modified_gmt":"2026-09-04T13:41:00","slug":"medicao-inteligente-exige-novas-competencias-profissionais","status":"publish","type":"post","link":"https:\/\/bluestudio.estadao.com.br\/agencia-de-comunicacao\/knewin-dino\/medicao-inteligente-exige-novas-competencias-profissionais\/","title":{"rendered":"Medi\u00e7\u00e3o inteligente exige novas compet\u00eancias profissionais"},"content":{"rendered":"<p>A digitaliza\u00e7\u00e3o do setor el\u00e9trico brasileiro avan\u00e7a e amplia a necessidade de profissionais preparados para lidar com novas tecnologias, processos e volumes de dados. A expans\u00e3o da medi\u00e7\u00e3o inteligente, o uso de sistemas de telemedi\u00e7\u00e3o, a integra\u00e7\u00e3o entre plataformas e o avan\u00e7o do mercado livre de energia est\u00e3o transformando atividades que abrangem desde o trabalho em campo at\u00e9 a gest\u00e3o e an\u00e1lise das informa\u00e7\u00f5es de consumo.<\/p>\n<p>Em 2026, o <a href=\"https:\/\/www.gov.br\/mme\/pt-br\/acesso-a-informacao\/legislacao\/portarias\/2026\/portaria-normativa-mme-n-126-2026.pdf\" target=\"_blank\">Minist\u00e9rio de Minas e Energia<\/a> (MME) estabeleceu uma evolu\u00e7\u00e3o adicional m\u00ednima na digitaliza\u00e7\u00e3o das redes de distribui\u00e7\u00e3o, com medi\u00e7\u00e3o inteligente, equivalente a 2% ao ano das unidades consumidoras, durante 24 meses, inicialmente, nas \u00e1reas de concess\u00e3o. O movimento refor\u00e7a a necessidade de profissionais capazes de instalar, configurar, operar, monitorar e extrair valores e an\u00e1lises dos dados gerados pela infraestrutura de medi\u00e7\u00e3o.<\/p>\n<p>A transforma\u00e7\u00e3o tamb\u00e9m amplia o escopo de conhecimento necess\u00e1rio para atuar na \u00e1rea. Al\u00e9m dos aspectos relacionados \u00e0 instala\u00e7\u00e3o e leitura dos equipamentos, as equipes passam a lidar com conectividade, qualidade dos dados, gest\u00e3o de alarmes, integra\u00e7\u00e3o entre sistemas, governan\u00e7a, seguran\u00e7a e an\u00e1lise online das informa\u00e7\u00f5es.<\/p>\n<p>Na pr\u00e1tica, isso significa que o conhecimento sobre medi\u00e7\u00e3o deixa de estar restrito ao equipamento. O profissional precisa compreender toda a jornada do dado: desde a medi\u00e7\u00e3o e comunica\u00e7\u00e3o at\u00e9 sua utiliza\u00e7\u00e3o em processos como faturamento, opera\u00e7\u00e3o, atendimento, gest\u00e3o de perdas e tomada de decis\u00e3o.<\/p>\n<p>Esse cen\u00e1rio tamb\u00e9m est\u00e1 relacionado ao grande volume e \u00e0 variedade de informa\u00e7\u00f5es geradas pela infraestrutura de medi\u00e7\u00e3o inteligente, em grandes, m\u00e9dios e pequenos consumidores. Os medidores inteligentes multitarif\u00e1rios geram grande volume de dados, com registros de consumo por faixa hor\u00e1ria, gera\u00e7\u00e3o distribu\u00edda, como pain\u00e9is solares e geradores e\u00f3licos, e qualidade da energia fornecida pela concession\u00e1ria.<\/p>\n<p><b>Novas compet\u00eancias ganham espa\u00e7o<\/b><\/p>\n<p>A mudan\u00e7a alcan\u00e7a diferentes \u00e1reas das empresas do setor el\u00e9trico. T\u00e9cnicos de campo e de manuten\u00e7\u00e3o precisam lidar com configura\u00e7\u00e3o, parametriza\u00e7\u00e3o, comunica\u00e7\u00e3o e diagn\u00f3stico de equipamentos. Analistas de telemedi\u00e7\u00e3o trabalham com monitoramento, alarmes, dados faltantes e recupera\u00e7\u00e3o de comunica\u00e7\u00e3o. J\u00e1 equipes de medi\u00e7\u00e3o e faturamento precisam garantir a consist\u00eancia e a rastreabilidade das informa\u00e7\u00f5es utilizadas nos processos operacionais.<\/p>\n<p>Tamb\u00e9m ganham relev\u00e2ncia conhecimentos relacionados \u00e0 medi\u00e7\u00e3o de fronteira e ao mercado livre. Nesse contexto, os profissionais envolvidos precisam compreender processos como parametriza\u00e7\u00e3o de medidores, comunica\u00e7\u00e3o, comissionamento, cadastro e atendimento aos procedimentos da <a href=\"https:\/\/www.ccee.org.br\/en\/web\/guest\/mercado\/medicao\" target=\"_blank\">C\u00e2mara de Comercializa\u00e7\u00e3o de Energia El\u00e9trica (CCEE)<\/a>.<\/p>\n<p>Outra frente \u00e9 o uso de dados para identifica\u00e7\u00e3o de anomalias e recupera\u00e7\u00e3o de receita. Analytics e intelig\u00eancia artificial podem apoiar a prioriza\u00e7\u00e3o de casos, a identifica\u00e7\u00e3o de oportunidades de inspe\u00e7\u00e3o e o acompanhamento dos resultados das a\u00e7\u00f5es realizadas pelas equipes.<\/p>\n<p>Esse cen\u00e1rio aumenta a import\u00e2ncia da atualiza\u00e7\u00e3o profissional e de treinamentos que estejam pr\u00f3ximos da realidade operacional das empresas. Mais do que conhecer conceitos, os profissionais precisam desenvolver compet\u00eancias aplic\u00e1veis \u00e0s situa\u00e7\u00f5es encontradas no dia a dia.<\/p>\n<p><b>Treinamento acompanha transforma\u00e7\u00e3o tecnol\u00f3gica<\/b><\/p>\n<p>\u00c9 nesse contexto que iniciativas de capacita\u00e7\u00e3o voltadas ao setor el\u00e9trico ganham espa\u00e7o. A <a href=\"https:\/\/academy.cas.com.br\/\" target=\"_blank\">CAS Academy<\/a>, plataforma de treinamentos da <a href=\"https:\/\/www.castecnologia.com.br\/\" target=\"_blank\">CAS Tecnologia<\/a>, re\u00fane conte\u00fados direcionados a diferentes etapas da jornada de medi\u00e7\u00e3o, desde a instala\u00e7\u00e3o e configura\u00e7\u00e3o de equipamentos at\u00e9 a gest\u00e3o de dados, medi\u00e7\u00e3o de fronteira e aplica\u00e7\u00e3o de intelig\u00eancia artificial na recupera\u00e7\u00e3o de receita.<\/p>\n<p>A plataforma oferece treinamentos relacionados \u00e0s remotas inteligentes RS2000, \u00e0 Plataforma Hemera, \u00e0 medi\u00e7\u00e3o de fronteira, a grandes clientes, \u00e0 medi\u00e7\u00e3o residencial inteligente, \u00e0 gest\u00e3o da medi\u00e7\u00e3o e \u00e0 intelig\u00eancia artificial aplicada na garantia da receita.<\/p>\n<p>A proposta \u00e9 atender diferentes perfis profissionais e necessidades de desenvolvimento, acompanhando a evolu\u00e7\u00e3o das atividades relacionadas \u00e0 medi\u00e7\u00e3o inteligente. Entre os p\u00fablicos est\u00e3o profissionais de campo, telemedi\u00e7\u00e3o, gest\u00e3o dos dados de medi\u00e7\u00e3o, faturamento, TI e integra\u00e7\u00e3o de sistemas, especialistas em fronteira, analistas de receita e gestores.<\/p>\n<p><b>Dados de medi\u00e7\u00e3o ganham papel estrat\u00e9gico<\/b><\/p>\n<p>\u00c0 medida que medidores inteligentes, dispositivos de comunica\u00e7\u00e3o e plataformas de gest\u00e3o passam a fazer parte da infraestrutura das distribuidoras, os dados gerados por esses sistemas assumem um papel cada vez mais relevante.<\/p>\n<p>Informa\u00e7\u00f5es sobre consumo, eventos, alarmes, disponibilidade e qualidade das leituras podem apoiar processos de faturamento, opera\u00e7\u00e3o, identifica\u00e7\u00e3o de potenciais perdas e planejamento. Para isso, entretanto, \u00e9 necess\u00e1rio garantir n\u00e3o apenas a disponibilidade dos dados, mas tamb\u00e9m sua qualidade, consist\u00eancia e correta interpreta\u00e7\u00e3o.<\/p>\n<p>A prepara\u00e7\u00e3o das equipes passa, portanto, a acompanhar a transforma\u00e7\u00e3o tecnol\u00f3gica do setor. A combina\u00e7\u00e3o entre infraestrutura digital e profissionais capacitados tende a ser um dos elementos necess\u00e1rios para que os investimentos em medi\u00e7\u00e3o inteligente se convertam em ganhos operacionais, servi\u00e7os mais eficientes e decis\u00f5es mais qualificadas.<\/p>\n<p><b>Sobre a CAS Academy<\/b><\/p>\n<p>A <a href=\"https:\/\/academy.cas.com.br\" target=\"_blank\">CAS Academy<\/a> \u00e9 a plataforma de treinamentos da <a href=\"https:\/\/www.castecnologia.com.br\/\" target=\"_blank\">CAS Tecnologia<\/a> voltada ao desenvolvimento de profissionais do setor el\u00e9trico. A oferta contempla temas relacionados \u00e0 medi\u00e7\u00e3o inteligente, telemedi\u00e7\u00e3o, gest\u00e3o da medi\u00e7\u00e3o, medi\u00e7\u00e3o de fronteira, grandes clientes e intelig\u00eancia artificial aplicada \u00e0 garantia da receita.<\/p>\n<p>Website: <a href=\"https:\/\/academy.cas.com.br\/\" target=\"_blank\">https:\/\/academy.cas.com.br\/<\/a><\/p>\n<p>Foto: CAS Academy<\/p>\n<p>A <b>OESP<\/b> n\u00e3o \u00e9(s\u00e3o) respons\u00e1vel(is) por erros, incorre\u00e7\u00f5es, atrasos ou quaisquer decis\u00f5es tomadas por seus clientes com base nos Conte\u00fados ora disponibilizados, bem como tais Conte\u00fados n\u00e3o representam a opini\u00e3o da <b>OESP<\/b> e s\u00e3o de inteira responsabilidade da <b>Knewin Dino<\/b><\/p>\n","protected":false},"excerpt":{"rendered":"A digitaliza\u00e7\u00e3o do setor el\u00e9trico brasileiro avan\u00e7a e amplia a necessidade de profissionais preparados para lidar com novas tecnologias, processos e volumes de dados. A expans\u00e3o da medi\u00e7\u00e3o","protected":false},"author":1,"featured_media":138329,"comment_status":"open","ping_status":"closed","sticky":false,"template":"","format":"standard","meta":{"_acf_changed":false,"inline_featured_image":false,"_monsterinsights_skip_tracking":false,"_monsterinsights_sitenote_active":false,"_monsterinsights_sitenote_note":"","_monsterinsights_sitenote_category":0,"footnotes":""},"categories":[11470],"tags":[232,12408,12407,300,47],"class_list":["post-138328","post","type-post","status-publish","format-standard","has-post-thumbnail","hentry","category-knewin-dino","tag-educacao","tag-engenharia","tag-industrias","tag-negocios","tag-tecnologia"],"acf":[],"_links":{"self":[{"href":"https:\/\/bluestudio.estadao.com.br\/agencia-de-comunicacao\/wp-json\/wp\/v2\/posts\/138328","targetHints":{"allow":["GET"]}}],"collection":[{"href":"https:\/\/bluestudio.estadao.com.br\/agencia-de-comunicacao\/wp-json\/wp\/v2\/posts"}],"about":[{"href":"https:\/\/bluestudio.estadao.com.br\/agencia-de-comunicacao\/wp-json\/wp\/v2\/types\/post"}],"author":[{"embeddable":true,"href":"https:\/\/bluestudio.estadao.com.br\/agencia-de-comunicacao\/wp-json\/wp\/v2\/users\/1"}],"replies":[{"embeddable":true,"href":"https:\/\/bluestudio.estadao.com.br\/agencia-de-comunicacao\/wp-json\/wp\/v2\/comments?post=138328"}],"version-history":[{"count":0,"href":"https:\/\/bluestudio.estadao.com.br\/agencia-de-comunicacao\/wp-json\/wp\/v2\/posts\/138328\/revisions"}],"wp:featuredmedia":[{"embeddable":true,"href":"https:\/\/bluestudio.estadao.com.br\/agencia-de-comunicacao\/wp-json\/wp\/v2\/media\/138329"}],"wp:attachment":[{"href":"https:\/\/bluestudio.estadao.com.br\/agencia-de-comunicacao\/wp-json\/wp\/v2\/media?parent=138328"}],"wp:term":[{"taxonomy":"category","embeddable":true,"href":"https:\/\/bluestudio.estadao.com.br\/agencia-de-comunicacao\/wp-json\/wp\/v2\/categories?post=138328"},{"taxonomy":"post_tag","embeddable":true,"href":"https:\/\/bluestudio.estadao.com.br\/agencia-de-comunicacao\/wp-json\/wp\/v2\/tags?post=138328"}],"curies":[{"name":"wp","href":"https:\/\/api.w.org\/{rel}","templated":true}]}}