{"id":138322,"date":"2026-09-04T11:58:00","date_gmt":"2026-09-04T14:58:00","guid":{"rendered":"https:\/\/bluestudio.estadao.com.br\/agencia-de-comunicacao\/knewin-dino\/reducao-da-selic-nao-garante-queda-nos-juros-de-emprestimos\/"},"modified":"2026-09-04T11:58:00","modified_gmt":"2026-09-04T14:58:00","slug":"reducao-da-selic-nao-garante-queda-nos-juros-de-emprestimos","status":"publish","type":"post","link":"https:\/\/bluestudio.estadao.com.br\/agencia-de-comunicacao\/knewin-dino\/reducao-da-selic-nao-garante-queda-nos-juros-de-emprestimos\/","title":{"rendered":"Redu\u00e7\u00e3o da Selic n\u00e3o garante queda nos juros de empr\u00e9stimos"},"content":{"rendered":"<p>Ot\u00e1vio Fakhoury, especialista em renda fixa no Brasil e no exterior, explicou \u00e0 rep\u00f3rter de economia Elaine Bast por que a redu\u00e7\u00e3o da taxa Selic, iniciada em mar\u00e7o ap\u00f3s quatro cortes sucessivos, n\u00e3o provocou diminui\u00e7\u00e3o nas taxas m\u00e9dias de cr\u00e9dito banc\u00e1rio para pessoas f\u00edsicas e jur\u00eddicas. O especialista apontou que, apesar da queda da taxa b\u00e1sica, o cr\u00e9dito pessoal chegou a 130% ao ano, indicando que outros fatores influenciam o custo final dos empr\u00e9stimos.<\/p>\n<p>Fakhoury ressaltou que a Selic funciona como taxa de refer\u00eancia de curto prazo e afeta opera\u00e7\u00f5es de prazo reduzido, mas n\u00e3o determina o pre\u00e7o do cr\u00e9dito de longo prazo. Bancos que concedem financiamentos, como os imobili\u00e1rios, avaliam custos e riscos ao longo de todo o per\u00edodo, incorporando as taxas de juros de longo prazo negociadas no mercado.<\/p>\n<p>No cen\u00e1rio internacional, o Fundo Monet\u00e1rio Internacional (FMI) alertou para o reaparecimento de press\u00f5es inflacion\u00e1rias globais, o que eleva as expectativas de aumento das taxas b\u00e1sicas e dos rendimentos de t\u00edtulos p\u00fablicos em diversas economias. No Brasil, a d\u00edvida p\u00fablica aumentou de R$ 7 trilh\u00f5es para quase R$ 11 trilh\u00f5es em cinco anos, sem cortes significativos de despesas. Segundo o Financial Stability Board (FSB), o pagamento de juros da d\u00edvida representa quase 9% do PIB, tornando o pa\u00eds o maior pagador de juros sobre sua d\u00edvida.<\/p>\n<p>Fakhoury explicou que as taxas de longo prazo s\u00e3o definidas pelas expectativas de infla\u00e7\u00e3o, n\u00edvel da d\u00edvida p\u00fablica, pol\u00edtica fiscal e confian\u00e7a no cen\u00e1rio internacional. Quando o futuro econ\u00f4mico \u00e9 incerto, o custo de financiamento torna\u2011se mais caro. A instabilidade institucional, caracterizada pela falta de regras claras e interfer\u00eancia nas pol\u00edticas econ\u00f4micas, tamb\u00e9m eleva o retorno exigido pelos investidores, limitando o efeito da redu\u00e7\u00e3o da Selic.<\/p>\n<p>A avalia\u00e7\u00e3o do FMI indica que o esfor\u00e7o brasileiro para cortar gastos ainda n\u00e3o \u00e9 suficiente para estabilizar a d\u00edvida no longo prazo. A situa\u00e7\u00e3o das contas p\u00fablicas afeta diretamente o custo das d\u00edvidas das fam\u00edlias e empresas, e impacta, por exemplo, o parcelamento de m\u00e1quinas ou a expans\u00e3o de neg\u00f3cios. Nos \u00faltimos cinco anos, com taxas b\u00e1sicas acima de dois d\u00edgitos, muitas empresas enfrentaram dificuldades; em junho, o pa\u00eds registrou recorde de 9 milh\u00f5es de companhias com d\u00edvidas em atraso, enquanto quase 84 milh\u00f5es de brasileiros estavam com restri\u00e7\u00f5es de cr\u00e9dito.<\/p>\n<p>Segundo Fakhoury, a diminui\u00e7\u00e3o da Selic pode sinalizar uma pol\u00edtica monet\u00e1ria mais flex\u00edvel, mas, enquanto persistirem incertezas sobre infla\u00e7\u00e3o, gastos governamentais e estabilidade institucional, o custo do cr\u00e9dito permanecer\u00e1 elevado tanto para pessoas f\u00edsicas quanto para pessoas jur\u00eddicas. O especialista concluiu que, no final, &#8220;quem manda \u00e9 o mercado&#8221;, refor\u00e7ando que as taxas de juros s\u00e3o determinadas pelas condi\u00e7\u00f5es de oferta e demanda no mercado financeiro.<\/p>\n<p>Website: <a href=\"https:\/\/instagram.com\/otaviofakhoury\/\" target=\"_blank\">https:\/\/instagram.com\/otaviofakhoury\/<\/a><\/p>\n<p>Foto: Ot\u00e1vio Fakhoury<\/p>\n<p>A <b>OESP<\/b> n\u00e3o \u00e9(s\u00e3o) respons\u00e1vel(is) por erros, incorre\u00e7\u00f5es, atrasos ou quaisquer decis\u00f5es tomadas por seus clientes com base nos Conte\u00fados ora disponibilizados, bem como tais Conte\u00fados n\u00e3o representam a opini\u00e3o da <b>OESP<\/b> e s\u00e3o de inteira responsabilidade da <b>Knewin Dino<\/b><\/p>\n","protected":false},"excerpt":{"rendered":"Ot\u00e1vio Fakhoury, especialista em renda fixa no Brasil e no exterior, explicou \u00e0 rep\u00f3rter de economia Elaine Bast por que a redu\u00e7\u00e3o da taxa Selic, iniciada em mar\u00e7o ap\u00f3s quatro cortes","protected":false},"author":1,"featured_media":138323,"comment_status":"open","ping_status":"closed","sticky":false,"template":"","format":"standard","meta":{"_acf_changed":false,"inline_featured_image":false,"_monsterinsights_skip_tracking":false,"_monsterinsights_sitenote_active":false,"_monsterinsights_sitenote_note":"","_monsterinsights_sitenote_category":0,"footnotes":""},"categories":[11470],"tags":[12400,101,12391,300,12392],"class_list":["post-138322","post","type-post","status-publish","format-standard","has-post-thumbnail","hentry","category-knewin-dino","tag-atacado-e-varejo","tag-economia","tag-empreendedorismo","tag-negocios","tag-politicas"],"acf":[],"_links":{"self":[{"href":"https:\/\/bluestudio.estadao.com.br\/agencia-de-comunicacao\/wp-json\/wp\/v2\/posts\/138322","targetHints":{"allow":["GET"]}}],"collection":[{"href":"https:\/\/bluestudio.estadao.com.br\/agencia-de-comunicacao\/wp-json\/wp\/v2\/posts"}],"about":[{"href":"https:\/\/bluestudio.estadao.com.br\/agencia-de-comunicacao\/wp-json\/wp\/v2\/types\/post"}],"author":[{"embeddable":true,"href":"https:\/\/bluestudio.estadao.com.br\/agencia-de-comunicacao\/wp-json\/wp\/v2\/users\/1"}],"replies":[{"embeddable":true,"href":"https:\/\/bluestudio.estadao.com.br\/agencia-de-comunicacao\/wp-json\/wp\/v2\/comments?post=138322"}],"version-history":[{"count":0,"href":"https:\/\/bluestudio.estadao.com.br\/agencia-de-comunicacao\/wp-json\/wp\/v2\/posts\/138322\/revisions"}],"wp:featuredmedia":[{"embeddable":true,"href":"https:\/\/bluestudio.estadao.com.br\/agencia-de-comunicacao\/wp-json\/wp\/v2\/media\/138323"}],"wp:attachment":[{"href":"https:\/\/bluestudio.estadao.com.br\/agencia-de-comunicacao\/wp-json\/wp\/v2\/media?parent=138322"}],"wp:term":[{"taxonomy":"category","embeddable":true,"href":"https:\/\/bluestudio.estadao.com.br\/agencia-de-comunicacao\/wp-json\/wp\/v2\/categories?post=138322"},{"taxonomy":"post_tag","embeddable":true,"href":"https:\/\/bluestudio.estadao.com.br\/agencia-de-comunicacao\/wp-json\/wp\/v2\/tags?post=138322"}],"curies":[{"name":"wp","href":"https:\/\/api.w.org\/{rel}","templated":true}]}}