{"id":138314,"date":"2026-09-04T13:27:00","date_gmt":"2026-09-04T16:27:00","guid":{"rendered":"https:\/\/bluestudio.estadao.com.br\/agencia-de-comunicacao\/knewin-dino\/faculdade-de-medicina-de-uberlandia-abre-inscricoes\/"},"modified":"2026-09-04T13:27:00","modified_gmt":"2026-09-04T16:27:00","slug":"faculdade-de-medicina-de-uberlandia-abre-inscricoes","status":"publish","type":"post","link":"https:\/\/bluestudio.estadao.com.br\/agencia-de-comunicacao\/knewin-dino\/faculdade-de-medicina-de-uberlandia-abre-inscricoes\/","title":{"rendered":"Faculdade de Medicina de Uberl\u00e2ndia abre inscri\u00e7\u00f5es"},"content":{"rendered":"<p>A Faculdade de Medicina de Uberl\u00e2ndia, FAMEU, abriu as inscri\u00e7\u00f5es para o processo seletivo para ingresso no primeiro semestre de 2027. O vestibular oferece 56 vagas para o curso de Medicina, em per\u00edodo integral. As inscri\u00e7\u00f5es podem ser feitas at\u00e9 as 22h do dia 16 de setembro, exclusivamente pela internet. A prova presencial ser\u00e1 realizada no dia 20 de setembro, das 14h \u00e0s 18h, na unidade da FAMEU, em Uberl\u00e2ndia. A taxa de inscri\u00e7\u00e3o \u00e9 de R$ 300.<\/p>\n<p>O processo seletivo \u00e9 realizado e auditado pela COVEST-MED, respons\u00e1vel pela condu\u00e7\u00e3o das etapas previstas no edital. A sele\u00e7\u00e3o ter\u00e1 quest\u00f5es objetivas e reda\u00e7\u00e3o, ambas de car\u00e1ter eliminat\u00f3rio e classificat\u00f3rio. O cronograma prev\u00ea a divulga\u00e7\u00e3o do cart\u00e3o de convoca\u00e7\u00e3o para a prova em 18 de setembro. A classifica\u00e7\u00e3o final ser\u00e1 publicada em 10 de outubro e a primeira convoca\u00e7\u00e3o dos aprovados est\u00e1 prevista para 12 de outubro. A realiza\u00e7\u00e3o do vestibular \u00e9 acompanhada pela COVEST-MED, respons\u00e1vel pela condu\u00e7\u00e3o e auditoria das etapas do processo seletivo.<\/p>\n<p>Para Let\u00edcia Souza, auditora da comiss\u00e3o, o cuidado com os procedimentos \u00e9 fundamental para assegurar que todos os candidatos tenham as mesmas condi\u00e7\u00f5es durante a sele\u00e7\u00e3o. \u201cO Vestibular representa muito mais do que uma etapa de sele\u00e7\u00e3o. Para cada candidato, ele \u00e9 o resultado de sonhos, dedica\u00e7\u00e3o e expectativas para o futuro. Por isso, o trabalho da Comiss\u00e3o de Vestibular \u00e9 conduzido com absoluto compromisso, responsabilidade e respeito a todos os participantes. Cada etapa \u00e9 cuidadosamente planejada, acompanhada e executada para assegurar um processo seguro, transparente, \u00e9tico e ison\u00f4mico\u201d, afirma.<\/p>\n<p>O novo processo seletivo acontece em um momento de consolida\u00e7\u00e3o da FAMEU. O curso de Medicina foi autorizado pelo Minist\u00e9rio da Educa\u00e7\u00e3o em 2022 e, desde ent\u00e3o, a institui\u00e7\u00e3o vem ampliando os espa\u00e7os e as possibilidades de forma\u00e7\u00e3o dos estudantes. A trajet\u00f3ria tamb\u00e9m \u00e9 marcada pela expans\u00e3o da estrutura f\u00edsica. Em fevereiro de 2026, a FAMEU inaugurou o Campus II, na Avenida Afonso Pena, em Uberl\u00e2ndia. Com ambientes voltados \u00e0 integra\u00e7\u00e3o entre ensino, assist\u00eancia, ci\u00eancia e tecnologia, e tamb\u00e9m o Centro M\u00e9dico Especializado, que amplia as possibilidades de atendimento \u00e0 comunidade e de pr\u00e1tica supervisionada para os alunos.<\/p>\n<p>A proposta pedag\u00f3gica do curso coloca a pr\u00e1tica como um dos eixos da forma\u00e7\u00e3o. Os estudantes s\u00e3o inseridos progressivamente em cen\u00e1rios reais de atua\u00e7\u00e3o m\u00e9dica, incluindo o Sistema \u00danico de Sa\u00fade (SUS), ao mesmo tempo em que desenvolvem conhecimentos t\u00e9cnico-cient\u00edficos, habilidades cl\u00ednicas e uma forma\u00e7\u00e3o human\u00edstica. Esse contato com diferentes realidades da sa\u00fade \u00e9 apontado pelos pr\u00f3prios estudantes como um dos diferenciais da gradua\u00e7\u00e3o. Algo que \u00e9 reconhecido pelos pr\u00f3prios estudantes.<\/p>\n<p>Mateus Farias Neves \u00e9 aluno do 6\u00ba per\u00edodo de Medicina. Para ele, \u201ca proposta da FAMEU representa uma compreens\u00e3o muito mais completa do que significa ser m\u00e9dico. A tecnologia e o conhecimento cient\u00edfico s\u00e3o fundamentais para uma medicina de excel\u00eancia, mas eles s\u00f3 fazem sentido quando conseguimos utiliz\u00e1-los para cuidar de pessoas reais, com hist\u00f3rias, necessidades e realidades diferentes. O contato com diferentes cen\u00e1rios e com a comunidade nos tira da ideia de que existe um \u00fanico perfil de paciente ou uma \u00fanica forma de exercer a medicina. Ao mesmo tempo em que temos acesso a espa\u00e7os e recursos que nos aproximam da medicina mais tecnol\u00f3gica e especializada, tamb\u00e9m somos estimulados a enxergar o paciente para al\u00e9m de uma doen\u00e7a ou de um diagn\u00f3stico\u201d.<\/p>\n<p><b>Tecnologia e parcerias aproximando teoria e pr\u00e1tica<\/b><\/p>\n<p>Outro aspecto presente na forma\u00e7\u00e3o dos alunos \u00e9 o uso de recursos tecnol\u00f3gicos e ambientes destinados \u00e0 pr\u00e1tica m\u00e9dica. A proposta \u00e9 aproximar, desde a gradua\u00e7\u00e3o, os conhecimentos aprendidos em sala de aula das situa\u00e7\u00f5es que far\u00e3o parte da rotina profissional.<\/p>\n<p>A institui\u00e7\u00e3o tamb\u00e9m mant\u00e9m iniciativas que aproximam os estudantes da comunidade. Entre elas est\u00e3o a\u00e7\u00f5es de atendimento e projetos voltados \u00e0 promo\u00e7\u00e3o da sa\u00fade, ampliando a experi\u00eancia dos alunos para al\u00e9m dos ambientes tradicionais de sala de aula. A FAMEU, por exemplo, realizou mutir\u00f5es e inaugurou um ambulat\u00f3rio com atendimentos m\u00e9dicos gratuitos em Uberl\u00e2ndia. \u00c9 o que j\u00e1 experimenta a aluna Isadora Souza Ferreira, do 9\u00ba semestre, e que este m\u00eas come\u00e7ou o per\u00edodo de internato na Santa Casa em Catal\u00e3o (GO).<\/p>\n<p>\u201cO internato tem sido uma fase fundamental para a minha forma\u00e7\u00e3o m\u00e9dica, porque \u00e9 nesse momento que conseguimos correlacionar todo o conhecimento te\u00f3rico adquirido ao longo dos anos com a pr\u00e1tica e com a realidade do cuidado ao paciente. Todo o aprendizado anterior foi muito importante para que cheg\u00e1ssemos preparados a esse momento. As aulas te\u00f3ricas constru\u00edram a nossa base de conhecimento e, principalmente, as experi\u00eancias pr\u00e1ticas que tivemos anteriormente nos ambulat\u00f3rios e nas diferentes especialidades foram um grande diferencial. Esse contato pr\u00e9vio nos permitiu chegar ao internato j\u00e1 familiarizados com a abordagem do paciente, anamnese, exame f\u00edsico e racioc\u00ednio cl\u00ednico\u201d, disse ela.<\/p>\n<p><b>FAMEU, no cora\u00e7\u00e3o do Brasil<\/b><\/p>\n<p>A Faculdade de Medicina de Uberl\u00e2ndia (FAMEU) tem se destacado como uma das principais institui\u00e7\u00f5es de ensino m\u00e9dico no Brasil, atraindo estudantes de todas as regi\u00f5es do pa\u00eds em busca de uma forma\u00e7\u00e3o de excel\u00eancia. Localizada estrategicamente no cora\u00e7\u00e3o do Brasil, no Tri\u00e2ngulo Mineiro, a FAMEU tem sido uma escolha preferencial para jovens que buscam n\u00e3o apenas conhecimento te\u00f3rico, mas tamb\u00e9m uma experi\u00eancia pr\u00e1tica robusta e diversificada.<\/p>\n<p>Atualmente a FAMEU recebe alunos de mais de 30 cidades diferentes de diversos estados brasileiros. Esse fen\u00f4meno \u00e9 resultado direto da reputa\u00e7\u00e3o da faculdade, que se destaca n\u00e3o apenas pelo seu corpo docente qualificado e por um curr\u00edculo acad\u00eamico inovador, mas tamb\u00e9m pela sua infraestrutura de ponta. Soma-se a isso sua localiza\u00e7\u00e3o privilegiada em uma das maiores cidades do interior brasileiro. Com 768 mil habitantes (IBGE 2026), Uberl\u00e2ndia \u00e9 destaque na oferta de servi\u00e7os, trabalho e neg\u00f3cios, com uma enorme rede de sa\u00fade p\u00fablica e tamb\u00e9m com grandes empreendimentos na \u00e1rea de sa\u00fade privada, com a presen\u00e7a dos maiores grupos do setor no Brasil na cidade. Tudo isso criou o ambiente ideal para dar \u00e0 cidade lugar de destaque na forma\u00e7\u00e3o m\u00e9dica.<\/p>\n<p>Website: <a href=\"https:\/\/covestmed.com.br\/medunifatra27\" target=\"_blank\">https:\/\/covestmed.com.br\/medunifatra27<\/a><\/p>\n<p>Foto: FAMEU Divulga\u00e7\u00e3o<\/p>\n<p>A <b>OESP<\/b> n\u00e3o \u00e9(s\u00e3o) respons\u00e1vel(is) por erros, incorre\u00e7\u00f5es, atrasos ou quaisquer decis\u00f5es tomadas por seus clientes com base nos Conte\u00fados ora disponibilizados, bem como tais Conte\u00fados n\u00e3o representam a opini\u00e3o da <b>OESP<\/b> e s\u00e3o de inteira responsabilidade da <b>Knewin Dino<\/b><\/p>\n","protected":false},"excerpt":{"rendered":"A Faculdade de Medicina de Uberl\u00e2ndia, FAMEU, abriu as inscri\u00e7\u00f5es para o processo seletivo para ingresso no primeiro semestre de 2027. O vestibular oferece 56 vagas para o curso de Medicina, em","protected":false},"author":1,"featured_media":138315,"comment_status":"open","ping_status":"closed","sticky":false,"template":"","format":"standard","meta":{"_acf_changed":false,"inline_featured_image":false,"_monsterinsights_skip_tracking":false,"_monsterinsights_sitenote_active":false,"_monsterinsights_sitenote_note":"","_monsterinsights_sitenote_category":0,"footnotes":""},"categories":[11470],"tags":[12397,232,12398,12395,47],"class_list":["post-138314","post","type-post","status-publish","format-standard","has-post-thumbnail","hentry","category-knewin-dino","tag-ciencia","tag-educacao","tag-saude-e-bem-estar","tag-sociedade","tag-tecnologia"],"acf":[],"_links":{"self":[{"href":"https:\/\/bluestudio.estadao.com.br\/agencia-de-comunicacao\/wp-json\/wp\/v2\/posts\/138314","targetHints":{"allow":["GET"]}}],"collection":[{"href":"https:\/\/bluestudio.estadao.com.br\/agencia-de-comunicacao\/wp-json\/wp\/v2\/posts"}],"about":[{"href":"https:\/\/bluestudio.estadao.com.br\/agencia-de-comunicacao\/wp-json\/wp\/v2\/types\/post"}],"author":[{"embeddable":true,"href":"https:\/\/bluestudio.estadao.com.br\/agencia-de-comunicacao\/wp-json\/wp\/v2\/users\/1"}],"replies":[{"embeddable":true,"href":"https:\/\/bluestudio.estadao.com.br\/agencia-de-comunicacao\/wp-json\/wp\/v2\/comments?post=138314"}],"version-history":[{"count":0,"href":"https:\/\/bluestudio.estadao.com.br\/agencia-de-comunicacao\/wp-json\/wp\/v2\/posts\/138314\/revisions"}],"wp:featuredmedia":[{"embeddable":true,"href":"https:\/\/bluestudio.estadao.com.br\/agencia-de-comunicacao\/wp-json\/wp\/v2\/media\/138315"}],"wp:attachment":[{"href":"https:\/\/bluestudio.estadao.com.br\/agencia-de-comunicacao\/wp-json\/wp\/v2\/media?parent=138314"}],"wp:term":[{"taxonomy":"category","embeddable":true,"href":"https:\/\/bluestudio.estadao.com.br\/agencia-de-comunicacao\/wp-json\/wp\/v2\/categories?post=138314"},{"taxonomy":"post_tag","embeddable":true,"href":"https:\/\/bluestudio.estadao.com.br\/agencia-de-comunicacao\/wp-json\/wp\/v2\/tags?post=138314"}],"curies":[{"name":"wp","href":"https:\/\/api.w.org\/{rel}","templated":true}]}}