{"id":138305,"date":"2026-09-04T13:00:00","date_gmt":"2026-09-04T16:00:00","guid":{"rendered":"https:\/\/bluestudio.estadao.com.br\/agencia-de-comunicacao\/pulsebrand\/pesquisas-brasileiras-sobre-inteligencia-artificial-e-saude-mental-chegam-a-congresso-europeu-de-medicina-do-estilo-de-vida\/"},"modified":"2026-09-04T13:00:00","modified_gmt":"2026-09-04T16:00:00","slug":"pesquisas-brasileiras-sobre-inteligencia-artificial-e-saude-mental-chegam-a-congresso-europeu-de-medicina-do-estilo-de-vida","status":"publish","type":"post","link":"https:\/\/bluestudio.estadao.com.br\/agencia-de-comunicacao\/pulsebrand\/pesquisas-brasileiras-sobre-inteligencia-artificial-e-saude-mental-chegam-a-congresso-europeu-de-medicina-do-estilo-de-vida\/","title":{"rendered":"Pesquisas brasileiras sobre intelig\u00eancia artificial e sa\u00fade mental chegam a congresso europeu de Medicina do Estilo de Vida"},"content":{"rendered":"<p>Sono, alimenta\u00e7\u00e3o, atividade f\u00edsica, comportamento e sa\u00fade psicossocial t\u00eam impacto direto sobre a sa\u00fade, mas transformar essas informa\u00e7\u00f5es em dados que possam ser interpretados e utilizados de forma integrada por diferentes sistemas cl\u00ednicos ainda \u00e9 um desafio da sa\u00fade digital.<\/p>\n<p>\u00c9 justamente essa quest\u00e3o que o m\u00e9dico e pesquisador brasileiro Marcelo Fiszman, MD, PhD, professor da <a href=\"https:\/\/abmedicina.com.br\/\" target=\"_blank\"><u> ABMed<\/u><\/a> (Academia Brasileira de Medicina e Tecnologia) levar\u00e1 ao 7\u00ba European Lifestyle Medicine Congress, realizado de 10 a 12 de setembro de 2026, em Bruxelas.<\/p>\n<p>Fiszman integra a mesa dedicada \u00e0 longevidade e apresentar\u00e1 o tema &#8220;AI and Semantic Interoperability for Computable Lifestyle Medicine&#8221;, sobre o uso de intelig\u00eancia artificial e interoperabilidade sem\u00e2ntica para incorporar informa\u00e7\u00f5es relacionadas ao estilo de vida aos demais dados cl\u00ednicos.<\/p>\n<p>A presen\u00e7a da ABMed no encontro tamb\u00e9m se estende \u00e0 participa\u00e7\u00e3o discente. Uma aluna da institui\u00e7\u00e3o teve o trabalho &#8220;Depression, anxiety and stress scale: validation and applicability&#8221; aceito para integrar a programa\u00e7\u00e3o cient\u00edfica do congresso, ampliando a presen\u00e7a brasileira nas discuss\u00f5es do evento.<\/p>\n<p>Quando estilo de vida tamb\u00e9m se torna dado cl\u00ednico<\/p>\n<p>Informa\u00e7\u00f5es como resultados de exames laboratoriais ou diagn\u00f3sticos podem seguir estruturas relativamente padronizadas dentro dos sistemas de sa\u00fade. Dados relacionados ao estilo de vida, por outro lado, s\u00e3o mais diversos.<\/p>\n<p>Padr\u00e3o alimentar, atividade f\u00edsica, sono, comportamento, ambiente e sa\u00fade psicossocial produzem informa\u00e7\u00f5es de diferentes naturezas e fontes. Para que possam circular entre sistemas e ser utilizadas de forma integrada, \u00e9 necess\u00e1rio que mantenham um significado comum ao longo desse processo.<\/p>\n<p>Segundo a programa\u00e7\u00e3o oficial do ELMO 2026, a apresenta\u00e7\u00e3o de Fiszman discutir\u00e1 como intelig\u00eancia artificial, interoperabilidade sem\u00e2ntica, ontologias biom\u00e9dicas e grafos de conhecimento podem contribuir para tornar esses fatores comput\u00e1veis e integr\u00e1veis aos demais dados cl\u00ednicos.<\/p>\n<p>O tema aproxima dois campos que v\u00eam ganhando espa\u00e7o na discuss\u00e3o sobre o futuro da assist\u00eancia m\u00e9dica: a Medicina do Estilo de Vida e o uso de intelig\u00eancia artificial e tecnologias de informa\u00e7\u00e3o na sa\u00fade.<\/p>\n<p>A Medicina do Estilo de Vida trabalha com mudan\u00e7a de comportamento e interven\u00e7\u00f5es sobre fatores modific\u00e1veis associados ao risco e \u00e0 progress\u00e3o de doen\u00e7as cr\u00f4nicas. Segundo a Organiza\u00e7\u00e3o Mundial da Sa\u00fade, doen\u00e7as cardiovasculares, c\u00e2nceres, diabetes e doen\u00e7as respirat\u00f3rias cr\u00f4nicas respondem por cerca de 74% das mortes no mundo, enquanto tabagismo, inatividade f\u00edsica, alimenta\u00e7\u00e3o inadequada e uso nocivo de \u00e1lcool est\u00e3o entre fatores de risco comuns associados a essas condi\u00e7\u00f5es.<\/p>\n<p>Pesquisa na interface entre medicina e tecnologia<\/p>\n<p>A discuss\u00e3o que Fiszman levar\u00e1 ao congresso europeu est\u00e1 diretamente relacionada \u00e0 sua trajet\u00f3ria acad\u00eamica e cient\u00edfica.<\/p>\n<p>Marcelo Fiszman, MD, PhD, \u00e9 professor da <a href=\"https:\/\/abmedicina.com.br\/\" target=\"_blank\"><u> ABMed<\/u><\/a> e pesquisador com atua\u00e7\u00e3o na interface entre medicina, intelig\u00eancia artificial, processamento de linguagem e representa\u00e7\u00e3o do conhecimento. Tem doutorado em Inform\u00e1tica Biom\u00e9dica e p\u00f3s-doutorado no National Institutes of Health, o NIH.<\/p>\n<p>Na ABMed, integra o corpo docente das forma\u00e7\u00f5es relacionadas \u00e0 Medicina do Estilo de Vida e \u00e0 Medicina da Longevidade, aproximando discuss\u00f5es sobre tecnologia, dados e intelig\u00eancia artificial da forma\u00e7\u00e3o m\u00e9dica.<\/p>\n<p>Sua participa\u00e7\u00e3o no congresso insere um professor da ABMed em uma discuss\u00e3o internacional sobre como novas tecnologias podem ampliar a capacidade de registrar, interpretar e utilizar informa\u00e7\u00f5es relacionadas ao estilo de vida na pr\u00e1tica cl\u00ednica.<\/p>\n<p>Sa\u00fade mental tamb\u00e9m estar\u00e1 entre as pesquisas do congresso<\/p>\n<p>A participa\u00e7\u00e3o da comunidade acad\u00eamica da ABMed no ELMO 2026 n\u00e3o ficar\u00e1 restrita \u00e0 mesa de longevidade.<\/p>\n<p>A aluna da institui\u00e7\u00e3o Rose Claudia Batistelli Vignola teve o trabalho &#8220;Depression, anxiety and stress scale: validation and applicability&#8221; aceito para inclus\u00e3o na programa\u00e7\u00e3o cient\u00edfica do congresso. De acordo com a comunica\u00e7\u00e3o da organiza\u00e7\u00e3o do evento, o formato e o cronograma da apresenta\u00e7\u00e3o ainda ser\u00e3o divulgados.<\/p>\n<p>A pesquisadora \u00e9 doutora em Ci\u00eancias e mestre em Ci\u00eancias da Sa\u00fade pela Universidade Federal de S\u00e3o Paulo, a Unifesp, com trajet\u00f3ria acad\u00eamica voltada a estudos sobre depress\u00e3o, ansiedade e estresse. \u00c9 formada em Psicologia pela Universidade Metodista de S\u00e3o Paulo e possui especializa\u00e7\u00e3o em Diagnose e Terapia de Stress pelo IPSPP\/SP.<\/p>\n<p>Com mais de 20 anos de atua\u00e7\u00e3o como psic\u00f3loga cl\u00ednica, trabalha com atendimento de adultos, adolescentes e idosos e possui experi\u00eancia em temas como sa\u00fade mental, transtornos emocionais e de humor, mapeamento e manejo do estresse, estrat\u00e9gias de coping e estresse corporativo. Tamb\u00e9m atua como palestrante em sa\u00fade mental, consultora organizacional e coach de carreira.<\/p>\n<p>A pesquisadora tamb\u00e9m foi respons\u00e1vel pela tradu\u00e7\u00e3o, adapta\u00e7\u00e3o e valida\u00e7\u00e3o da Depression, Anxiety and Stress Scale (DASS-21) para o contexto brasileiro. O instrumento \u00e9 utilizado para mapear sintomas de depress\u00e3o, ansiedade e estresse em diferentes contextos de sa\u00fade e pesquisa, sem finalidade diagn\u00f3stica.<\/p>\n<p>&#8220;A DASS-21 n\u00e3o \u00e9 uma ferramenta para diagn\u00f3stico, mas para o mapeamento de sintomas de depress\u00e3o, ansiedade e estresse. Meu trabalho no congresso discute justamente a aplicabilidade da escala no contexto da Medicina do Estilo de Vida&#8221;, afirma Rose.<\/p>\n<p>A aceita\u00e7\u00e3o do trabalho acrescenta \u00e0 participa\u00e7\u00e3o da ABMed no congresso uma segunda perspectiva: enquanto a apresenta\u00e7\u00e3o de Fiszman discute tecnologia e integra\u00e7\u00e3o de dados relacionados ao estilo de vida, a pesquisa da aluna se aproxima de uma dimens\u00e3o central da sa\u00fade e da Medicina do Estilo de Vida, a sa\u00fade mental.<\/p>\n<p>Longevidade em debate em Bruxelas<\/p>\n<p>O 7\u00ba European Lifestyle Medicine Congress ser\u00e1 realizado no The Hotel Brussels, no centro da capital belga.<\/p>\n<p>Segundo a programa\u00e7\u00e3o oficial, os dias 11 e 12 de setembro reunir\u00e3o mais de 20 apresenta\u00e7\u00f5es distribu\u00eddas em sete mesas tem\u00e1ticas. Entre os assuntos est\u00e3o nutri\u00e7\u00e3o, sa\u00fade cardiovascular, intimidade e sa\u00fade reprodutiva, ambiente, pr\u00e1tica cl\u00ednica, longevidade e comunidade.<\/p>\n<p>A programa\u00e7\u00e3o tamb\u00e9m inclui apresenta\u00e7\u00f5es dedicadas \u00e0 intelig\u00eancia artificial e \u00e0 Medicina Narrativa, al\u00e9m de workshops voltados \u00e0 aplica\u00e7\u00e3o pr\u00e1tica.<\/p>\n<p>Na mesa de longevidade, Marcelo Fiszman dividir\u00e1 a programa\u00e7\u00e3o com Ioannis Arkadianos, presidente da European Lifestyle Medicine Organization, Chris Bachtsetzis, m\u00e9dico que atua com Medicina Interna e longevidade na Su\u00ed\u00e7a, e Michel Poulain, dem\u00f3grafo belga conhecido por suas pesquisas sobre as Blue Zones.<\/p>\n<p>O congresso contar\u00e1 ainda com uma trilha dedicada \u00e0s Living Blue Zones, conduzida por Poulain e sua equipe.<\/p>\n<p>Uma conex\u00e3o entre a forma\u00e7\u00e3o brasileira e o ecossistema europeu<\/p>\n<p>A participa\u00e7\u00e3o de um professor e de uma aluna da ABMed na programa\u00e7\u00e3o cient\u00edfica acontece dentro de uma rela\u00e7\u00e3o j\u00e1 existente entre a institui\u00e7\u00e3o e a European Lifestyle Medicine Organization, a ELMO, organiza\u00e7\u00e3o que promove o congresso ao lado da Belgian Lifestyle Medicine Organisation.<\/p>\n<p>A ABMed \u00e9 parceira oficial e exclusiva da ELMO no Brasil. A parceria conecta a forma\u00e7\u00e3o desenvolvida no pa\u00eds ao ecossistema cient\u00edfico internacional da Medicina do Estilo de Vida e permite que m\u00e9dicos formados pela institui\u00e7\u00e3o, ap\u00f3s cumprirem os crit\u00e9rios estabelecidos, tenham acesso \u00e0 certifica\u00e7\u00e3o internacional emitida pela organiza\u00e7\u00e3o europeia.<\/p>\n<p>A <a href=\"https:\/\/faculdadepeninsula.edu.br\/\" target=\"_blank\"><u> Faculdade Pen\u00ednsula<\/u><\/a> tamb\u00e9m mant\u00e9m coopera\u00e7\u00e3o acad\u00eamica com a PUC Goi\u00e1s, o que permite aos alunos sa\u00edrem com o certificado das duas institui\u00e7\u00f5es.<\/p>\n<p>A presen\u00e7a de integrantes do corpo docente e discente da ABMed no congresso amplia essa conex\u00e3o para al\u00e9m da forma\u00e7\u00e3o e da certifica\u00e7\u00e3o, colocando profissionais ligados \u00e0 institui\u00e7\u00e3o tamb\u00e9m dentro das discuss\u00f5es cient\u00edficas promovidas internacionalmente pela \u00e1rea.<\/p>\n<p>Sobre a ABMed<\/p>\n<p>A ABMed, Academia Brasileira de Medicina e Tecnologia, \u00e9 um instituto da Faculdade Pen\u00ednsula dedicado \u00e0 forma\u00e7\u00e3o m\u00e9dica e de profissionais da sa\u00fade, com programas de p\u00f3s-gradua\u00e7\u00e3o e educa\u00e7\u00e3o continuada em Medicina do Estilo de Vida, Medicina da Longevidade e inova\u00e7\u00e3o em sa\u00fade.<\/p>\n<p>Na Medicina do Estilo de Vida, mant\u00e9m coopera\u00e7\u00e3o acad\u00eamica com a PUC Goi\u00e1s e \u00e9 parceira oficial e exclusiva da European Lifestyle Medicine Organization no Brasil, conectando a forma\u00e7\u00e3o nacional \u00e0 certifica\u00e7\u00e3o internacional e ao interc\u00e2mbio cient\u00edfico da \u00e1rea.<\/p>\n<p>A <b>OESP<\/b> n\u00e3o \u00e9(s\u00e3o) respons\u00e1vel(is) por erros, incorre\u00e7\u00f5es, atrasos ou quaisquer decis\u00f5es tomadas por seus clientes com base nos Conte\u00fados ora disponibilizados, bem como tais Conte\u00fados n\u00e3o representam a opini\u00e3o da <b>OESP<\/b> e s\u00e3o de inteira responsabilidade da <b>PulseBrand<\/b><\/p>\n","protected":false},"excerpt":{"rendered":"Sono, alimenta\u00e7\u00e3o, atividade f\u00edsica, comportamento e sa\u00fade psicossocial t\u00eam impacto direto sobre a sa\u00fade, mas transformar essas informa\u00e7\u00f5es em dados que possam ser interpretados e utilizados","protected":false},"author":1,"featured_media":138306,"comment_status":"open","ping_status":"closed","sticky":false,"template":"","format":"standard","meta":{"_acf_changed":false,"inline_featured_image":false,"_monsterinsights_skip_tracking":false,"_monsterinsights_sitenote_active":false,"_monsterinsights_sitenote_note":"","_monsterinsights_sitenote_category":0,"footnotes":""},"categories":[7691],"tags":[],"class_list":["post-138305","post","type-post","status-publish","format-standard","has-post-thumbnail","hentry","category-pulsebrand"],"acf":[],"_links":{"self":[{"href":"https:\/\/bluestudio.estadao.com.br\/agencia-de-comunicacao\/wp-json\/wp\/v2\/posts\/138305","targetHints":{"allow":["GET"]}}],"collection":[{"href":"https:\/\/bluestudio.estadao.com.br\/agencia-de-comunicacao\/wp-json\/wp\/v2\/posts"}],"about":[{"href":"https:\/\/bluestudio.estadao.com.br\/agencia-de-comunicacao\/wp-json\/wp\/v2\/types\/post"}],"author":[{"embeddable":true,"href":"https:\/\/bluestudio.estadao.com.br\/agencia-de-comunicacao\/wp-json\/wp\/v2\/users\/1"}],"replies":[{"embeddable":true,"href":"https:\/\/bluestudio.estadao.com.br\/agencia-de-comunicacao\/wp-json\/wp\/v2\/comments?post=138305"}],"version-history":[{"count":0,"href":"https:\/\/bluestudio.estadao.com.br\/agencia-de-comunicacao\/wp-json\/wp\/v2\/posts\/138305\/revisions"}],"wp:featuredmedia":[{"embeddable":true,"href":"https:\/\/bluestudio.estadao.com.br\/agencia-de-comunicacao\/wp-json\/wp\/v2\/media\/138306"}],"wp:attachment":[{"href":"https:\/\/bluestudio.estadao.com.br\/agencia-de-comunicacao\/wp-json\/wp\/v2\/media?parent=138305"}],"wp:term":[{"taxonomy":"category","embeddable":true,"href":"https:\/\/bluestudio.estadao.com.br\/agencia-de-comunicacao\/wp-json\/wp\/v2\/categories?post=138305"},{"taxonomy":"post_tag","embeddable":true,"href":"https:\/\/bluestudio.estadao.com.br\/agencia-de-comunicacao\/wp-json\/wp\/v2\/tags?post=138305"}],"curies":[{"name":"wp","href":"https:\/\/api.w.org\/{rel}","templated":true}]}}