{"id":138244,"date":"2026-09-03T18:20:00","date_gmt":"2026-09-03T21:20:00","guid":{"rendered":"https:\/\/bluestudio.estadao.com.br\/agencia-de-comunicacao\/knewin-dino\/caixa-cultural-curitiba-recebe-festival-de-cinema-super-8\/"},"modified":"2026-09-03T18:20:00","modified_gmt":"2026-09-03T21:20:00","slug":"caixa-cultural-curitiba-recebe-festival-de-cinema-super-8","status":"publish","type":"post","link":"https:\/\/bluestudio.estadao.com.br\/agencia-de-comunicacao\/knewin-dino\/caixa-cultural-curitiba-recebe-festival-de-cinema-super-8\/","title":{"rendered":"CAIXA Cultural Curitiba recebe festival de cinema Super 8"},"content":{"rendered":"<p>A CAIXA Cultural Curitiba recebe, de 10 a 13 de setembro, a 21\u00aa edi\u00e7\u00e3o do CURTA 8 \u2013 Festival Internacional de Cinema Super 8 de Curitiba. A programa\u00e7\u00e3o re\u00fane mais de 50 produ\u00e7\u00f5es realizadas em pel\u00edcula Super 8, de diferentes estados brasileiros e de outros sete pa\u00edses. As sess\u00f5es e atividades formativas t\u00eam entrada gratuita.<\/p>\n<p>Criado em 2005 pelo cineasta Leandro Schip (<i>in memoriam<\/i>), o festival \u00e9 dedicado \u00e0 produ\u00e7\u00e3o audiovisual em pel\u00edcula Super 8. Desde 2008, o evento passou a receber produ\u00e7\u00f5es internacionais e, segundo a organiza\u00e7\u00e3o, mant\u00e9m a realiza\u00e7\u00e3o anual desde sua cria\u00e7\u00e3o.<\/p>\n<p>A programa\u00e7\u00e3o deste ano inclui sess\u00f5es competitivas, mostras especiais e atividades formativas. Entre as atra\u00e7\u00f5es est\u00e3o uma mostra dedicada ao cineasta Guilherme de Almeida Prado, com tr\u00eas filmes produzidos em Super 8, e outra com trabalhos do padre Konrad Berning, nascido na Alemanha e que viveu durante um per\u00edodo no Paran\u00e1.<\/p>\n<p><b>Mostras especiais<\/b><\/p>\n<p>A mostra dedicada a Guilherme de Almeida Prado apresenta os filmes Mentes em fuga para o para\u00edso (1973), Varal (1974) e Exerc\u00edcio de espera (1975). O diretor \u00e9 respons\u00e1vel por obras como A Dama do Cine Shanghai, Perfume de Gard\u00eania e A Hora M\u00e1gica.<\/p>\n<p>A programa\u00e7\u00e3o tamb\u00e9m inclui dois filmes do padre Konrad Berning: A Pedra Preciosa (\u00e9 uma par\u00e1bola), de 1979, e Missa da Terra sem Males, de 1980.<\/p>\n<p>Uma sess\u00e3o especial com tradu\u00e7\u00e3o em Libras ter\u00e1 a exibi\u00e7\u00e3o de dois filmes do diretor curitibano Hugo Mengarelli: O Besouro (1978) e O M\u00e1gico (1979).<\/p>\n<p>Outro destaque da programa\u00e7\u00e3o \u00e9 o Dia do Filme Caseiro. A atividade permite que o p\u00fablico leve antigos rolos de filme Super 8 para revis\u00e3o t\u00e9cnica e posterior exibi\u00e7\u00e3o em tela grande durante o festival.<\/p>\n<p><b>Atividades formativas<\/b><\/p>\n<p>A programa\u00e7\u00e3o paralela inclui uma Oficina de Proje\u00e7\u00e3o, uma Oficina de Anima\u00e7\u00e3o e uma Masterclass sobre o uso do Super 8 na produ\u00e7\u00e3o de videoclipes. As atividades s\u00e3o gratuitas e abordam aspectos t\u00e9cnicos e criativos relacionados \u00e0 produ\u00e7\u00e3o e \u00e0 utiliza\u00e7\u00e3o da pel\u00edcula.<\/p>\n<p>De acordo com o curador F\u00e1bio Allon, a perman\u00eancia do Super 8 entre novos realizadores est\u00e1 relacionada \u00e0s caracter\u00edsticas do formato e \u00e0s possibilidades de experimenta\u00e7\u00e3o proporcionadas pela pel\u00edcula.<\/p>\n<p><b>Festival<\/b><\/p>\n<p>O CURTA 8 foi criado em 2005 pela iniciativa do cineasta Leandro Schip e, a partir de 2008, passou a receber produ\u00e7\u00f5es de outros pa\u00edses. A edi\u00e7\u00e3o de 2026 re\u00fane filmes brasileiros e internacionais produzidos em Super 8.<\/p>\n<p>O festival \u00e9 realizado pela PERFIL V\u00eddeo e Cultura e pela Processo Multiartes, com patroc\u00ednio da Caixa Econ\u00f4mica Federal.<\/p>\n<p>A programa\u00e7\u00e3o completa est\u00e1 dispon\u00edvel no site oficial do festival.<\/p>\n<p><b>Servi\u00e7o:<\/b><\/p>\n<p>Evento: 21\u00ba CURTA 8 \u2013 Festival Internacional de Cinema Super 8 de Curitiba<\/p>\n<p>Local: CAIXA Cultural Curitiba \u2013 Rua Conselheiro Laurindo, 280<\/p>\n<p>Data: 10 a 13 de setembro de 2026<\/p>\n<p>Hor\u00e1rios:<\/p>\n<p>Quinta-feira: 16h, 18h30 e 20h<\/p>\n<p>Sexta-feira: 18h30 e 20h<\/p>\n<p>S\u00e1bado: 16h, 18h30 e 20h<\/p>\n<p>Domingo: 15h, 17h e 19h<\/p>\n<p>A programa\u00e7\u00e3o detalhada pode ser consultada no site do festival e nos canais oficiais da CAIXA Cultural Curitiba.<\/p>\n<p>Ingressos: entrada gratuita, com distribui\u00e7\u00e3o de ingressos 30 minutos antes de cada sess\u00e3o.<\/p>\n<p>Classifica\u00e7\u00e3o indicativa: 18 anos<\/p>\n<p>Capacidade: 125 lugares<\/p>\n<p>Informa\u00e7\u00f5es: www.curta8.com.br | Instagram @curta8 | CAIXA Cultural Curitiba: (41) 3041-2155<\/p>\n<p>Website: <a href=\"https:\/\/www.curta8.com.br\" target=\"_blank\">https:\/\/www.curta8.com.br<\/a><\/p>\n<p>Foto: Curta 8<\/p>\n<p>A <b>OESP<\/b> n\u00e3o \u00e9(s\u00e3o) respons\u00e1vel(is) por erros, incorre\u00e7\u00f5es, atrasos ou quaisquer decis\u00f5es tomadas por seus clientes com base nos Conte\u00fados ora disponibilizados, bem como tais Conte\u00fados n\u00e3o representam a opini\u00e3o da <b>OESP<\/b> e s\u00e3o de inteira responsabilidade da <b>Knewin Dino<\/b><\/p>\n","protected":false},"excerpt":{"rendered":"A CAIXA Cultural Curitiba recebe, de 10 a 13 de setembro, a 21\u00aa edi\u00e7\u00e3o do CURTA 8 \u2013 Festival Internacional de Cinema Super 8 de Curitiba. A programa\u00e7\u00e3o re\u00fane mais de 50 produ\u00e7\u00f5es realizadas","protected":false},"author":1,"featured_media":138245,"comment_status":"open","ping_status":"closed","sticky":false,"template":"","format":"standard","meta":{"_acf_changed":false,"inline_featured_image":false,"_monsterinsights_skip_tracking":false,"_monsterinsights_sitenote_active":false,"_monsterinsights_sitenote_note":"","_monsterinsights_sitenote_category":0,"footnotes":""},"categories":[11470],"tags":[12411,12415,1152,12405,12393],"class_list":["post-138244","post","type-post","status-publish","format-standard","has-post-thumbnail","hentry","category-knewin-dino","tag-arte","tag-comunicacao","tag-entretenimento","tag-eventos","tag-turismo-e-viagem"],"acf":[],"_links":{"self":[{"href":"https:\/\/bluestudio.estadao.com.br\/agencia-de-comunicacao\/wp-json\/wp\/v2\/posts\/138244","targetHints":{"allow":["GET"]}}],"collection":[{"href":"https:\/\/bluestudio.estadao.com.br\/agencia-de-comunicacao\/wp-json\/wp\/v2\/posts"}],"about":[{"href":"https:\/\/bluestudio.estadao.com.br\/agencia-de-comunicacao\/wp-json\/wp\/v2\/types\/post"}],"author":[{"embeddable":true,"href":"https:\/\/bluestudio.estadao.com.br\/agencia-de-comunicacao\/wp-json\/wp\/v2\/users\/1"}],"replies":[{"embeddable":true,"href":"https:\/\/bluestudio.estadao.com.br\/agencia-de-comunicacao\/wp-json\/wp\/v2\/comments?post=138244"}],"version-history":[{"count":0,"href":"https:\/\/bluestudio.estadao.com.br\/agencia-de-comunicacao\/wp-json\/wp\/v2\/posts\/138244\/revisions"}],"wp:featuredmedia":[{"embeddable":true,"href":"https:\/\/bluestudio.estadao.com.br\/agencia-de-comunicacao\/wp-json\/wp\/v2\/media\/138245"}],"wp:attachment":[{"href":"https:\/\/bluestudio.estadao.com.br\/agencia-de-comunicacao\/wp-json\/wp\/v2\/media?parent=138244"}],"wp:term":[{"taxonomy":"category","embeddable":true,"href":"https:\/\/bluestudio.estadao.com.br\/agencia-de-comunicacao\/wp-json\/wp\/v2\/categories?post=138244"},{"taxonomy":"post_tag","embeddable":true,"href":"https:\/\/bluestudio.estadao.com.br\/agencia-de-comunicacao\/wp-json\/wp\/v2\/tags?post=138244"}],"curies":[{"name":"wp","href":"https:\/\/api.w.org\/{rel}","templated":true}]}}