{"id":138232,"date":"2026-09-03T15:22:00","date_gmt":"2026-09-03T18:22:00","guid":{"rendered":"https:\/\/bluestudio.estadao.com.br\/agencia-de-comunicacao\/knewin-dino\/mobilidade-urbana-hackeada-entenda-o-que-acontece-em-mg\/"},"modified":"2026-09-03T15:22:00","modified_gmt":"2026-09-03T18:22:00","slug":"mobilidade-urbana-hackeada-entenda-o-que-acontece-em-mg","status":"publish","type":"post","link":"https:\/\/bluestudio.estadao.com.br\/agencia-de-comunicacao\/knewin-dino\/mobilidade-urbana-hackeada-entenda-o-que-acontece-em-mg\/","title":{"rendered":"Mobilidade urbana hackeada: entenda o que acontece em MG"},"content":{"rendered":"<p>O <b>HackTown<\/b>, um dos principais festivais de inova\u00e7\u00e3o, tecnologia, criatividade e novos neg\u00f3cios do Brasil, realiza sua <b>10\u00aa edi\u00e7\u00e3o<\/b> em Santa Rita do Sapuca\u00ed (MG) entre os dias 3 e 7 de setembro.<\/p>\n<p>Conhecida nacionalmente como o Vale da Eletr\u00f4nica, a cidade do Sul de Minas Gerais transforma seu per\u00edmetro urbano em um centro de debates e conex\u00f5es ao longo dos cinco dias de programa\u00e7\u00e3o. A organiza\u00e7\u00e3o registra a circula\u00e7\u00e3o de <b>mais de 15 mil participantes<\/b>, entre representantes de <b>mais de 500 empresas<\/b> e <b>100 startups confirmadas<\/b>, al\u00e9m de executivos e especialistas de companhias globais como <b>Nvidia, Google, Meta, Amazon Web Services (AWS), Microsoft e IBM<\/b>.<\/p>\n<p>A abertura oficial do evento ocorre na Casa do Pi, com uma programa\u00e7\u00e3o dedicada \u00e0 celebra\u00e7\u00e3o da trajet\u00f3ria de dez anos do festival e sua integra\u00e7\u00e3o com o ecossistema local. Entre os eixos centrais da programa\u00e7\u00e3o de 2026, destacam-se os debates sobre Intelig\u00eancia Artificial (IA), cobrindo t\u00f3picos de governan\u00e7a, \u00e9tica, futuro do trabalho e aplica\u00e7\u00e3o pr\u00e1tica nos modelos de neg\u00f3cios e na sociedade.<\/p>\n<p><b>Painel com Framework Digital e Localiza&amp;Co na discuss\u00e3o sobre mobilidade urbana<\/b><\/p>\n<p>Como patrocinadora oficial do HackTown 2026, a <a href=\"https:\/\/frameworkdigital.com.br\/\" target=\"_blank\">Framework Digital<\/a> conduz um painel estrat\u00e9gico na categoria &#8220;Hackeando Cidades&#8221;, em coopera\u00e7\u00e3o com a Localiza&amp;Co. A iniciativa consolida a alian\u00e7a entre as duas companhias, parceria mantida desde 2021 e marcada por tr\u00eas premia\u00e7\u00f5es da Framework Digital no pr\u00eamio <a href=\"https:\/\/frameworkdigital.com.br\/service\/premio-sangueverde-localiza\/\" target=\"_blank\">Fornecedor #SangueVerde da Localiza<\/a>.<\/p>\n<p>Com o tema &#8220;Hackeando a mobilidade: como tecnologia, IA e dados est\u00e3o redesenhando as cidades&#8221;, o painel debate o momento em que dados e intelig\u00eancia artificial deixam de atuar apenas como ferramentas de otimiza\u00e7\u00e3o e passam a compor a pr\u00f3pria infraestrutura urbana.<\/p>\n<p>A media\u00e7\u00e3o do encontro \u00e9 realizada por Felipe Horta, Head de Inova\u00e7\u00e3o e Solu\u00e7\u00f5es e <i>OutSystems Champion<\/i> na <a href=\"https:\/\/frameworkdigital.com.br\/\" target=\"_blank\">Framework Digital<\/a>. O debate conta com as exposi\u00e7\u00f5es de Phelipe Vasconcelos, Head de Produtos e IA da Localiza, e Rafael Bonaldi, Especialista em IA, Arquiteto de Solu\u00e7\u00f5es na Framework Digital, respons\u00e1vel pela condu\u00e7\u00e3o da iniciativa <a href=\"https:\/\/frameworkdigital.com.br\/symbio-ai\/\" target=\"_blank\">Symbio.AI<\/a>.<\/p>\n<p><b>Separa\u00e7\u00e3o entre aplica\u00e7\u00e3o real e o &#8220;hype&#8221; tecnol\u00f3gico<\/b><\/p>\n<p>A discuss\u00e3o inicial aborda o conceito de &#8220;mobilidade inteligente&#8221;, buscando diferenciar implementa\u00e7\u00f5es com valor operacional efetivo de iniciativas puramente mercadol\u00f3gicas.\u00a0O painel analisa a trajet\u00f3ria de moderniza\u00e7\u00e3o da Localiza na gest\u00e3o de dados e IA, comparando a maturidade da mobilidade urbana no Brasil com outros setores orientados a dados, como varejo e fintechs.<\/p>\n<p>Durante a sess\u00e3o, relat\u00f3rios do setor servem de embasamento para demonstrar o avan\u00e7o internacional das tecnologias de localiza\u00e7\u00e3o e an\u00e1lise preditiva. Segundo o estudo <i>Connected Fleets in Europe 2026<\/i>, publicado pela Geotab, 72% das frotas europeias utilizam intelig\u00eancia de localiza\u00e7\u00e3o em tempo quase real e 64% recorrem \u00e0 IA para a otimiza\u00e7\u00e3o de rotas.<\/p>\n<p>No cen\u00e1rio nacional, levantamentos da Grand View Research apontam que o mercado brasileiro de <i>smart cities<\/i> movimentou US$ 17,2 milh\u00f5es em 2024, com proje\u00e7\u00e3o de alcan\u00e7ar US$ 61 milh\u00f5es at\u00e9 2030, registrando uma taxa de crescimento anual composta (CAGR) de 25,3%, impulsionada prioritariamente pelo eixo de mobilidade.<\/p>\n<p><b>IA Generativa na opera\u00e7\u00e3o e os novos h\u00e1bitos do consumidor<\/b><\/p>\n<p>O segundo bloco do painel aborda a transi\u00e7\u00e3o da IA generativa da fase de testes para a escala operacional.\u00a0<\/p>\n<p>O debate avalia casos pr\u00e1ticos de implementa\u00e7\u00e3o, destacando a iniciativa da Localiza que, em mar\u00e7o de 2026, lan\u00e7ou uma integra\u00e7\u00e3o com o ChatGPT, permitindo que os clientes iniciem processos de aluguel, assinatura e compra de seminovos diretamente por meio de interfaces de linguagem natural.<\/p>\n<p>Durante o encontro, os especialistas compartilham crit\u00e9rios t\u00e9cnicos para que gestores identifiquem projetos de IA capazes de gerar retorno sobre o investimento (ROI) e ganhos de efici\u00eancia em sistemas de transporte e log\u00edstica corporativa, descartando solu\u00e7\u00f5es que n\u00e3o geram impacto mensur\u00e1vel.<\/p>\n<p><b>G\u00eameos digitais, data spaces e agentes de IA<\/b><\/p>\n<p>O bloco final do encontro analisa as tecnologias emergentes apontadas como a base estrutural da mobilidade at\u00e9 2035, incluindo g\u00eameos digitais (<i>Digital Twins<\/i>), <i>data spaces<\/i> e agentes de IA. O debate explora como o desafio da ind\u00fastria migrou da escolha da ferramenta tecnol\u00f3gica para a capacidade de integrar bases de dados heterog\u00eaneas entre os setores p\u00fablico e privado.<\/p>\n<p>A relev\u00e2ncia das pautas discutidas \u00e9 sustentada por proje\u00e7\u00f5es de mercado apresentadas durante o evento:<\/p>\n<p><b>Crescimento do mercado global:<\/b> O segmento mundial de <i>smart cities<\/i>, avaliado em US$ 700 bilh\u00f5es, deve atingir US$ 1,45 trilh\u00e3o at\u00e9 2030, impulsionado pela urbaniza\u00e7\u00e3o e integra\u00e7\u00e3o de dados de servi\u00e7os p\u00fablicos e mobilidade.<\/p>\n<p><b>Ado\u00e7\u00e3o de agentes aut\u00f4nomos:<\/b> Estimativas de mercado indicam que, at\u00e9 o encerramento de 2026, 40% das aplica\u00e7\u00f5es corporativas contar\u00e3o com agentes de intelig\u00eancia artificial integrados, ampliando a capacidade de interpreta\u00e7\u00e3o de dados operacionais sem interven\u00e7\u00e3o manual.<\/p>\n<p>Com a participa\u00e7\u00e3o de destaque no HackTown 2026, a <a href=\"https:\/\/frameworkdigital.com.br\/\" target=\"_blank\">Framework Digital<\/a> refor\u00e7a seu posicionamento como ecossistema de acelera\u00e7\u00e3o tecnol\u00f3gica fundamentado em intelig\u00eancia artificial, utilizando a estrutura e metodologia autoral do <a href=\"https:\/\/frameworkdigital.com.br\/symbio-ai\/\" target=\"_blank\">Symbio.AI<\/a> para desenvolver solu\u00e7\u00f5es escal\u00e1veis em parceria com lideran\u00e7as do setor de mobilidade.<\/p>\n<p><b>Sobre a Framework Digital<\/p>\n<p><\/b>A <a href=\"https:\/\/frameworkdigital.com.br\/\" target=\"_blank\">Framework Digital<\/a> \u00e9 um ecossistema de acelera\u00e7\u00e3o tecnol\u00f3gica e inova\u00e7\u00e3o especializado em Intelig\u00eancia Artificial aplicada, engenharia de software e moderniza\u00e7\u00e3o de sistemas cr\u00edticos.<\/p>\n<p>Com atua\u00e7\u00e3o focada em gerar efici\u00eancia operacional e impacto real de neg\u00f3cios, a empresa atua no alinhamento estrat\u00e9gico entre arquiteturas de dados resilientes, <a href=\"https:\/\/frameworkdigital.com.br\/alocacao-gerenciada-de-ti\/\" target=\"_blank\">aloca\u00e7\u00e3o gerenciada de TI<\/a>, ecossistemas <i>cloud-native<\/i> e desenvolvimento de software. Por meio de metodologias e plataformas autorais,\u00a0a empresa desenvolve solu\u00e7\u00f5es escal\u00e1veis e de alta performance para grandes corpora\u00e7\u00f5es do mercado em setores exigentes.<\/p>\n<p>Website: <a href=\"https:\/\/frameworkdigital.com.br\/\" target=\"_blank\">https:\/\/frameworkdigital.com.br\/<\/a><\/p>\n<p>Foto: Framework Digital &#8211; Google Gemini<\/p>\n<p>A <b>OESP<\/b> n\u00e3o \u00e9(s\u00e3o) respons\u00e1vel(is) por erros, incorre\u00e7\u00f5es, atrasos ou quaisquer decis\u00f5es tomadas por seus clientes com base nos Conte\u00fados ora disponibilizados, bem como tais Conte\u00fados n\u00e3o representam a opini\u00e3o da <b>OESP<\/b> e s\u00e3o de inteira responsabilidade da <b>Knewin Dino<\/b><\/p>\n","protected":false},"excerpt":{"rendered":"O HackTown, um dos principais festivais de inova\u00e7\u00e3o, tecnologia, criatividade e novos neg\u00f3cios do Brasil, realiza sua 10\u00aa edi\u00e7\u00e3o em Santa Rita do Sapuca\u00ed (MG) entre os dias 3 e 7 de setembro.","protected":false},"author":1,"featured_media":138233,"comment_status":"open","ping_status":"closed","sticky":false,"template":"","format":"standard","meta":{"_acf_changed":false,"inline_featured_image":false,"_monsterinsights_skip_tracking":false,"_monsterinsights_sitenote_active":false,"_monsterinsights_sitenote_note":"","_monsterinsights_sitenote_category":0,"footnotes":""},"categories":[11470],"tags":[12391,54,300,12404,47,233],"class_list":["post-138232","post","type-post","status-publish","format-standard","has-post-thumbnail","hentry","category-knewin-dino","tag-empreendedorismo","tag-mobilidade","tag-negocios","tag-startups","tag-tecnologia","tag-transporte"],"acf":[],"_links":{"self":[{"href":"https:\/\/bluestudio.estadao.com.br\/agencia-de-comunicacao\/wp-json\/wp\/v2\/posts\/138232","targetHints":{"allow":["GET"]}}],"collection":[{"href":"https:\/\/bluestudio.estadao.com.br\/agencia-de-comunicacao\/wp-json\/wp\/v2\/posts"}],"about":[{"href":"https:\/\/bluestudio.estadao.com.br\/agencia-de-comunicacao\/wp-json\/wp\/v2\/types\/post"}],"author":[{"embeddable":true,"href":"https:\/\/bluestudio.estadao.com.br\/agencia-de-comunicacao\/wp-json\/wp\/v2\/users\/1"}],"replies":[{"embeddable":true,"href":"https:\/\/bluestudio.estadao.com.br\/agencia-de-comunicacao\/wp-json\/wp\/v2\/comments?post=138232"}],"version-history":[{"count":0,"href":"https:\/\/bluestudio.estadao.com.br\/agencia-de-comunicacao\/wp-json\/wp\/v2\/posts\/138232\/revisions"}],"wp:featuredmedia":[{"embeddable":true,"href":"https:\/\/bluestudio.estadao.com.br\/agencia-de-comunicacao\/wp-json\/wp\/v2\/media\/138233"}],"wp:attachment":[{"href":"https:\/\/bluestudio.estadao.com.br\/agencia-de-comunicacao\/wp-json\/wp\/v2\/media?parent=138232"}],"wp:term":[{"taxonomy":"category","embeddable":true,"href":"https:\/\/bluestudio.estadao.com.br\/agencia-de-comunicacao\/wp-json\/wp\/v2\/categories?post=138232"},{"taxonomy":"post_tag","embeddable":true,"href":"https:\/\/bluestudio.estadao.com.br\/agencia-de-comunicacao\/wp-json\/wp\/v2\/tags?post=138232"}],"curies":[{"name":"wp","href":"https:\/\/api.w.org\/{rel}","templated":true}]}}