{"id":138214,"date":"2026-09-03T14:01:00","date_gmt":"2026-09-03T17:01:00","guid":{"rendered":"https:\/\/bluestudio.estadao.com.br\/agencia-de-comunicacao\/knewin-dino\/amend-apresenta-tres-lancamentos-e-aposta-em-inovacao\/"},"modified":"2026-09-03T14:01:00","modified_gmt":"2026-09-03T17:01:00","slug":"amend-apresenta-tres-lancamentos-e-aposta-em-inovacao","status":"publish","type":"post","link":"https:\/\/bluestudio.estadao.com.br\/agencia-de-comunicacao\/knewin-dino\/amend-apresenta-tres-lancamentos-e-aposta-em-inovacao\/","title":{"rendered":"Amend apresenta tr\u00eas lan\u00e7amentos e aposta em inova\u00e7\u00e3o"},"content":{"rendered":"<p>A rotina de cuidados com os cabelos re\u00fane diferentes etapas, que incluem tratamento, reconstru\u00e7\u00e3o, hidrata\u00e7\u00e3o, defini\u00e7\u00e3o e styling. Nesse contexto, a Amend, marca brasileira de cuidados capilares fundada em 1994, amplia seu portf\u00f3lio com tr\u00eas lan\u00e7amentos voltados a diferentes necessidades dos fios: M\u00e1scara Teia Nutritiva, Fluido Modelador Segura a Onda e S\u00e9rum Repara\u00e7\u00e3o Noturna.<\/p>\n<p>As novidades apresentam propostas distintas dentro da rotina capilar. Enquanto a M\u00e1scara Teia Nutritiva \u00e9 direcionada ao tratamento dos fios, o Fluido Modelador Segura a Onda \u00e9 voltado \u00e0 defini\u00e7\u00e3o e modelagem, e o S\u00e9rum Repara\u00e7\u00e3o Noturna foi desenvolvido para integrar o cuidado durante o per\u00edodo de sono.<\/p>\n<p>\u201cNesses lan\u00e7amentos, foram consideradas diferentes necessidades da rotina capilar, desde o cuidado durante o per\u00edodo de sono at\u00e9 as etapas de styling e tratamento. A proposta foi desenvolver produtos com fun\u00e7\u00f5es distintas, que pudessem ser incorporados a diferentes momentos do cuidado com os cabelos\u201d, afirma Jo\u00e3o Paulo Chaccur, CEO da Amend.<\/p>\n<p>A M\u00e1scara Teia Nutritiva combina o chamado efeito teia com a tecnologia Hydra Tech. A proposta \u00e9 facilitar a distribui\u00e7\u00e3o da f\u00f3rmula pelos fios durante a aplica\u00e7\u00e3o, contribuindo para o processo de hidrata\u00e7\u00e3o. O formato de aplica\u00e7\u00e3o tamb\u00e9m diferencia o produto dentro da categoria de m\u00e1scaras de tratamento.<\/p>\n<p>O Fluido Modelador Segura a Onda foi desenvolvido para diferentes tipos de cabelo e pode ser utilizado na defini\u00e7\u00e3o de ondas e cachos naturais ou na manuten\u00e7\u00e3o de produ\u00e7\u00f5es realizadas com ferramentas e t\u00e9cnicas de modelagem, como babyliss e m\u00e9todos sem calor. A f\u00f3rmula tamb\u00e9m conta com prote\u00e7\u00e3o t\u00e9rmica e a\u00e7\u00e3o voltada ao controle do frizz.<\/p>\n<p>J\u00e1 o S\u00e9rum Repara\u00e7\u00e3o Noturna foi formulado para integrar o cuidado capilar ao per\u00edodo de sono. A proposta do produto \u00e9 atuar durante a noite, incorporando uma etapa de reconstru\u00e7\u00e3o \u00e0 rotina sem a necessidade de aplica\u00e7\u00e3o durante o dia.<\/p>\n<p>Os tr\u00eas lan\u00e7amentos ser\u00e3o apresentados pela Amend durante a Beauty Fair 2026, realizada de 5 a 8 de setembro, no Expo Center Norte, em S\u00e3o Paulo. A feira re\u00fane empresas e profissionais dos segmentos de beleza e cuidados pessoais e integra o calend\u00e1rio de eventos do setor no pa\u00eds.<\/p>\n<p><b>Produtos:<\/b><\/p>\n<p>M\u00e1scara Teia Nutritiva | 250g (R$ 69,90)<\/p>\n<p>Fluido Modelador Segura a Onda | 180ml (R$ 89,90)<\/p>\n<p>S\u00e9rum Repara\u00e7\u00e3o Noturna | 180ml (R$ 62,90)<\/p>\n<p>Dispon\u00edvel em:\u00a0<a href=\"https:\/\/www.amend.com.br\/home\/?utm_source=google_ads&amp;utm_medium=cpc&amp;utm_campaign=institucional_search&amp;utm_content=ad2&amp;gad_source=1&amp;gad_campaignid=19705151263&amp;gbraid=0AAAAADkU-UC9EIz9qYOh69HbBj7yarP8C&amp;gclid=Cj0KCQjw5JXFBhCrARIsAL1ckPvZKC6kPEnveM8051pjRfl718EoDdEeMc8z9caoiClIw4HrGB82DcIaAsdWEALw_wcB\" target=\"_blank\">www.amend.com.br<\/a>, perfumarias e farm\u00e1cias de todo o Brasil<\/p>\n<p>Instagram e TikTok: @amend_oficial e @amend_internacional<\/p>\n<p>Foto: Gustavo Awad &#8211; Divulga\u00e7\u00e3o Amend<\/p>\n<p>A <b>OESP<\/b> n\u00e3o \u00e9(s\u00e3o) respons\u00e1vel(is) por erros, incorre\u00e7\u00f5es, atrasos ou quaisquer decis\u00f5es tomadas por seus clientes com base nos Conte\u00fados ora disponibilizados, bem como tais Conte\u00fados n\u00e3o representam a opini\u00e3o da <b>OESP<\/b> e s\u00e3o de inteira responsabilidade da <b>Knewin Dino<\/b><\/p>\n","protected":false},"excerpt":{"rendered":"A rotina de cuidados com os cabelos re\u00fane diferentes etapas, que incluem tratamento, reconstru\u00e7\u00e3o, hidrata\u00e7\u00e3o, defini\u00e7\u00e3o e styling. Nesse contexto, a Amend, marca brasileira de cuidados","protected":false},"author":1,"featured_media":138215,"comment_status":"open","ping_status":"closed","sticky":false,"template":"","format":"standard","meta":{"_acf_changed":false,"inline_featured_image":false,"_monsterinsights_skip_tracking":false,"_monsterinsights_sitenote_active":false,"_monsterinsights_sitenote_note":"","_monsterinsights_sitenote_category":0,"footnotes":""},"categories":[11470],"tags":[12405,112,12401,300,12398],"class_list":["post-138214","post","type-post","status-publish","format-standard","has-post-thumbnail","hentry","category-knewin-dino","tag-eventos","tag-marketing","tag-moda","tag-negocios","tag-saude-e-bem-estar"],"acf":[],"_links":{"self":[{"href":"https:\/\/bluestudio.estadao.com.br\/agencia-de-comunicacao\/wp-json\/wp\/v2\/posts\/138214","targetHints":{"allow":["GET"]}}],"collection":[{"href":"https:\/\/bluestudio.estadao.com.br\/agencia-de-comunicacao\/wp-json\/wp\/v2\/posts"}],"about":[{"href":"https:\/\/bluestudio.estadao.com.br\/agencia-de-comunicacao\/wp-json\/wp\/v2\/types\/post"}],"author":[{"embeddable":true,"href":"https:\/\/bluestudio.estadao.com.br\/agencia-de-comunicacao\/wp-json\/wp\/v2\/users\/1"}],"replies":[{"embeddable":true,"href":"https:\/\/bluestudio.estadao.com.br\/agencia-de-comunicacao\/wp-json\/wp\/v2\/comments?post=138214"}],"version-history":[{"count":0,"href":"https:\/\/bluestudio.estadao.com.br\/agencia-de-comunicacao\/wp-json\/wp\/v2\/posts\/138214\/revisions"}],"wp:featuredmedia":[{"embeddable":true,"href":"https:\/\/bluestudio.estadao.com.br\/agencia-de-comunicacao\/wp-json\/wp\/v2\/media\/138215"}],"wp:attachment":[{"href":"https:\/\/bluestudio.estadao.com.br\/agencia-de-comunicacao\/wp-json\/wp\/v2\/media?parent=138214"}],"wp:term":[{"taxonomy":"category","embeddable":true,"href":"https:\/\/bluestudio.estadao.com.br\/agencia-de-comunicacao\/wp-json\/wp\/v2\/categories?post=138214"},{"taxonomy":"post_tag","embeddable":true,"href":"https:\/\/bluestudio.estadao.com.br\/agencia-de-comunicacao\/wp-json\/wp\/v2\/tags?post=138214"}],"curies":[{"name":"wp","href":"https:\/\/api.w.org\/{rel}","templated":true}]}}