{"id":138189,"date":"2026-09-03T11:54:00","date_gmt":"2026-09-03T14:54:00","guid":{"rendered":"https:\/\/bluestudio.estadao.com.br\/agencia-de-comunicacao\/knewin-dino\/maratona-42k-terra-da-luz-reune-esporte-historia-e-turismo\/"},"modified":"2026-09-03T11:54:00","modified_gmt":"2026-09-03T14:54:00","slug":"maratona-42k-terra-da-luz-reune-esporte-historia-e-turismo","status":"publish","type":"post","link":"https:\/\/bluestudio.estadao.com.br\/agencia-de-comunicacao\/knewin-dino\/maratona-42k-terra-da-luz-reune-esporte-historia-e-turismo\/","title":{"rendered":"Maratona 42K Terra da Luz re\u00fane esporte, hist\u00f3ria e turismo"},"content":{"rendered":"<p>Fortaleza sediar\u00e1, nos dias 5 e 6 de setembro, a Maratona 42K Terra da Luz \u2013 Fortaleza de Costa a Costa, competi\u00e7\u00e3o organizada pela Nova Letra Eventos Criativos. A prova tem como ponto de partida e chegada o Cais do Porto, em frente ao Farol do Mucuripe, monumento que completar\u00e1 180 anos em 2026.<\/p>\n<p>A programa\u00e7\u00e3o inicia no s\u00e1bado, 5 de setembro, com a corrida de 7 km, e continua no domingo, 6 de setembro, com as provas de 21 km e 42 km. Uma novidade \u00e9 o desafio de dois dias, que permite ao atleta completar os 7 km no s\u00e1bado e, no domingo, escolher entre a meia maratona ou a maratona, totalizando percursos de 28 km ou 49 km ao final do fim de semana.<\/p>\n<p>Segundo Fernando Elp\u00eddio, diretor da Nova Letra Eventos Criativos, o conceito \u201cFortaleza de Costa a Costa\u201d nasceu da inten\u00e7\u00e3o de integrar a cidade \u00e0 experi\u00eancia dos corredores, explorando diferentes paisagens e aspectos da capital cearense. \u201cFortaleza \u00e9 a capital de corridas de rua do Nordeste e agora conta com uma maratona para chamar de sua. A ideia foi criar uma prova que percorresse a borda de Fortaleza, aproveitando um percurso mais r\u00e1pido, plano e bonito, e proporcionando duas experi\u00eancias distintas: de um lado, a Fortaleza mais tur\u00edstica e hist\u00f3rica; do outro, um cen\u00e1rio mais urbano e tradicional, em contato com as dunas e a Praia do Futuro\u201d, explicou.<\/p>\n<p>A organiza\u00e7\u00e3o estima a participa\u00e7\u00e3o de aproximadamente seis mil atletas, dos quais mais de 300 s\u00e3o de outros estados brasileiros e 17 de pa\u00edses diferentes. O trajeto de 7 km atravessa as avenidas Vicente de Castro e Aboli\u00e7\u00e3o, chegando \u00e0 Avenida Beira\u2011Mar. Os percursos de 21 km e 42 km avan\u00e7am pelas regi\u00f5es do Mucuripe, Beira\u2011Mar, Praia do Futuro e Sabiaguaba, sendo que a maratona inclui ainda vias da regi\u00e3o central e da Avenida Leste\u2011Oeste, completando o percurso de costa a costa.<\/p>\n<p>As medalhas individuais fazem refer\u00eancia aos 180 anos do Farol do Mucuripe. Nos desafios de dois dias, os participantes recebem tr\u00eas medalhas, produzidas em carbono brilhoso com desenhos de monumentos hist\u00f3ricos e tur\u00edsticos da cidade.<\/p>\n<p>A estrutura de seguran\u00e7a conta com tr\u00eas unidades de terapia intensiva m\u00f3veis, duas unidades de suporte b\u00e1sico, seis motossocorristas, equipes m\u00e9dicas, bombeiros civis e socorristas. Dez desfibriladores s\u00e3o distribu\u00eddos ao longo do percurso, al\u00e9m de duas tendas m\u00e9dicas\u00a0\u2014 uma na largada e outra na \u00e1rea da Sabiaguaba\u00a0\u2014 e tendas de fisioterapia para recupera\u00e7\u00e3o muscular.<\/p>\n<p>Pontos de hidrata\u00e7\u00e3o, reposi\u00e7\u00e3o energ\u00e9tica, seguro de vida e apoio log\u00edstico s\u00e3o oferecidos aos corredores. A retirada dos kits, que inclui camisa oficial, sacola promocional, n\u00famero de peito, chip de cronometragem e medalha, ocorre nos dias 4 e 5 de setembro, no N\u00e1utico Atl\u00e9tico Cearense. Atletas que participam dos desafios de 28 km e 49 km recebem duas camisas oficiais e duas medalhas, al\u00e9m dos itens padr\u00e3o.<\/p>\n<p>Foto: Jhonata Dias<\/p>\n<p>A <b>OESP<\/b> n\u00e3o \u00e9(s\u00e3o) respons\u00e1vel(is) por erros, incorre\u00e7\u00f5es, atrasos ou quaisquer decis\u00f5es tomadas por seus clientes com base nos Conte\u00fados ora disponibilizados, bem como tais Conte\u00fados n\u00e3o representam a opini\u00e3o da <b>OESP<\/b> e s\u00e3o de inteira responsabilidade da <b>Knewin Dino<\/b><\/p>\n","protected":false},"excerpt":{"rendered":"Fortaleza sediar\u00e1, nos dias 5 e 6 de setembro, a Maratona 42K Terra da Luz \u2013 Fortaleza de Costa a Costa, competi\u00e7\u00e3o organizada pela Nova Letra Eventos Criativos. A prova tem como ponto de partida","protected":false},"author":1,"featured_media":138190,"comment_status":"open","ping_status":"closed","sticky":false,"template":"","format":"standard","meta":{"_acf_changed":false,"inline_featured_image":false,"_monsterinsights_skip_tracking":false,"_monsterinsights_sitenote_active":false,"_monsterinsights_sitenote_note":"","_monsterinsights_sitenote_category":0,"footnotes":""},"categories":[11470],"tags":[12422,12414,12398,12395,12393],"class_list":["post-138189","post","type-post","status-publish","format-standard","has-post-thumbnail","hentry","category-knewin-dino","tag-esportes","tag-midia","tag-saude-e-bem-estar","tag-sociedade","tag-turismo-e-viagem"],"acf":[],"_links":{"self":[{"href":"https:\/\/bluestudio.estadao.com.br\/agencia-de-comunicacao\/wp-json\/wp\/v2\/posts\/138189","targetHints":{"allow":["GET"]}}],"collection":[{"href":"https:\/\/bluestudio.estadao.com.br\/agencia-de-comunicacao\/wp-json\/wp\/v2\/posts"}],"about":[{"href":"https:\/\/bluestudio.estadao.com.br\/agencia-de-comunicacao\/wp-json\/wp\/v2\/types\/post"}],"author":[{"embeddable":true,"href":"https:\/\/bluestudio.estadao.com.br\/agencia-de-comunicacao\/wp-json\/wp\/v2\/users\/1"}],"replies":[{"embeddable":true,"href":"https:\/\/bluestudio.estadao.com.br\/agencia-de-comunicacao\/wp-json\/wp\/v2\/comments?post=138189"}],"version-history":[{"count":0,"href":"https:\/\/bluestudio.estadao.com.br\/agencia-de-comunicacao\/wp-json\/wp\/v2\/posts\/138189\/revisions"}],"wp:featuredmedia":[{"embeddable":true,"href":"https:\/\/bluestudio.estadao.com.br\/agencia-de-comunicacao\/wp-json\/wp\/v2\/media\/138190"}],"wp:attachment":[{"href":"https:\/\/bluestudio.estadao.com.br\/agencia-de-comunicacao\/wp-json\/wp\/v2\/media?parent=138189"}],"wp:term":[{"taxonomy":"category","embeddable":true,"href":"https:\/\/bluestudio.estadao.com.br\/agencia-de-comunicacao\/wp-json\/wp\/v2\/categories?post=138189"},{"taxonomy":"post_tag","embeddable":true,"href":"https:\/\/bluestudio.estadao.com.br\/agencia-de-comunicacao\/wp-json\/wp\/v2\/tags?post=138189"}],"curies":[{"name":"wp","href":"https:\/\/api.w.org\/{rel}","templated":true}]}}