{"id":138164,"date":"2026-09-03T09:43:00","date_gmt":"2026-09-03T12:43:00","guid":{"rendered":"https:\/\/bluestudio.estadao.com.br\/agencia-de-comunicacao\/knewin-dino\/jt-express-lanca-projeto-para-desenvolver-jovens-talentos\/"},"modified":"2026-09-03T09:43:00","modified_gmt":"2026-09-03T12:43:00","slug":"jt-express-lanca-projeto-para-desenvolver-jovens-talentos","status":"publish","type":"post","link":"https:\/\/bluestudio.estadao.com.br\/agencia-de-comunicacao\/knewin-dino\/jt-express-lanca-projeto-para-desenvolver-jovens-talentos\/","title":{"rendered":"J&amp;T Express lan\u00e7a projeto para desenvolver jovens talentos"},"content":{"rendered":"<div data-page-id=\"RGFidsDJ1oxJGLxr1I7l0S86gCg\" data-lark-html-role=\"root\" data-docx-has-block-data=\"false\">\n<div class=\"ace-line ace-line old-record-id-doxlger0z2Y6fiK9Vv1VFDSjg9g\">Para fortalecer sua estrat\u00e9gia de desenvolvimento de talentos, a <b><a href=\"http:\/\/www.jtexpress.com.br\" target=\"_blank\">J&amp;T Express<\/a><\/b>, empresa global de log\u00edstica especializada em entregas expressas para o com\u00e9rcio eletr\u00f4nico, deu in\u00edcio, no final de agosto, ao Projeto Decola, programa voltado \u00e0 forma\u00e7\u00e3o de jovens aprendizes e estagi\u00e1rios e \u00e0 atra\u00e7\u00e3o de novos talentos.<\/div>\n<div class=\"ace-line ace-line old-record-id-doxlger0z2Y6fiK9Vv1VFDSjg9g\"><\/div>\n<div class=\"ace-line ace-line old-record-id-doxlgXNThGX4iuCKchc76rVctEd\">O programa combina desenvolvimento t\u00e9cnico e comportamental com experi\u00eancias pr\u00e1ticas, permitindo que os participantes conhe\u00e7am a opera\u00e7\u00e3o da J&amp;T Express e relacionem os conhecimentos adquiridos em sala de aula \u00e0 realidade do mercado de trabalho e do setor log\u00edstico.<\/div>\n<div class=\"ace-line ace-line old-record-id-doxlgXNThGX4iuCKchc76rVctEd\"><\/div>\n<div class=\"ace-line ace-line old-record-id-doxlgiylo1hi1CJbCOpNhXIrVib\">Nesta primeira etapa, 25 jovens j\u00e1 foram impactados pelo projeto, que envolveu o Instituto Federal de Bras\u00edlia (IFB) \u2013 Campus Gama (DF) e o Sest Senat \u2013 unidade de Luzi\u00e2nia (GO). Ap\u00f3s a aplica\u00e7\u00e3o no Centro-Oeste, a J&amp;T Express pretende expandir o programa para outros estados.<\/div>\n<div class=\"ace-line ace-line old-record-id-doxlgiylo1hi1CJbCOpNhXIrVib\"><\/div>\n<div class=\"ace-line ace-line old-record-id-doxlgiylo1hi1CJbCOpNhXIrVib\">\n<div data-page-id=\"RGFidsDJ1oxJGLxr1I7l0S86gCg\" data-lark-html-role=\"root\" data-docx-has-block-data=\"false\">\n<div class=\"ace-line ace-line old-record-id-doxlgDIThNdjqqg1jRQXAgaNypc\">\u201cAcreditamos que grandes carreiras come\u00e7am com uma oportunidade. O Decola nasceu para oferecer aos jovens n\u00e3o apenas uma primeira experi\u00eancia profissional, mas tamb\u00e9m ferramentas para desenvolver suas compet\u00eancias, conhecer o mercado e enxergar possibilidades de carreira. Ao mesmo tempo, a iniciativa nos permite identificar e desenvolver talentos que poder\u00e3o contribuir para o futuro da nossa empresa no pa\u00eds\u201d, afirma Cunchao Wang, gerente regional da J&amp;T Express no Brasil.<\/div>\n<div class=\"ace-line ace-line old-record-id-doxlgDIThNdjqqg1jRQXAgaNypc\"><\/div>\n<div class=\"ace-line ace-line old-record-id-doxlgbVvblLwB1cQy6JVyDGhlih\">Mais do que uma iniciativa de recrutamento, o Decola busca estabelecer parcerias de longo prazo com institui\u00e7\u00f5es de ensino e criar um canal cont\u00ednuo para a atra\u00e7\u00e3o, o desenvolvimento e a reten\u00e7\u00e3o de talentos.<\/div>\n<div class=\"ace-line ace-line old-record-id-doxlgbVvblLwB1cQy6JVyDGhlih\"><\/div>\n<div class=\"ace-line ace-line old-record-id-doxlgb9ZTVsbAh8n3xtsswMwvjd\">\u201cEssa iniciativa integra nossa estrat\u00e9gia nacional de fortalecimento da marca empregadora, com foco no desenvolvimento de profissionais e, consequentemente, das comunidades onde estamos presentes. Queremos ampliar as oportunidades de entrada no mercado de trabalho e contribuir para o crescimento profissional desses jovens\u201d, finaliza Wang.<\/div>\n<\/div>\n<\/div>\n<\/div>\n<p>Website: <a href=\"http:\/\/www.jtexpress.com.br\" target=\"_blank\">http:\/\/www.jtexpress.com.br<\/a><\/p>\n<p>Foto: Divulga\u00e7\u00e3o: J&amp;T Express<\/p>\n<p>A <b>OESP<\/b> n\u00e3o \u00e9(s\u00e3o) respons\u00e1vel(is) por erros, incorre\u00e7\u00f5es, atrasos ou quaisquer decis\u00f5es tomadas por seus clientes com base nos Conte\u00fados ora disponibilizados, bem como tais Conte\u00fados n\u00e3o representam a opini\u00e3o da <b>OESP<\/b> e s\u00e3o de inteira responsabilidade da <b>Knewin Dino<\/b><\/p>\n","protected":false},"excerpt":{"rendered":"Para fortalecer sua estrat\u00e9gia de desenvolvimento de talentos, a J&amp;T Express, empresa global de log\u00edstica especializada em entregas expressas para o com\u00e9rcio eletr\u00f4nico, deu in\u00edcio, no final","protected":false},"author":1,"featured_media":138165,"comment_status":"open","ping_status":"closed","sticky":false,"template":"","format":"standard","meta":{"_acf_changed":false,"inline_featured_image":false,"_monsterinsights_skip_tracking":false,"_monsterinsights_sitenote_active":false,"_monsterinsights_sitenote_note":"","_monsterinsights_sitenote_category":0,"footnotes":""},"categories":[11470],"tags":[12399,232,12391,300,12395],"class_list":["post-138164","post","type-post","status-publish","format-standard","has-post-thumbnail","hentry","category-knewin-dino","tag-e-commerce","tag-educacao","tag-empreendedorismo","tag-negocios","tag-sociedade"],"acf":[],"_links":{"self":[{"href":"https:\/\/bluestudio.estadao.com.br\/agencia-de-comunicacao\/wp-json\/wp\/v2\/posts\/138164","targetHints":{"allow":["GET"]}}],"collection":[{"href":"https:\/\/bluestudio.estadao.com.br\/agencia-de-comunicacao\/wp-json\/wp\/v2\/posts"}],"about":[{"href":"https:\/\/bluestudio.estadao.com.br\/agencia-de-comunicacao\/wp-json\/wp\/v2\/types\/post"}],"author":[{"embeddable":true,"href":"https:\/\/bluestudio.estadao.com.br\/agencia-de-comunicacao\/wp-json\/wp\/v2\/users\/1"}],"replies":[{"embeddable":true,"href":"https:\/\/bluestudio.estadao.com.br\/agencia-de-comunicacao\/wp-json\/wp\/v2\/comments?post=138164"}],"version-history":[{"count":0,"href":"https:\/\/bluestudio.estadao.com.br\/agencia-de-comunicacao\/wp-json\/wp\/v2\/posts\/138164\/revisions"}],"wp:featuredmedia":[{"embeddable":true,"href":"https:\/\/bluestudio.estadao.com.br\/agencia-de-comunicacao\/wp-json\/wp\/v2\/media\/138165"}],"wp:attachment":[{"href":"https:\/\/bluestudio.estadao.com.br\/agencia-de-comunicacao\/wp-json\/wp\/v2\/media?parent=138164"}],"wp:term":[{"taxonomy":"category","embeddable":true,"href":"https:\/\/bluestudio.estadao.com.br\/agencia-de-comunicacao\/wp-json\/wp\/v2\/categories?post=138164"},{"taxonomy":"post_tag","embeddable":true,"href":"https:\/\/bluestudio.estadao.com.br\/agencia-de-comunicacao\/wp-json\/wp\/v2\/tags?post=138164"}],"curies":[{"name":"wp","href":"https:\/\/api.w.org\/{rel}","templated":true}]}}