{"id":138162,"date":"2026-09-03T10:25:00","date_gmt":"2026-09-03T13:25:00","guid":{"rendered":"https:\/\/bluestudio.estadao.com.br\/agencia-de-comunicacao\/knewin-dino\/escritorio-portugues-contacto-atlantico-chega-ao-brasil\/"},"modified":"2026-09-03T10:25:00","modified_gmt":"2026-09-03T13:25:00","slug":"escritorio-portugues-contacto-atlantico-chega-ao-brasil","status":"publish","type":"post","link":"https:\/\/bluestudio.estadao.com.br\/agencia-de-comunicacao\/knewin-dino\/escritorio-portugues-contacto-atlantico-chega-ao-brasil\/","title":{"rendered":"Escrit\u00f3rio portugu\u00eas Contacto Atl\u00e2ntico chega ao Brasil"},"content":{"rendered":"<p>Com tr\u00eas d\u00e9cadas de atua\u00e7\u00e3o em Portugal, o escrit\u00f3rio de arquitetura <b>Contacto Atl\u00e2ntico<\/b> escolhe S\u00e3o Paulo para abrir sua primeira sede fora do pa\u00eds e iniciar uma nova etapa de expans\u00e3o. A estreia acontece em Pinheiros, um dos bairros mais cobi\u00e7ados da capital e tamb\u00e9m um dos que mais v\u00eam se verticalizando nos \u00faltimos anos. Pr\u00f3ximo ao Largo da Batata, o primeiro empreendimento faz diferente ao reunir oito casas de alto padr\u00e3o em uma composi\u00e7\u00e3o de baixa altura, concebida como alternativa ao modelo das torres residenciais.<\/p>\n<p>A nova opera\u00e7\u00e3o \u00e9 inaugurada em um momento de proje\u00e7\u00e3o internacional. Em julho de 2026, o time foi vencedor da premia\u00e7\u00e3o DNA Paris Design Awards, na categoria Arquitetura\/Reabilita\u00e7\u00e3o, pelo projeto Zara Rossio, em Lisboa. A distin\u00e7\u00e3o reconhece uma das principais especialidades do Contacto Atl\u00e2ntico: adaptar edif\u00edcios hist\u00f3ricos a novos usos sem apagar sua identidade.<\/p>\n<p>Fundado em 1996 pelo arquiteto Andr\u00e9 Caiado, o escrit\u00f3rio re\u00fane em seu portf\u00f3lio trabalhos residenciais, corporativos e comerciais, al\u00e9m de uma atua\u00e7\u00e3o consolidada em retrofit e preserva\u00e7\u00e3o do patrim\u00f4nio constru\u00eddo.<\/p>\n<p>\u201cO Brasil \u00e9 um pa\u00eds com enorme potencial urbano e humano. S\u00e3o Paulo, em especial, apresenta uma complexidade muito interessante para a arquitetura. Trabalhei durante dez anos na cidade, em diferentes \u00e1reas e escalas de projeto. Agora, voltar com a experi\u00eancia adquirida na Europa \u00e9 uma oportunidade de contribuir com um olhar mais t\u00e9cnico, contempor\u00e2neo e atento \u00e0 hist\u00f3ria e \u00e0s particularidades do contexto brasileiro\u201d, afirma Igor Tsopanoglou, s\u00f3cio-diretor do Contacto Atl\u00e2ntico no Brasil.<\/p>\n<p><b>Estreia no mercado brasileiro<\/b><\/p>\n<p>Em uma regi\u00e3o marcada pela intensa verticaliza\u00e7\u00e3o e pela chegada de empreendimentos de uso misto, o residencial adota uma escala mais baixa, reservada e pr\u00f3xima da experi\u00eancia de morar em uma casa.<\/p>\n<p>As oito unidades est\u00e3o distribu\u00eddas em quatro volumes independentes, organizados em pares sobrepostos. As moradias inferiores ocupam o t\u00e9rreo e o primeiro pavimento, enquanto as superiores se desenvolvem entre o segundo e o terceiro andar.<\/p>\n<p>A implanta\u00e7\u00e3o concilia privacidade, autonomia e presen\u00e7a do verde: as casas t\u00e9rreas contam com jardins e as unidades dos pavimentos superiores, com terra\u00e7os privativos. No n\u00edvel da rua, a fachada ativa estabelece uma rela\u00e7\u00e3o mais direta com o entorno e evita a l\u00f3gica dos condom\u00ednios fechados em si mesmos.<\/p>\n<p>\u201cA ideia foi criar casas dentro da cidade, com jardim, privacidade e uma rela\u00e7\u00e3o mais generosa com a rua. Procuramos responder \u00e0s caracter\u00edsticas de Pinheiros por meio de uma arquitetura de menor escala, integrada ao bairro e pensada para a vida cotidiana dos moradores\u201d, explica Tsopanoglou.<\/p>\n<p><b>Reabilitar sem apagar a hist\u00f3ria<\/b><\/p>\n<p>O reconhecimento concedido \u00e0 Zara Rossio refor\u00e7a uma especialidade constru\u00edda ao longo de tr\u00eas d\u00e9cadas pelo escrit\u00f3rio: atualizar constru\u00e7\u00f5es antigas sem eliminar os elementos que lhes conferem identidade. Instalada em um edif\u00edcio com mais de 200 anos, a interven\u00e7\u00e3o transformou o im\u00f3vel na segunda maior loja da Zara no mundo, preservando seu car\u00e1ter pombalino e os principais tra\u00e7os da arquitetura original.<\/p>\n<p>O portf\u00f3lio inclui ainda trabalhos em edif\u00edcios dos s\u00e9culos XVIII e XIX, entre eles a reabilita\u00e7\u00e3o e amplia\u00e7\u00e3o do antigo pr\u00e9dio do Di\u00e1rio de Not\u00edcias, na Avenida da Liberdade, em Lisboa. Ao dar novos usos a essas estruturas, o Contacto Atl\u00e2ntico prolonga sua vida \u00fatil e mant\u00e9m viva parte da mem\u00f3ria das cidades.<\/p>\n<p>\u201cGrande parte do tecido urbano foi constru\u00edda antes dos anos 1980 e precisa ser atualizada para responder \u00e0s exig\u00eancias contempor\u00e2neas de uso, conforto, efici\u00eancia energ\u00e9tica e tecnologia. Trabalhar com retrofit \u00e9 tamb\u00e9m uma forma de preservar a cultura, a tradi\u00e7\u00e3o e a hist\u00f3ria, valores que s\u00e3o muito importantes para n\u00f3s\u201d, ressalta Andr\u00e9 Caiado, fundador e CEO do escrit\u00f3rio.<\/p>\n<p><b>Portf\u00f3lio de grifes<\/b><\/p>\n<p>Al\u00e9m do trabalho com patrim\u00f4nio, o Contacto Atl\u00e2ntico desenvolveu espa\u00e7os para grifes como Prada, Louis Vuitton, Armani, Miu Miu e Max Mara, traduzindo a identidade global de cada uma sem perder de vista as particularidades culturais e arquitet\u00f4nicas de cada destino.<\/p>\n<p>\u201cQuando trabalhamos com uma marca, procuramos quase sempre uma adapta\u00e7\u00e3o ao lugar onde ela se instala. Existe uma rela\u00e7\u00e3o simbi\u00f3tica: a marca traz reconhecimento internacional, mas a cultura e a cidade oferecem caracter\u00edsticas \u00fanicas. Nosso papel \u00e9 equilibrar os valores locais com os objetivos da marca, criando projetos que contam hist\u00f3rias e se tornam experi\u00eancias\u201d, acentua Andr\u00e9 Caiado.<\/p>\n<p>Formada por arquitetos, engenheiros, designers de interiores e paisagistas, a equipe acompanha cada trabalho do conceito \u00e0 execu\u00e7\u00e3o. Ferramentas como BIM, modelagem 3D e realidade virtual ampliam a precis\u00e3o e a coordena\u00e7\u00e3o entre as diferentes \u00e1reas, enquanto a efici\u00eancia energ\u00e9tica, a escolha criteriosa de materiais e a redu\u00e7\u00e3o do impacto ambiental orientam as decis\u00f5es.<\/p>\n<p>A partir da nova sede, o Contacto Atl\u00e2ntico passa a aplicar o conhecimento desenvolvido em Portugal \u00e0s particularidades do mercado brasileiro. O residencial em Pinheiros marca o in\u00edcio dessa atua\u00e7\u00e3o, aproximando a experi\u00eancia internacional da equipe dos modos de morar, trabalhar e transformar edif\u00edcios no pa\u00eds.<\/p>\n<p>Website: <a href=\"https:\/\/contactoatlantico.com\" target=\"_blank\">https:\/\/contactoatlantico.com<\/a><\/p>\n<p>Foto: Foto: Fernando Guerra<\/p>\n<p>A <b>OESP<\/b> n\u00e3o \u00e9(s\u00e3o) respons\u00e1vel(is) por erros, incorre\u00e7\u00f5es, atrasos ou quaisquer decis\u00f5es tomadas por seus clientes com base nos Conte\u00fados ora disponibilizados, bem como tais Conte\u00fados n\u00e3o representam a opini\u00e3o da <b>OESP<\/b> e s\u00e3o de inteira responsabilidade da <b>Knewin Dino<\/b><\/p>\n","protected":false},"excerpt":{"rendered":"Com tr\u00eas d\u00e9cadas de atua\u00e7\u00e3o em Portugal, o escrit\u00f3rio de arquitetura Contacto Atl\u00e2ntico escolhe S\u00e3o Paulo para abrir sua primeira sede fora do pa\u00eds e iniciar uma nova etapa de expans\u00e3o. A","protected":false},"author":1,"featured_media":138163,"comment_status":"open","ping_status":"closed","sticky":false,"template":"","format":"standard","meta":{"_acf_changed":false,"inline_featured_image":false,"_monsterinsights_skip_tracking":false,"_monsterinsights_sitenote_active":false,"_monsterinsights_sitenote_note":"","_monsterinsights_sitenote_category":0,"footnotes":""},"categories":[11470],"tags":[12410,101,12408,300,12170],"class_list":["post-138162","post","type-post","status-publish","format-standard","has-post-thumbnail","hentry","category-knewin-dino","tag-arquitetura","tag-economia","tag-engenharia","tag-negocios","tag-sustentabilidade"],"acf":[],"_links":{"self":[{"href":"https:\/\/bluestudio.estadao.com.br\/agencia-de-comunicacao\/wp-json\/wp\/v2\/posts\/138162","targetHints":{"allow":["GET"]}}],"collection":[{"href":"https:\/\/bluestudio.estadao.com.br\/agencia-de-comunicacao\/wp-json\/wp\/v2\/posts"}],"about":[{"href":"https:\/\/bluestudio.estadao.com.br\/agencia-de-comunicacao\/wp-json\/wp\/v2\/types\/post"}],"author":[{"embeddable":true,"href":"https:\/\/bluestudio.estadao.com.br\/agencia-de-comunicacao\/wp-json\/wp\/v2\/users\/1"}],"replies":[{"embeddable":true,"href":"https:\/\/bluestudio.estadao.com.br\/agencia-de-comunicacao\/wp-json\/wp\/v2\/comments?post=138162"}],"version-history":[{"count":0,"href":"https:\/\/bluestudio.estadao.com.br\/agencia-de-comunicacao\/wp-json\/wp\/v2\/posts\/138162\/revisions"}],"wp:featuredmedia":[{"embeddable":true,"href":"https:\/\/bluestudio.estadao.com.br\/agencia-de-comunicacao\/wp-json\/wp\/v2\/media\/138163"}],"wp:attachment":[{"href":"https:\/\/bluestudio.estadao.com.br\/agencia-de-comunicacao\/wp-json\/wp\/v2\/media?parent=138162"}],"wp:term":[{"taxonomy":"category","embeddable":true,"href":"https:\/\/bluestudio.estadao.com.br\/agencia-de-comunicacao\/wp-json\/wp\/v2\/categories?post=138162"},{"taxonomy":"post_tag","embeddable":true,"href":"https:\/\/bluestudio.estadao.com.br\/agencia-de-comunicacao\/wp-json\/wp\/v2\/tags?post=138162"}],"curies":[{"name":"wp","href":"https:\/\/api.w.org\/{rel}","templated":true}]}}