{"id":138145,"date":"2026-09-03T09:26:00","date_gmt":"2026-09-03T12:26:00","guid":{"rendered":"https:\/\/bluestudio.estadao.com.br\/agencia-de-comunicacao\/knewin-dino\/mondial-ganha-premio-mesc-em-air-fryer-e-ventilacao\/"},"modified":"2026-09-03T09:26:00","modified_gmt":"2026-09-03T12:26:00","slug":"mondial-ganha-premio-mesc-em-air-fryer-e-ventilacao","status":"publish","type":"post","link":"https:\/\/bluestudio.estadao.com.br\/agencia-de-comunicacao\/knewin-dino\/mondial-ganha-premio-mesc-em-air-fryer-e-ventilacao\/","title":{"rendered":"Mondial ganha Pr\u00eamio MESC em Air Fryer e Ventila\u00e7\u00e3o"},"content":{"rendered":"<p>A Mondial, empresa nacional de eletrodom\u00e9sticos port\u00e1teis, recebeu na edi\u00e7\u00e3o 2026 do Pr\u00eamio MESC os trof\u00e9us de Melhor Empresa de Air Fryer e Melhor Empresa em Ventila\u00e7\u00e3o. A cerim\u00f4nia de entrega ocorreu em S\u00e3o Paulo, no dia 2 de setembro, com a presen\u00e7a de representantes da empresa e do Instituto MESC.<\/p>\n<p>O pr\u00eamio baseou\u2011se na M\u00e9dia MESC, que combina o \u00cdndice de Satisfa\u00e7\u00e3o do Cliente (ISC) e a Auditoria de Efic\u00e1cia das Pr\u00e1ticas (AP). A Mondial atingiu 84,22% na categoria Air Fryer e 89,32% na categoria Ventila\u00e7\u00e3o, valores superiores ao limite de 80% exigido para certifica\u00e7\u00e3o. Al\u00e9m dos trof\u00e9us setoriais, a empresa foi destacada como Melhor Atendimento no ranking geral do Pr\u00eamio MESC 2026, refor\u00e7ando a consist\u00eancia de suas pr\u00e1ticas de relacionamento com o consumidor.<\/p>\n<p>Para Giovanni M. Cardoso, cofundador da Mondial, os reconhecimentos refletem uma estrat\u00e9gia que coloca o consumidor no centro das decis\u00f5es da empresa. \u201cReceber novamente esse reconhecimento do Instituto MESC, em categorias t\u00e3o importantes, demonstra que estamos no caminho certo ao manter o consumidor no centro das nossas decis\u00f5es. Trabalhamos continuamente para oferecer produtos de alta qualidade que atendam \u00e0s necessidades, ao mesmo tempo, com uma experi\u00eancia de atendimento cada vez mais pr\u00f3xima, eficiente e resolutiva. Esse resultado \u00e9 fruto do trabalho dos nossos 7.500 colaboradores diretos e do nosso DNA de atender as reais necessidades dos consumidores, sempre com vis\u00e3o positiva, foco no essencial e melhoria cont\u00ednua\u201d, afirma Giovanni.<\/p>\n<p>A cerim\u00f4nia contou com a presen\u00e7a do cofundador Giovanni Cardoso, Silvia Arassiro, Diretora de P\u00f3s-vendas, Deise Amorim, Head de Inova\u00e7\u00e3o e Trade Marketing Latam, Flavio Jarava, gerente de P\u00f3s-vendas, Let\u00edcia Feliciano, Coordenadora de Marketing, al\u00e9m das equipes de Comunica\u00e7\u00e3o e P\u00f3s-vendas.<\/p>\n<p>A Mondial mant\u00e9m estrutura pr\u00f3pria de Atendimento ao Consumidor, monitorando intera\u00e7\u00f5es em m\u00faltiplos canais para identificar oportunidades de melhoria em processos, produtos e servi\u00e7os. Segundo a empresa, a\u00a0iniciativa permite aprimorar processos, produtos e servi\u00e7os a partir das demandas apresentadas pelos clientes.<\/p>\n<p>O Instituto MESC desenvolveu uma tecnologia de intelig\u00eancia artificial que consolida opini\u00f5es registradas espontaneamente pelos clientes em diversos canais. O sistema identifica feedbacks positivos e negativos e os classifica em 22 temas comportamentais avaliados pela metodologia do MESC. A certifica\u00e7\u00e3o \u00e9 concedida apenas \u00e0s empresas que atingem \u00edndice de satisfa\u00e7\u00e3o igual ou superior a 80%.<\/p>\n<p>Website: <a href=\"https:\/\/www.institutomesc.com.br\/premioMESC\" target=\"_blank\">https:\/\/www.institutomesc.com.br\/premioMESC<\/a><\/p>\n<p>Foto: Divulga\u00e7\u00e3o Mondial<\/p>\n<p>A <b>OESP<\/b> n\u00e3o \u00e9(s\u00e3o) respons\u00e1vel(is) por erros, incorre\u00e7\u00f5es, atrasos ou quaisquer decis\u00f5es tomadas por seus clientes com base nos Conte\u00fados ora disponibilizados, bem como tais Conte\u00fados n\u00e3o representam a opini\u00e3o da <b>OESP<\/b> e s\u00e3o de inteira responsabilidade da <b>Knewin Dino<\/b><\/p>\n","protected":false},"excerpt":{"rendered":"A Mondial, empresa nacional de eletrodom\u00e9sticos port\u00e1teis, recebeu na edi\u00e7\u00e3o 2026 do Pr\u00eamio MESC os trof\u00e9us de Melhor Empresa de Air Fryer e Melhor Empresa em Ventila\u00e7\u00e3o. A cerim\u00f4nia de","protected":false},"author":1,"featured_media":138146,"comment_status":"open","ping_status":"closed","sticky":false,"template":"","format":"standard","meta":{"_acf_changed":false,"inline_featured_image":false,"_monsterinsights_skip_tracking":false,"_monsterinsights_sitenote_active":false,"_monsterinsights_sitenote_note":"","_monsterinsights_sitenote_category":0,"footnotes":""},"categories":[11470],"tags":[12415,101,12394,300,47],"class_list":["post-138145","post","type-post","status-publish","format-standard","has-post-thumbnail","hentry","category-knewin-dino","tag-comunicacao","tag-economia","tag-industria-de-duraveis","tag-negocios","tag-tecnologia"],"acf":[],"_links":{"self":[{"href":"https:\/\/bluestudio.estadao.com.br\/agencia-de-comunicacao\/wp-json\/wp\/v2\/posts\/138145","targetHints":{"allow":["GET"]}}],"collection":[{"href":"https:\/\/bluestudio.estadao.com.br\/agencia-de-comunicacao\/wp-json\/wp\/v2\/posts"}],"about":[{"href":"https:\/\/bluestudio.estadao.com.br\/agencia-de-comunicacao\/wp-json\/wp\/v2\/types\/post"}],"author":[{"embeddable":true,"href":"https:\/\/bluestudio.estadao.com.br\/agencia-de-comunicacao\/wp-json\/wp\/v2\/users\/1"}],"replies":[{"embeddable":true,"href":"https:\/\/bluestudio.estadao.com.br\/agencia-de-comunicacao\/wp-json\/wp\/v2\/comments?post=138145"}],"version-history":[{"count":0,"href":"https:\/\/bluestudio.estadao.com.br\/agencia-de-comunicacao\/wp-json\/wp\/v2\/posts\/138145\/revisions"}],"wp:featuredmedia":[{"embeddable":true,"href":"https:\/\/bluestudio.estadao.com.br\/agencia-de-comunicacao\/wp-json\/wp\/v2\/media\/138146"}],"wp:attachment":[{"href":"https:\/\/bluestudio.estadao.com.br\/agencia-de-comunicacao\/wp-json\/wp\/v2\/media?parent=138145"}],"wp:term":[{"taxonomy":"category","embeddable":true,"href":"https:\/\/bluestudio.estadao.com.br\/agencia-de-comunicacao\/wp-json\/wp\/v2\/categories?post=138145"},{"taxonomy":"post_tag","embeddable":true,"href":"https:\/\/bluestudio.estadao.com.br\/agencia-de-comunicacao\/wp-json\/wp\/v2\/tags?post=138145"}],"curies":[{"name":"wp","href":"https:\/\/api.w.org\/{rel}","templated":true}]}}