{"id":138066,"date":"2026-09-02T13:56:00","date_gmt":"2026-09-02T16:56:00","guid":{"rendered":"https:\/\/bluestudio.estadao.com.br\/agencia-de-comunicacao\/knewin-dino\/seguro-cobre-9-das-perdas-com-desastres-climaticos\/"},"modified":"2026-09-02T13:56:00","modified_gmt":"2026-09-02T16:56:00","slug":"seguro-cobre-9-das-perdas-com-desastres-climaticos","status":"publish","type":"post","link":"https:\/\/bluestudio.estadao.com.br\/agencia-de-comunicacao\/knewin-dino\/seguro-cobre-9-das-perdas-com-desastres-climaticos\/","title":{"rendered":"Seguro cobre 9% das perdas com desastres clim\u00e1ticos"},"content":{"rendered":"<p>O reconhecimento federal de situa\u00e7\u00e3o de emerg\u00eancia em 46 munic\u00edpios de oito estados, publicado em 20 de agosto pelo Minist\u00e9rio da Integra\u00e7\u00e3o e do Desenvolvimento Regional, re\u00fane cidades atingidas por fortes chuvas, vendaval, granizo, tornados e inunda\u00e7\u00f5es, al\u00e9m de casos de seca e estiagem. Diante de perdas provocadas por eventos dessa natureza, o mercado segurador brasileiro cobre cerca de 9% do preju\u00edzo econ\u00f4mico registrado no pa\u00eds.<\/p>\n<p>O percentual consta do Radar de Eventos Clim\u00e1ticos e Seguros no Brasil, estudo publicado pela Confedera\u00e7\u00e3o Nacional das Seguradoras em novembro de 2025. Em pa\u00edses desenvolvidos, a cobertura m\u00e9dia estimada varia entre 20% e 55%, conforme a metodologia e o per\u00edodo analisado. As regi\u00f5es Norte e Nordeste concentram a maior lacuna de prote\u00e7\u00e3o do pa\u00eds, com cobertura m\u00e9dia inferior a 2%.<\/p>\n<p>O mesmo levantamento identificou 67 eventos clim\u00e1ticos significativos entre 2022 e 2024, com perdas econ\u00f4micas estimadas em R$ 184 bilh\u00f5es. Somente at\u00e9 junho de 2025 foram contabilizados outros 10 eventos, que somam R$ 31 bilh\u00f5es. Os n\u00fameros t\u00eam como base os registros da Secretaria Nacional de Prote\u00e7\u00e3o e Defesa Civil.<\/p>\n<p>Em 2024, as indeniza\u00e7\u00f5es pagas por danos no setor somaram R$ 60,4 bilh\u00f5es, e cerca de 12% desse total, o equivalente a R$ 7,3 bilh\u00f5es, corresponderam a eventos clim\u00e1ticos. O grupo Patrimonial, que re\u00fane o seguro residencial e os produtos compreensivos contratados por empresas, concentrou 58% das indeniza\u00e7\u00f5es ligadas a desastres.<\/p>\n<p>A forma como esses contratos s\u00e3o estruturados est\u00e1 descrita pela Superintend\u00eancia de Seguros Privados. Na modalidade de cobertura b\u00e1sica simples, o seguro compreensivo alcan\u00e7a inc\u00eandio, queda de raio dentro do terreno segurado e explos\u00e3o de qualquer natureza, enquanto a cobertura b\u00e1sica ampla abrange quaisquer eventos que possam causar danos f\u00edsicos ao im\u00f3vel segurado, exceto os expressamente exclu\u00eddos.<\/p>\n<p>Vendaval, alagamento, impacto de ve\u00edculos, danos el\u00e9tricos e quebra de vidros aparecem entre as coberturas oferecidas de forma adicional, de acordo com os riscos a que o bem est\u00e1 sujeito. Para fins de seguro, a autarquia define inc\u00eandio como o fogo que se propaga ou se desenvolve com intensidade, destruindo e causando preju\u00edzos, e registra que os danos el\u00e9tricos geralmente n\u00e3o s\u00e3o considerados inc\u00eandios, podendo ser cobertos por contrata\u00e7\u00e3o espec\u00edfica que deve estar mencionada na ap\u00f3lice.<\/p>\n<p>O advogado com atua\u00e7\u00e3o em direito securit\u00e1rio e s\u00f3cio do escrit\u00f3rio Magalh\u00e3es Gomes Advogados, Paulo Magalh\u00e3es Gomes, avalia que as discuss\u00f5es envolvendo eventos da natureza costumam se concentrar na leitura do que foi efetivamente contratado. &#8220;Ter ap\u00f3lice e ter a cobertura do evento s\u00e3o coisas diferentes, e a distin\u00e7\u00e3o costuma aparecer s\u00f3 depois do sinistro&#8221;, afirma o advogado.<\/p>\n<p>Em vigor desde 11 de dezembro de 2025, a Lei n\u00ba 15.040\/2024 trata do contrato de seguro. Conforme a Susep, a norma determina que coberturas, exclus\u00f5es e riscos sejam apresentados de forma clara, sem ambiguidades, e estabelece que, em situa\u00e7\u00f5es de diverg\u00eancia entre documentos, prevale\u00e7a o entendimento mais favor\u00e1vel ao segurado, ao benefici\u00e1rio ou ao terceiro prejudicado.<\/p>\n<p>A intermedia\u00e7\u00e3o entre o risco a que o bem est\u00e1 exposto e o texto contratado cabe ao corretor de seguros, definido pela Lei 4.594\/1964 como o intermedi\u00e1rio legalmente autorizado a angariar e promover contratos de seguro. &#8220;A identifica\u00e7\u00e3o do que depende de cobertura adicional \u00e9 anterior ao sinistro e passa por an\u00e1lise t\u00e9cnica do risco de cada bem&#8221;, completa Magalh\u00e3es Gomes.<\/p>\n<p>Enquanto novos reconhecimentos de emerg\u00eancia s\u00e3o publicados a cada m\u00eas, cerca de 9% das perdas econ\u00f4micas provocadas por desastres clim\u00e1ticos chegam a ser indenizadas no pa\u00eds. O alcance de cada ap\u00f3lice permanece definido antes do evento, na descri\u00e7\u00e3o das coberturas contratadas.<\/p>\n<p>Website: <a href=\"https:\/\/magalhaesgomes.com.br\" target=\"_blank\">https:\/\/magalhaesgomes.com.br<\/a><\/p>\n<p>Foto: Helena Jankovi\u010dov\u00e1 Kov\u00e1\u010dov\u00e1 \/ Pexels<\/p>\n<p>A <b>OESP<\/b> n\u00e3o \u00e9(s\u00e3o) respons\u00e1vel(is) por erros, incorre\u00e7\u00f5es, atrasos ou quaisquer decis\u00f5es tomadas por seus clientes com base nos Conte\u00fados ora disponibilizados, bem como tais Conte\u00fados n\u00e3o representam a opini\u00e3o da <b>OESP<\/b> e s\u00e3o de inteira responsabilidade da <b>Knewin Dino<\/b><\/p>\n","protected":false},"excerpt":{"rendered":"O reconhecimento federal de situa\u00e7\u00e3o de emerg\u00eancia em 46 munic\u00edpios de oito estados, publicado em 20 de agosto pelo Minist\u00e9rio da Integra\u00e7\u00e3o e do Desenvolvimento Regional, re\u00fane cidades","protected":false},"author":1,"featured_media":138067,"comment_status":"open","ping_status":"closed","sticky":false,"template":"","format":"standard","meta":{"_acf_changed":false,"inline_featured_image":false,"_monsterinsights_skip_tracking":false,"_monsterinsights_sitenote_active":false,"_monsterinsights_sitenote_note":"","_monsterinsights_sitenote_category":0,"footnotes":""},"categories":[11470],"tags":[101,73,300,12392,12406],"class_list":["post-138066","post","type-post","status-publish","format-standard","has-post-thumbnail","hentry","category-knewin-dino","tag-economia","tag-meio-ambiente","tag-negocios","tag-politicas","tag-seguros"],"acf":[],"_links":{"self":[{"href":"https:\/\/bluestudio.estadao.com.br\/agencia-de-comunicacao\/wp-json\/wp\/v2\/posts\/138066","targetHints":{"allow":["GET"]}}],"collection":[{"href":"https:\/\/bluestudio.estadao.com.br\/agencia-de-comunicacao\/wp-json\/wp\/v2\/posts"}],"about":[{"href":"https:\/\/bluestudio.estadao.com.br\/agencia-de-comunicacao\/wp-json\/wp\/v2\/types\/post"}],"author":[{"embeddable":true,"href":"https:\/\/bluestudio.estadao.com.br\/agencia-de-comunicacao\/wp-json\/wp\/v2\/users\/1"}],"replies":[{"embeddable":true,"href":"https:\/\/bluestudio.estadao.com.br\/agencia-de-comunicacao\/wp-json\/wp\/v2\/comments?post=138066"}],"version-history":[{"count":0,"href":"https:\/\/bluestudio.estadao.com.br\/agencia-de-comunicacao\/wp-json\/wp\/v2\/posts\/138066\/revisions"}],"wp:featuredmedia":[{"embeddable":true,"href":"https:\/\/bluestudio.estadao.com.br\/agencia-de-comunicacao\/wp-json\/wp\/v2\/media\/138067"}],"wp:attachment":[{"href":"https:\/\/bluestudio.estadao.com.br\/agencia-de-comunicacao\/wp-json\/wp\/v2\/media?parent=138066"}],"wp:term":[{"taxonomy":"category","embeddable":true,"href":"https:\/\/bluestudio.estadao.com.br\/agencia-de-comunicacao\/wp-json\/wp\/v2\/categories?post=138066"},{"taxonomy":"post_tag","embeddable":true,"href":"https:\/\/bluestudio.estadao.com.br\/agencia-de-comunicacao\/wp-json\/wp\/v2\/tags?post=138066"}],"curies":[{"name":"wp","href":"https:\/\/api.w.org\/{rel}","templated":true}]}}