{"id":138048,"date":"2026-09-02T13:42:00","date_gmt":"2026-09-02T16:42:00","guid":{"rendered":"https:\/\/bluestudio.estadao.com.br\/agencia-de-comunicacao\/prnewswire\/a-btl-estabelece-uma-nova-divisao-de-lasers-e-apresenta-o-exolase-one-o-primeiro-laser-de-erbio-integrado-do-mundo\/"},"modified":"2026-09-02T13:42:00","modified_gmt":"2026-09-02T16:42:00","slug":"a-btl-estabelece-uma-nova-divisao-de-lasers-e-apresenta-o-exolase-one-o-primeiro-laser-de-erbio-integrado-do-mundo","status":"publish","type":"post","link":"https:\/\/bluestudio.estadao.com.br\/agencia-de-comunicacao\/prnewswire\/a-btl-estabelece-uma-nova-divisao-de-lasers-e-apresenta-o-exolase-one-o-primeiro-laser-de-erbio-integrado-do-mundo\/","title":{"rendered":"A BTL estabelece uma nova divis\u00e3o de lasers e apresenta o EXOLASE ONE\u00ae &#8212; o primeiro laser de \u00e9rbio integrado do mundo"},"content":{"rendered":"\n<div class=\"xn-content\">\n<i>Tecnologia patenteada funde m\u00faltiplos comprimentos de onda em um \u00fanico feixe para estabelecer um novo padr\u00e3o de tratamento para o rejuvenescimento facial a laser.<\/i><\/p>\n<p><span class=\"legendSpanClass\">PRAGA<\/span>, <span class=\"legendSpanClass\">2 de setembro de 2026<\/span> \/PRNewswire\/ &#8212; A BTL, l\u00edder global em tecnologias m\u00e9dicas e est\u00e9ticas avan\u00e7adas baseadas em energia, anunciou hoje um marco importante em sua hist\u00f3ria corporativa: o estabelecimento oficial de sua divis\u00e3o dedicada a lasers e o pr\u00f3ximo lan\u00e7amento de seu principal sistema de laser, EXOLASE ONE<sup>\u00ae<\/sup><\/p>\n<div class=\"PRN_ImbeddedAssetReference\" id=\"DivAssetPlaceHolder1\">\n  <img decoding=\"async\" src=\"https:\/\/mmx.prnewswire.com\/media\/MS1979395\/IMG_5612_2.jpg?id=OA2923394\" title=\"EXOLASE ONE\u00ae is manufactured at BTL&apos;s state-of-the-art European facility (www.exolaseone.com)\" alt=\"EXOLASE ONE\u00ae is manufactured at BTL&apos;s state-of-the-art European facility (www.exolaseone.com)\" \/>\n <\/p>\n<\/p><\/div>\n<p>EXOLASE ONE<sup>\u00ae<\/sup> \u00e9 um grande avan\u00e7o na ind\u00fastria est\u00e9tica, sendo a primeira aplica\u00e7\u00e3o da tecnologia de laser de \u00e9rbio fundido na pr\u00e1tica m\u00e9dica. O sistema funde m\u00faltiplos comprimentos de onda de laser de \u00e9rbio em um \u00fanico feixe de luz, tratando exatamente o mesmo ponto de forma simult\u00e2nea. Isso cria uma forma completamente nova de intera\u00e7\u00e3o laser-tecido que supera as limita\u00e7\u00f5es tradicionais dos lasers de rejuvenescimento facial existentes em termos de efic\u00e1cia cl\u00ednica, rapidez do tratamento e conforto do paciente.<\/p>\n<p>&#8220;<i>A tecnologia abrange o que normalmente requer m\u00faltiplos sistemas ablativos e n\u00e3o ablativos, transformando-o em um procedimento notavelmente simples que trata todo o rosto em menos de 10 minutos, proporcionando resultados superiores para nossos pacientes<\/i>&#8220;, disse a Dra. Reha Yavuzer, uma das primeiras pesquisadoras cl\u00ednicas da plataforma.<\/p>\n<p>EXOLASE ONE<sup>\u00ae<\/sup> \u00e9 o mais recente avan\u00e7o de alta tecnologia desenvolvido a partir da extensa infraestrutura de P&amp;D da BTL, que impulsionou muitas das inova\u00e7\u00f5es que definem o setor da empresa.<\/p>\n<p>&#8220;<i>Este \u00e9 um momento hist\u00f3rico para a BTL. Desde o in\u00edcio, sab\u00edamos que apenas uma tecnologia verdadeiramente disruptiva nos permitiria construir uma verdadeira pot\u00eancia em lasers&#8221;, <\/i>disse Tomas Schwarz, CEO do BTL Group. &#8220;Com <i>base no feedback de centros cl\u00ednicos pioneiros de diferentes partes do mundo, o EXOLASE ONE<\/i><sup>\u00ae <\/sup><i>representa exatamente esse tipo de inova\u00e7\u00e3o.<\/i>&#8220;<\/p>\n<p>Ap\u00f3s um programa de acesso antecipado para l\u00edderes de opini\u00e3o selecionados, o EXOLASE ONE<sup>\u00ae<\/sup> passar\u00e1 para um lan\u00e7amento global mais amplo em 2027, inicialmente focado em medicina est\u00e9tica e dermatologia. A nova divis\u00e3o de laser se torna a sexta divis\u00e3o principal da BTL, complementando as opera\u00e7\u00f5es j\u00e1 existentes nas \u00e1reas de est\u00e9tica, bem-estar mental, reabilita\u00e7\u00e3o, cardiologia e rob\u00f3tica.<\/p>\n<p><b>Sobre a BTL<\/b><\/p>\n<p>Fundada em 1993, a BTL cresceu e se tornou uma das principais fabricantes mundiais de equipamentos m\u00e9dicos e est\u00e9ticos. Com mais de 5.000 funcion\u00e1rios em mais de 90 pa\u00edses, a BTL revolucionou o setor ao oferecer as solu\u00e7\u00f5es n\u00e3o invasivas mais avan\u00e7adas para modelagem corporal, reafirma\u00e7\u00e3o da pele, rejuvenescimento facial, sa\u00fade mental, reabilita\u00e7\u00e3o e cardiologia. As marcas pioneiras da BTL incluem EMSCULPT NEO\u00ae, EMFACE\u00ae, EMSELLA\u00ae, EXOMIND\u00ae e muitas outras. Visite o site da BTL e conhe\u00e7a seu portf\u00f3lio de inova\u00e7\u00f5es m\u00e9dicas: <a href=\"https:\/\/www.btlaesthetics.com\/\" target=\"_blank\" rel=\"nofollow\">www.btlaesthetics.com<\/a><\/p>\n<p><b>Equipe de imprensa:<\/b> <a href=\"mailto:media@btlnet.com\" target=\"_blank\" rel=\"nofollow\">media@btlnet.com<\/a> <\/p>\n<div class=\"PRN_ImbeddedAssetReference\" id=\"DivAssetPlaceHolder2\">\n  <img decoding=\"async\" src=\"https:\/\/mmx.prnewswire.com\/media\/MS1650836\/BTL-Group-Logo.jpg?id=OA2923393\" title=\"BTL Group Logo\" alt=\"BTL Group Logo\" \/>\n <\/p>\n<\/div>\n<p id=\"PURL\"><img loading=\"lazy\" decoding=\"async\" title=\"Cision\" width=\"12\" height=\"12\" alt=\"Cision\" src=\"https:\/\/edge.prnewswire.com\/c\/img\/favicon.png?sn=PT38094&amp;sd=2026-09-02\" \/> View original content to download multimedia:<a id=\"PRNURL\" rel=\"nofollow\" href=\"https:\/\/www.prnewswire.com\/br\/comunicados-para-a-imprensa\/a-btl-estabelece-uma-nova-divisao-de-lasers-e-apresenta-o-exolase-one--o-primeiro-laser-de-erbio-integrado-do-mundo-302867959.html\" target=\"_blank\">https:\/\/www.prnewswire.com\/br\/comunicados-para-a-imprensa\/a-btl-estabelece-uma-nova-divisao-de-lasers-e-apresenta-o-exolase-one&#8211;o-primeiro-laser-de-erbio-integrado-do-mundo-302867959.html<\/a><\/p>\n<p>FONTE BTL<\/p>\n<\/div>\n<p>  <img decoding=\"async\" alt=\"\" src=\"https:\/\/rt.prnewswire.com\/rt.gif?NewsItemId=PT38094&amp;Transmission_Id=202609021241PR_NEWS_LATAM____PT38094&amp;DateId=20260902\" style=\"border:0px;width:1px;height:1px\" \/><\/p>\n<p><strong>T\u00f3picos Relacionados:<\/strong> Novos Produtos\/Servi\u00e7os, Fitness \/ Bem-estar, M\u00e9dico \/ Farmac\u00eautico, Equipamento M\u00e9dico, STEM (Ci\u00eancia, Tecnologia, Engenharia, Matem\u00e1tica), Computador\/Eletr\u00f4nica, Cosm\u00e9ticos e Cuidados Pessoais, Sa\u00fade\/Hospitais<\/p>\n<p>A <b>OESP<\/b> n\u00e3o \u00e9(s\u00e3o) respons\u00e1vel(is) por erros, incorre\u00e7\u00f5es, atrasos ou quaisquer decis\u00f5es tomadas por seus clientes com base nos Conte\u00fados ora disponibilizados, bem como tais Conte\u00fados n\u00e3o representam a opini\u00e3o da <b>OESP<\/b> e s\u00e3o de inteira responsabilidade da <b>PR Newswire Ltda<\/b><\/p>\n","protected":false},"excerpt":{"rendered":"Tecnologia patenteada funde m\u00faltiplos comprimentos de onda em um \u00fanico feixe para estabelecer um novo padr\u00e3o de tratamento para o rejuvenescimento facial a laser. PRAGA, 2 de setembro de 2026","protected":false},"author":1,"featured_media":138049,"comment_status":"open","ping_status":"closed","sticky":false,"template":"","format":"standard","meta":{"_acf_changed":false,"inline_featured_image":false,"_monsterinsights_skip_tracking":false,"_monsterinsights_sitenote_active":false,"_monsterinsights_sitenote_note":"","_monsterinsights_sitenote_category":0,"footnotes":""},"categories":[27],"tags":[3529,12914,12913],"class_list":["post-138048","post","type-post","status-publish","format-standard","has-post-thumbnail","hentry","category-prnewswire","tag-a-btl","tag-anunciou-hoje-um-marco-importante-em-sua-historia-corporativa-o-estabelecimento-oficial-de-s","tag-lider-global-em-tecnologias-medicas-e-esteticas-avancadas-baseadas-em-energia"],"acf":[],"_links":{"self":[{"href":"https:\/\/bluestudio.estadao.com.br\/agencia-de-comunicacao\/wp-json\/wp\/v2\/posts\/138048","targetHints":{"allow":["GET"]}}],"collection":[{"href":"https:\/\/bluestudio.estadao.com.br\/agencia-de-comunicacao\/wp-json\/wp\/v2\/posts"}],"about":[{"href":"https:\/\/bluestudio.estadao.com.br\/agencia-de-comunicacao\/wp-json\/wp\/v2\/types\/post"}],"author":[{"embeddable":true,"href":"https:\/\/bluestudio.estadao.com.br\/agencia-de-comunicacao\/wp-json\/wp\/v2\/users\/1"}],"replies":[{"embeddable":true,"href":"https:\/\/bluestudio.estadao.com.br\/agencia-de-comunicacao\/wp-json\/wp\/v2\/comments?post=138048"}],"version-history":[{"count":0,"href":"https:\/\/bluestudio.estadao.com.br\/agencia-de-comunicacao\/wp-json\/wp\/v2\/posts\/138048\/revisions"}],"wp:featuredmedia":[{"embeddable":true,"href":"https:\/\/bluestudio.estadao.com.br\/agencia-de-comunicacao\/wp-json\/wp\/v2\/media\/138049"}],"wp:attachment":[{"href":"https:\/\/bluestudio.estadao.com.br\/agencia-de-comunicacao\/wp-json\/wp\/v2\/media?parent=138048"}],"wp:term":[{"taxonomy":"category","embeddable":true,"href":"https:\/\/bluestudio.estadao.com.br\/agencia-de-comunicacao\/wp-json\/wp\/v2\/categories?post=138048"},{"taxonomy":"post_tag","embeddable":true,"href":"https:\/\/bluestudio.estadao.com.br\/agencia-de-comunicacao\/wp-json\/wp\/v2\/tags?post=138048"}],"curies":[{"name":"wp","href":"https:\/\/api.w.org\/{rel}","templated":true}]}}