{"id":138022,"date":"2026-09-02T10:50:00","date_gmt":"2026-09-02T13:50:00","guid":{"rendered":"https:\/\/bluestudio.estadao.com.br\/agencia-de-comunicacao\/knewin-dino\/buyco-assessora-venda-de-participacao-na-rede-samonte\/"},"modified":"2026-09-02T10:50:00","modified_gmt":"2026-09-02T13:50:00","slug":"buyco-assessora-venda-de-participacao-na-rede-samonte","status":"publish","type":"post","link":"https:\/\/bluestudio.estadao.com.br\/agencia-de-comunicacao\/knewin-dino\/buyco-assessora-venda-de-participacao-na-rede-samonte\/","title":{"rendered":"BuyCo assessora venda de participa\u00e7\u00e3o na Rede Samonte"},"content":{"rendered":"<p>Os s\u00f3cios Vantuir Candido da Silva e Edelenne Tomas de Faria Silva conclu\u00edram uma opera\u00e7\u00e3o de venda parcial de suas participa\u00e7\u00f5es societ\u00e1rias na <a href=\"https:\/\/www.instagram.com\/redesamonte_sam\/\" target=\"_blank\">Rede Samonte Drogarias<\/a>. A transa\u00e7\u00e3o de\u00a0<a href=\"https:\/\/buyco.com.br\/blog\/ma-tudo-que-voce-precisa-saber\" target=\"_blank\">fus\u00f5es e aquisi\u00e7\u00f5es (M&amp;A)<\/a> foi assessorada pela\u00a0<a href=\"https:\/\/buyco.com.br\/\" target=\"_blank\">BuyCo<\/a>, empresa especializada em\u00a0<a href=\"https:\/\/www.buyco.com.br\/avaliar\" target=\"_blank\">valuation<\/a>, M&amp;A e estrutura\u00e7\u00e3o financeira para <a href=\"https:\/\/www.sebrae.com.br\/sites\/PortalSebrae\/artigos\/o-que-sao-pequenas-e-medias-empresas,983be9f99da60710VgnVCM1000004c00210aRCRD\" target=\"_blank\">pequenas e m\u00e9dias empresas (PMEs)<\/a>.<\/p>\n<p>A opera\u00e7\u00e3o representa o encerramento de um importante ciclo profissional para os s\u00f3cios vendedores, constru\u00eddo ao longo de anos de dedica\u00e7\u00e3o \u00e0 trajet\u00f3ria da Rede Samonte Drogarias, e marca o in\u00edcio de uma nova etapa, com novos projetos e possibilidades.<\/p>\n<p>\u201cA venda da nossa participa\u00e7\u00e3o societ\u00e1ria na Rede Samonte representa o encerramento de um ciclo muito importante das nossas vidas. Foi uma decis\u00e3o amadurecida com cuidado, depois de uma trajet\u00f3ria constru\u00edda com muito trabalho, dedica\u00e7\u00e3o e muitos desafios. Agora, seguimos para uma nova etapa, levando conosco a experi\u00eancia e tudo o que constru\u00edmos ao longo desses anos\u201d, afirmam Vantuir e Edilenne.<\/p>\n<p>A transa\u00e7\u00e3o envolveu a transfer\u00eancia das participa\u00e7\u00f5es societ\u00e1rias detidas pelos dois s\u00f3cios vendedores para um novo s\u00f3cio, interessado na presen\u00e7a regional, na for\u00e7a da marca e no potencial de desenvolvimento da Rede Samonte Drogarias.<\/p>\n<p>\u201cA Rede Samonte re\u00fane marca, presen\u00e7a regional e potencial de expans\u00e3o, caracter\u00edsticas que foram relevantes para a decis\u00e3o de aquisi\u00e7\u00e3o das participa\u00e7\u00f5es societ\u00e1rias. A entrada na opera\u00e7\u00e3o est\u00e1 alinhada \u00e0 nossa estrat\u00e9gia de atuar em um novo mercado e desenvolver o neg\u00f3cio em sua pr\u00f3xima etapa\u201d, ressalta o comprador.<\/p>\n<p>O movimento ocorre em um contexto no qual empres\u00e1rios de pequenas e m\u00e9dias empresas t\u00eam buscado alternativas para\u00a0<a href=\"https:\/\/buyco.com.br\/empresa-familiar\/\" target=\"_blank\">sucess\u00e3o empresarial<\/a>, obten\u00e7\u00e3o de liquidez, reorganiza\u00e7\u00e3o societ\u00e1ria e encerramento de ciclos empresariais. Em muitos casos, a\u00a0<a href=\"https:\/\/www.buyco.com.br\/vender\" target=\"_blank\">venda de participa\u00e7\u00f5es societ\u00e1rias<\/a> permite que os s\u00f3cios capturem o valor constru\u00eddo ao longo dos anos, enquanto o neg\u00f3cio continua operando sob uma nova configura\u00e7\u00e3o societ\u00e1ria.<\/p>\n<p>Para empres\u00e1rios que pesquisam como vender uma participa\u00e7\u00e3o em uma empresa, casos como o da Rede Samonte Drogarias mostram que a decis\u00e3o costuma envolver mais do que encontrar um comprador. A prepara\u00e7\u00e3o dos dados, o alinhamento entre os s\u00f3cios, o valuation, a negocia\u00e7\u00e3o do pre\u00e7o e a estrutura de pagamento influenciam diretamente a condu\u00e7\u00e3o da transa\u00e7\u00e3o.<\/p>\n<p>A opera\u00e7\u00e3o n\u00e3o representou a venda integral da Rede Samonte Drogarias. A empresa permanece em atividade e segue sua trajet\u00f3ria, agora com uma nova configura\u00e7\u00e3o societ\u00e1ria e com a perman\u00eancia dos demais s\u00f3cios que j\u00e1 integravam sua estrutura.<\/p>\n<p>Para a BuyCo, opera\u00e7\u00f5es dessa natureza demonstram que a venda de uma participa\u00e7\u00e3o societ\u00e1ria pode ser uma alternativa estrat\u00e9gica para empres\u00e1rios que desejam realizar o valor constru\u00eddo ao longo de sua trajet\u00f3ria, sem necessariamente interromper a continuidade do neg\u00f3cio.<\/p>\n<p>No caso da Rede Samonte, a condu\u00e7\u00e3o da opera\u00e7\u00e3o envolveu a organiza\u00e7\u00e3o das informa\u00e7\u00f5es da empresa, a an\u00e1lise e a estrutura\u00e7\u00e3o das participa\u00e7\u00f5es societ\u00e1rias, a negocia\u00e7\u00e3o das condi\u00e7\u00f5es comerciais e a defini\u00e7\u00e3o da estrutura da transa\u00e7\u00e3o.<\/p>\n<p>\u201cA opera\u00e7\u00e3o exigiu alinhamento entre as partes, organiza\u00e7\u00e3o das informa\u00e7\u00f5es e uma condu\u00e7\u00e3o cuidadosa da negocia\u00e7\u00e3o. Em uma venda parcial de participa\u00e7\u00f5es societ\u00e1rias, \u00e9 fundamental compreender os interesses dos envolvidos e estruturar uma opera\u00e7\u00e3o que fa\u00e7a sentido tanto para os s\u00f3cios vendedores quanto para o novo s\u00f3cio\u201d, assinala\u00a0<a href=\"https:\/\/br.linkedin.com\/in\/paulo-fernando-de-mendon%C3%A7a-578b5211a\" target=\"_blank\">Paulo Mendon\u00e7a<\/a>, assessor de M&amp;A da BuyCo.<\/p>\n<p>A decis\u00e3o de Vantuir e Edilenne est\u00e1 relacionada a um movimento de transi\u00e7\u00e3o profissional e \u00e0 busca por novos projetos, ao mesmo tempo em que a Rede Samonte Drogarias mant\u00e9m sua opera\u00e7\u00e3o e d\u00e1 continuidade \u00e0 sua trajet\u00f3ria empresarial.<\/p>\n<p>Segundo\u00a0<a href=\"https:\/\/br.linkedin.com\/in\/rafaela-rossi-buyco\" target=\"_blank\">Rafaela Rossi<\/a>, CBO da BuyCo, a venda de uma participa\u00e7\u00e3o societ\u00e1ria pode representar uma alternativa para empres\u00e1rios que desejam iniciar um novo ciclo profissional, preservando a continuidade do neg\u00f3cio e o valor constru\u00eddo ao longo dos anos.<\/p>\n<p>\u201cCada opera\u00e7\u00e3o tem uma din\u00e2mica pr\u00f3pria. Quando um s\u00f3cio decide vender sua participa\u00e7\u00e3o, o processo envolve n\u00e3o apenas aspectos financeiros, mas tamb\u00e9m planejamento, negocia\u00e7\u00e3o e uma estrutura\u00e7\u00e3o societ\u00e1ria adequada para que a transi\u00e7\u00e3o aconte\u00e7a de forma organizada\u201d, avalia.<\/p>\n<p>A opera\u00e7\u00e3o envolvendo Vantuir e Edilenne refor\u00e7a a import\u00e2ncia da assessoria especializada em processos de M&amp;A e de venda de participa\u00e7\u00f5es societ\u00e1rias, especialmente em empresas de m\u00e9dio porte, nas quais quest\u00f5es financeiras, societ\u00e1rias e estrat\u00e9gicas precisam ser avaliadas de forma integrada.<\/p>\n<p>Para os s\u00f3cios vendedores, ficam o reconhecimento de uma trajet\u00f3ria constru\u00edda ao longo dos anos e a perspectiva de novos caminhos profissionais. A Rede Samonte Drogarias, por sua vez, permanece em opera\u00e7\u00e3o e d\u00e1 continuidade \u00e0 sua trajet\u00f3ria empresarial sob a nova composi\u00e7\u00e3o societ\u00e1ria.<\/p>\n<p>Para saber mais, basta acessar\u00a0<a href=\"https:\/\/buyco.com.br\" target=\"_blank\">https:\/\/buyco.com.br<\/a>.<\/p>\n<p>Website: <a href=\"https:\/\/buyco.com.br\" target=\"_blank\">https:\/\/buyco.com.br<\/a><\/p>\n<p>Foto: Reprodu\u00e7\u00e3o BuyCo<\/p>\n<p>A <b>OESP<\/b> n\u00e3o \u00e9(s\u00e3o) respons\u00e1vel(is) por erros, incorre\u00e7\u00f5es, atrasos ou quaisquer decis\u00f5es tomadas por seus clientes com base nos Conte\u00fados ora disponibilizados, bem como tais Conte\u00fados n\u00e3o representam a opini\u00e3o da <b>OESP<\/b> e s\u00e3o de inteira responsabilidade da <b>Knewin Dino<\/b><\/p>\n","protected":false},"excerpt":{"rendered":"Os s\u00f3cios Vantuir Candido da Silva e Edelenne Tomas de Faria Silva conclu\u00edram uma opera\u00e7\u00e3o de venda parcial de suas participa\u00e7\u00f5es societ\u00e1rias na Rede Samonte Drogarias. A transa\u00e7\u00e3o","protected":false},"author":1,"featured_media":138023,"comment_status":"open","ping_status":"closed","sticky":false,"template":"","format":"standard","meta":{"_acf_changed":false,"inline_featured_image":false,"_monsterinsights_skip_tracking":false,"_monsterinsights_sitenote_active":false,"_monsterinsights_sitenote_note":"","_monsterinsights_sitenote_category":0,"footnotes":""},"categories":[11470],"tags":[12400,101,12391,12403,300],"class_list":["post-138022","post","type-post","status-publish","format-standard","has-post-thumbnail","hentry","category-knewin-dino","tag-atacado-e-varejo","tag-economia","tag-empreendedorismo","tag-executivo","tag-negocios"],"acf":[],"_links":{"self":[{"href":"https:\/\/bluestudio.estadao.com.br\/agencia-de-comunicacao\/wp-json\/wp\/v2\/posts\/138022","targetHints":{"allow":["GET"]}}],"collection":[{"href":"https:\/\/bluestudio.estadao.com.br\/agencia-de-comunicacao\/wp-json\/wp\/v2\/posts"}],"about":[{"href":"https:\/\/bluestudio.estadao.com.br\/agencia-de-comunicacao\/wp-json\/wp\/v2\/types\/post"}],"author":[{"embeddable":true,"href":"https:\/\/bluestudio.estadao.com.br\/agencia-de-comunicacao\/wp-json\/wp\/v2\/users\/1"}],"replies":[{"embeddable":true,"href":"https:\/\/bluestudio.estadao.com.br\/agencia-de-comunicacao\/wp-json\/wp\/v2\/comments?post=138022"}],"version-history":[{"count":0,"href":"https:\/\/bluestudio.estadao.com.br\/agencia-de-comunicacao\/wp-json\/wp\/v2\/posts\/138022\/revisions"}],"wp:featuredmedia":[{"embeddable":true,"href":"https:\/\/bluestudio.estadao.com.br\/agencia-de-comunicacao\/wp-json\/wp\/v2\/media\/138023"}],"wp:attachment":[{"href":"https:\/\/bluestudio.estadao.com.br\/agencia-de-comunicacao\/wp-json\/wp\/v2\/media?parent=138022"}],"wp:term":[{"taxonomy":"category","embeddable":true,"href":"https:\/\/bluestudio.estadao.com.br\/agencia-de-comunicacao\/wp-json\/wp\/v2\/categories?post=138022"},{"taxonomy":"post_tag","embeddable":true,"href":"https:\/\/bluestudio.estadao.com.br\/agencia-de-comunicacao\/wp-json\/wp\/v2\/tags?post=138022"}],"curies":[{"name":"wp","href":"https:\/\/api.w.org\/{rel}","templated":true}]}}